{"id":16879,"date":"2023-01-12T16:56:28","date_gmt":"2023-01-12T16:56:28","guid":{"rendered":"http:\/\/sindiquimicabr.com.br\/?p=16879"},"modified":"2023-01-12T17:07:12","modified_gmt":"2023-01-12T17:07:12","slug":"inss-confirma-pagamento-da-primeira-parcela-do-13o-em-agosto","status":"publish","type":"post","link":"http:\/\/sindiquimicabr.com.br\/index.php\/2023\/01\/12\/inss-confirma-pagamento-da-primeira-parcela-do-13o-em-agosto\/","title":{"rendered":"INSS confirma pagamento da primeira parcela do 13\u00ba em agosto"},"content":{"rendered":"<h4 class=\"td-post-sub-title\">Muitos aposentados e pensionistas acreditam que haver\u00e1 uma antecipa\u00e7\u00e3o como vem acontecendo desde 2020. No entanto, para isso acontecer,\u00a0 \u00e9 necess\u00e1rio que o novo governo do presidente Luiz In\u00e1cio Lula da Silva (PT) antecipe o abono em 2023<\/h4>\n<p><a href=\"http:\/\/sindiquimicabr.com.br\/wp\/wp-content\/uploads\/2023\/01\/INSS-confirma-pagamento-da-primeira-parcela-do-13o-em-agosto.jpg\"><img decoding=\"async\" loading=\"lazy\" class=\"alignleft size-full wp-image-16882\" src=\"http:\/\/sindiquimicabr.com.br\/wp\/wp-content\/uploads\/2023\/01\/INSS-confirma-pagamento-da-primeira-parcela-do-13o-em-agosto.jpg\" alt=\"\" width=\"1200\" height=\"750\" srcset=\"http:\/\/sindiquimicabr.com.br\/wp\/wp-content\/uploads\/2023\/01\/INSS-confirma-pagamento-da-primeira-parcela-do-13o-em-agosto.jpg 1200w, http:\/\/sindiquimicabr.com.br\/wp\/wp-content\/uploads\/2023\/01\/INSS-confirma-pagamento-da-primeira-parcela-do-13o-em-agosto-300x188.jpg 300w, http:\/\/sindiquimicabr.com.br\/wp\/wp-content\/uploads\/2023\/01\/INSS-confirma-pagamento-da-primeira-parcela-do-13o-em-agosto-1024x640.jpg 1024w, http:\/\/sindiquimicabr.com.br\/wp\/wp-content\/uploads\/2023\/01\/INSS-confirma-pagamento-da-primeira-parcela-do-13o-em-agosto-768x480.jpg 768w\" sizes=\"(max-width: 1200px) 100vw, 1200px\" \/><\/a><\/p>\n<p>De acordo com o Instituto Nacional do Seguro Social (INSS), a primeira parcela do <a href=\"https:\/\/www.jornalcontabil.com.br\/13o-salario-do-inss-liberado-calendario-de-pagamentos-de-2023\/\" target=\"_blank\" rel=\"noreferrer noopener\">13\u00ba sal\u00e1rio <\/a>ser\u00e1 pago aos aposentados e pensionistas a partir do dia 25 de agosto de 2023.<\/p>\n<p>Sendo assim, os aposentados e pensionistas j\u00e1 podem consultar as datas de dep\u00f3sito do 13\u00ba sal\u00e1rio de 2023.<\/p>\n<p><strong>Leia Tamb\u00e9m:<\/strong> <strong><a href=\"https:\/\/www.jornalcontabil.com.br\/quais-as-regras-da-aposentadoria-por-invalidez-e-quem-tem-direito\/\" target=\"_blank\" rel=\"noreferrer noopener\">Quais as regras da aposentadoria por invalidez e quem tem direito?<\/a><\/strong><\/p>\n<p>Muitos aposentados e pensionistas acreditam que haver\u00e1 uma antecipa\u00e7\u00e3o como vem acontecendo desde 2020. No entanto, para isso acontecer,\u00a0 \u00e9 necess\u00e1rio que o novo governo do presidente Luiz In\u00e1cio Lula da Silva (PT) antecipe o abono em 2023.<\/p>\n<p>O pagamento do 13\u00ba sal\u00e1rio do INSS para 2023 seguir\u00e1 o que determina o Decreto 10.410 de junho de 2020, que estabelece os seguintes prazos:<\/p>\n<p>A primeira parcela dever\u00e1 ser paga em agosto, quando os segurados receber\u00e3o 50% do valor do benef\u00edcio. A segunda parcela corresponder\u00e1 \u00e0 diferen\u00e7a entre o valor total do abono anual e o valor da primeira parcela e ser\u00e1 paga com os benef\u00edcios da compet\u00eancia de novembro.<\/p>\n<p>Para saber o dia exato que voc\u00ea receber\u00e1 o benef\u00edcio, dever\u00e1 verificar o n\u00famero do benef\u00edcio (NB) que possui dez d\u00edgitos no formato: 999.983.891-2. Neste caso, \u00e9 necess\u00e1rio considerar o pen\u00faltimo n\u00famero que fica antes do d\u00edgito.<\/p>\n<h4 id=\"h-confira-o-calendario-de-pagamento-da-primeira-parcela-do-13\u00ba-salario-do-inss\">Confira o calend\u00e1rio de pagamento da primeira parcela do 13\u00ba sal\u00e1rio do INSS<\/h4>\n<p><strong>Para quem receber um sal\u00e1rio m\u00ednimo<\/strong><\/p>\n<ul>\n<li>Final 1: recebe dia 25 de agosto<\/li>\n<li>Final 2: recebe dia 28 de agosto<\/li>\n<li>Final 3: recebe dia 29 de agosto<\/li>\n<li>Final 4: recebe dia 30 de agosto<\/li>\n<li>Final 5: recebe dia 31 de agosto<\/li>\n<li>Final 6: recebe dia 1\u00ba de setembro<\/li>\n<li>Final 7: recebe dia 4 de setembro<\/li>\n<li>Final 8: recebe dia 5 de setembro<\/li>\n<li>Final 9: recebe dia 6 de setembro<\/li>\n<li>Final 0: recebe dia 8 de setembro<\/li>\n<\/ul>\n<p><strong>Para quem recebe acima de um sal\u00e1rio m\u00ednimo<\/strong><\/p>\n<ul>\n<li>Final 1 e 6: recebe dia 1\u00ba de setembro<\/li>\n<li>Final 2 e 7: recebe dia 4 de setembro<\/li>\n<li>Final 3 e 8: recebe dia 5 de setembro<\/li>\n<li>Final 4 e 9: recebe dia 6 de setembro<\/li>\n<li>Final 5 e 0: recebe dia 8 de setembro<\/li>\n<\/ul>\n<p><strong><em>J\u00e1 a segunda parcela do 13\u00ba sal\u00e1rio do INSS come\u00e7ar\u00e1 a ser pago a patir do dia 24 de novembro de 2023. Confira as datas de pagamento:<\/em><\/strong><\/p>\n<p><strong>Para quem ganha um sal\u00e1rio m\u00ednimo:<\/strong><\/p>\n<ul>\n<li>Final 1: recebe dia 24 de novembro<\/li>\n<li>Final 2: recebe dia 27 de novembro<\/li>\n<li>Final 3: recebe dia 28 de novembro<\/li>\n<li>Final 4: recebe dia 29 de novembro<\/li>\n<li>Final 5: recebe dia 30 de novembro<\/li>\n<li>Final 6: recebe dia 1\u00ba de dezembro<\/li>\n<li>Final 7: recebe dia 4 de dezembro<\/li>\n<li>Final 8: recebe dia 5 de dezembro<\/li>\n<li>Final 9: recebe dia 6 de dezembro<\/li>\n<li>Final 0: recebe dia 7 de dezembro<\/li>\n<\/ul>\n<p><strong>Para quem ganha mais de um sal\u00e1rio<\/strong><\/p>\n<ul>\n<li>Final 1 e 6: recebe dia 1\u00ba de dezembro<\/li>\n<li>Final 2 e 7: recebe dia 4 de dezembro<\/li>\n<li>Final 3 e 8: recebe dia 5 de dezembro<\/li>\n<li>Final 4 e 9: recebe dia 6 de dezembro<\/li>\n<li>Final 5 e 0: recebe dia 7 de dezembro.<\/li>\n<\/ul>\n<p>Fonte: <a href=\"https:\/\/www.jornalcontabil.com.br\/inss-confirma-pagamento-da-primeira-parcela-do-13o-em-agosto\/\" target=\"_blank\" rel=\"noopener\">Jornal Cont\u00e1bil<\/a><\/p>\n","protected":false},"excerpt":{"rendered":"<p>Muitos aposentados e pensionistas acreditam que haver\u00e1 uma antecipa\u00e7\u00e3o como vem acontecendo desde 2020. No entanto, para isso acontecer,\u00a0 \u00e9 necess\u00e1rio que o novo governo do presidente Luiz In\u00e1cio Lula da Silva (PT) antecipe o abono em 2023 De acordo com o Instituto Nacional do Seguro Social (INSS), a primeira parcela do 13\u00ba sal\u00e1rio ser\u00e1<a class=\"moretag\" href=\"http:\/\/sindiquimicabr.com.br\/index.php\/2023\/01\/12\/inss-confirma-pagamento-da-primeira-parcela-do-13o-em-agosto\/\"> [&#8230;]<\/a><\/p>\n","protected":false},"author":2,"featured_media":16882,"comment_status":"closed","ping_status":"closed","sticky":false,"template":"","format":"standard","meta":[],"categories":[9],"tags":[],"_links":{"self":[{"href":"http:\/\/sindiquimicabr.com.br\/index.php\/wp-json\/wp\/v2\/posts\/16879"}],"collection":[{"href":"http:\/\/sindiquimicabr.com.br\/index.php\/wp-json\/wp\/v2\/posts"}],"about":[{"href":"http:\/\/sindiquimicabr.com.br\/index.php\/wp-json\/wp\/v2\/types\/post"}],"author":[{"embeddable":true,"href":"http:\/\/sindiquimicabr.com.br\/index.php\/wp-json\/wp\/v2\/users\/2"}],"replies":[{"embeddable":true,"href":"http:\/\/sindiquimicabr.com.br\/index.php\/wp-json\/wp\/v2\/comments?post=16879"}],"version-history":[{"count":2,"href":"http:\/\/sindiquimicabr.com.br\/index.php\/wp-json\/wp\/v2\/posts\/16879\/revisions"}],"predecessor-version":[{"id":16883,"href":"http:\/\/sindiquimicabr.com.br\/index.php\/wp-json\/wp\/v2\/posts\/16879\/revisions\/16883"}],"wp:featuredmedia":[{"embeddable":true,"href":"http:\/\/sindiquimicabr.com.br\/index.php\/wp-json\/wp\/v2\/media\/16882"}],"wp:attachment":[{"href":"http:\/\/sindiquimicabr.com.br\/index.php\/wp-json\/wp\/v2\/media?parent=16879"}],"wp:term":[{"taxonomy":"category","embeddable":true,"href":"http:\/\/sindiquimicabr.com.br\/index.php\/wp-json\/wp\/v2\/categories?post=16879"},{"taxonomy":"post_tag","embeddable":true,"href":"http:\/\/sindiquimicabr.com.br\/index.php\/wp-json\/wp\/v2\/tags?post=16879"}],"curies":[{"name":"wp","href":"https:\/\/api.w.org\/{rel}","templated":true}]}}