{"id":16884,"date":"2023-01-12T17:02:55","date_gmt":"2023-01-12T17:02:55","guid":{"rendered":"http:\/\/sindiquimicabr.com.br\/?p=16884"},"modified":"2023-01-12T17:06:56","modified_gmt":"2023-01-12T17:06:56","slug":"seguro-desemprego-ja-tem-novo-valor-a-partir-deste-mes","status":"publish","type":"post","link":"http:\/\/sindiquimicabr.com.br\/index.php\/2023\/01\/12\/seguro-desemprego-ja-tem-novo-valor-a-partir-deste-mes\/","title":{"rendered":"Seguro-desemprego j\u00e1 tem novo valor a partir deste m\u00eas"},"content":{"rendered":"<h4 class=\"td-post-sub-title\">O seguro-desemprego \u00e9 ajustado anualmente com base na infla\u00e7\u00e3o e corre\u00e7\u00e3o do sal\u00e1rio m\u00ednimo<\/h4>\n<p><a href=\"http:\/\/sindiquimicabr.com.br\/wp\/wp-content\/uploads\/2023\/01\/Seguro-desemprego-ja-tem-novo-valor-a-partir-deste-mes.jpg\"><img decoding=\"async\" loading=\"lazy\" class=\"alignleft size-full wp-image-16887\" src=\"http:\/\/sindiquimicabr.com.br\/wp\/wp-content\/uploads\/2023\/01\/Seguro-desemprego-ja-tem-novo-valor-a-partir-deste-mes.jpg\" alt=\"\" width=\"1200\" height=\"750\" srcset=\"http:\/\/sindiquimicabr.com.br\/wp\/wp-content\/uploads\/2023\/01\/Seguro-desemprego-ja-tem-novo-valor-a-partir-deste-mes.jpg 1200w, http:\/\/sindiquimicabr.com.br\/wp\/wp-content\/uploads\/2023\/01\/Seguro-desemprego-ja-tem-novo-valor-a-partir-deste-mes-300x188.jpg 300w, http:\/\/sindiquimicabr.com.br\/wp\/wp-content\/uploads\/2023\/01\/Seguro-desemprego-ja-tem-novo-valor-a-partir-deste-mes-1024x640.jpg 1024w, http:\/\/sindiquimicabr.com.br\/wp\/wp-content\/uploads\/2023\/01\/Seguro-desemprego-ja-tem-novo-valor-a-partir-deste-mes-768x480.jpg 768w\" sizes=\"(max-width: 1200px) 100vw, 1200px\" \/><\/a><\/p>\n<p>Caso voc\u00ea tenha feito seu pedido de <a href=\"https:\/\/www.jornalcontabil.com.br\/seguro-desemprego-podera-subir-para-8-parcelas-em-2023\/\" target=\"_blank\" rel=\"noreferrer noopener\">seguro-desemprego <\/a>a partir desta quarta-feira (11) j\u00e1 ter\u00e1 o benef\u00edcio com o valor reajustado, que passar\u00e1 a ser de R$ 1.302 (igual ao piso nacional).<\/p>\n<h4 id=\"h-os-valores\">Os valores<\/h4>\n<p>O seguro-desemprego \u00e9 ajustado anualmente com base na infla\u00e7\u00e3o e corre\u00e7\u00e3o do sal\u00e1rio-m\u00ednimo. O valor \u00e9 o resultado da m\u00e9dia salarial recebida nos \u00faltimos tr\u00eas meses trabalhados. Em 2023, os valores pagos s\u00e3o:<\/p>\n<p><strong>Valor m\u00ednimo <\/strong>R$ 1.302;<\/p>\n<p><strong>Valor m\u00e1ximo<\/strong> R$ 2.230,97<\/p>\n<p>O trabalhador recebe o seguro-desemprego de acordo com a m\u00e9dia de seus sal\u00e1rios nos tr\u00eas meses anteriores.<\/p>\n<p>Toda vez que o sal\u00e1rio m\u00ednimo \u00e9 reajustado, tamb\u00e9m os valores do seguro-desemprego passam por mudan\u00e7as.<\/p>\n<p>O cidad\u00e3o n\u00e3o pode receber o seguro-desemprego com um valor menor que o do sal\u00e1rio m\u00ednimo vigente.<\/p>\n<h4>Nova tabela de valores do seguro-desemprego<\/h4>\n<p>Para que voc\u00ea saiba o valor que vai receber de seguro-desemprego, precisa fazer uma verifica\u00e7\u00e3o na tabela de benef\u00edcio. Lembrando que cada faixa salarial tem uma regra espec\u00edfica.<\/p>\n<figure class=\"wp-block-table\">\n<table>\n<thead>\n<tr>\n<th>Faixas de sal\u00e1rio m\u00e9dio<\/th>\n<th>Valor da parcela<\/th>\n<\/tr>\n<\/thead>\n<tbody>\n<tr>\n<td>At\u00e9 R$ 1.968,36<\/td>\n<td>Multiplica-se sal\u00e1rio m\u00e9dio\u00a0por 0,8 (80%)<\/td>\n<\/tr>\n<tr>\n<td>De R$ 1.968,37 at\u00e9 R$ 3.280,93<\/td>\n<td>O que exceder a R$ 1.968,37 multiplica-se por 0,5 (50%)\u00a0e soma-se com R$ 1.574,69<\/td>\n<\/tr>\n<tr>\n<td>Acima de R$ 3.280,93<\/td>\n<td>O valor ser\u00e1 invari\u00e1vel de R$ 2.230,97<\/td>\n<\/tr>\n<tr>\n<td><\/td>\n<td>O valor da parcela n\u00e3o pode ser inferior ao sal\u00e1rio m\u00ednimo vigente (R$ 1.302,00)<\/td>\n<\/tr>\n<\/tbody>\n<\/table>\n<\/figure>\n<h4>Quem tem direito ao seguro-desemprego?<\/h4>\n<p><strong><em>Para receber o seguro-desemprego \u00e9 preciso estar cumprindo os seguintes requisitos:<\/em><\/strong><\/p>\n<ul>\n<li>Ter sido demitido do trabalho sem justa causa;<\/li>\n<li>Estar desempregado quando for solicitar o benef\u00edcio;<\/li>\n<li>N\u00e3o possuir outra fonte de renda pr\u00f3pria de qualquer natureza;<\/li>\n<li>N\u00e3o receber nenhum benef\u00edcio do INSS, com exce\u00e7\u00e3o do aux\u00edlio-acidente e pens\u00e3o por morte;<\/li>\n<li>Para cada solicita\u00e7\u00e3o do seguro-desemprego, o trabalhador tem de ter cumprido um per\u00edodo de trabalho:<\/li>\n<li>1\u00aa solicita\u00e7\u00e3o: pelo menos doze meses nos \u00faltimos 18 (dezoito) meses anteriores \u00e0 data de demiss\u00e3o;<\/li>\n<li>2\u00ba solicita\u00e7\u00e3o: pelo menos nove meses nos \u00faltimos 12 (doze) meses anteriores \u00e0 data de demiss\u00e3o;<\/li>\n<li>3\u00ba solicita\u00e7\u00e3o em diante: os seis meses anteriores \u00e0 data de demiss\u00e3o.<\/li>\n<\/ul>\n<h4>Como solicitar o benef\u00edcio?<\/h4>\n<ul>\n<li>O trabalhador solicita o benef\u00edcio nas Superintend\u00eancias Regionais do Trabalho e Emprego (SRTE), Secretaria Especial da Previd\u00eancia e Trabalho (SEPT), Sistema Nacional de Emprego (SINE) e outros postos credenciados pelo Minist\u00e9rio do Trabalho e Previd\u00eancia ou:<\/li>\n<li>Portal Gov.br.<\/li>\n<li>Aplicativo Carteira de Trabalho Digital, nas vers\u00f5es Android ou iOS.<\/li>\n<li>Presencialmente, nas unidades das Superintend\u00eancias Regionais do Trabalho, ap\u00f3s agendamento de atendimento pela central 158.<\/li>\n<\/ul>\n<h4>Saque do seguro-desemprego<\/h4>\n<p>O benef\u00edcio ser\u00e1 creditado automaticamente na conta informada quando do requerimento, seja na Caixa Econ\u00f4mica Federal ou em outra Institui\u00e7\u00e3o Financeira.<br \/>\nO cr\u00e9dito para outras institui\u00e7\u00f5es financeiras ocorrer\u00e1 por meio de Transfer\u00eancia Eletr\u00f4nica de Valores \u2013 TED.<br \/>\nSe voc\u00ea n\u00e3o tiver indicado conta para cr\u00e9dito do benef\u00edcio quando do requerimento, ser\u00e1 selecionada conta Caixa de forma autom\u00e1tica, desde que a conta seja individual, independentemente de autoriza\u00e7\u00e3o pr\u00e9via.<\/p>\n<p>Fonte: <a href=\"https:\/\/www.jornalcontabil.com.br\/seguro-desemprego-ja-tem-novo-valor-a-partir-deste-mes\/\" target=\"_blank\" rel=\"noopener\">Jornal Cont\u00e1bil<\/a><\/p>\n","protected":false},"excerpt":{"rendered":"<p>O seguro-desemprego \u00e9 ajustado anualmente com base na infla\u00e7\u00e3o e corre\u00e7\u00e3o do sal\u00e1rio m\u00ednimo Caso voc\u00ea tenha feito seu pedido de seguro-desemprego a partir desta quarta-feira (11) j\u00e1 ter\u00e1 o benef\u00edcio com o valor reajustado, que passar\u00e1 a ser de R$ 1.302 (igual ao piso nacional). Os valores O seguro-desemprego \u00e9 ajustado anualmente com base<a class=\"moretag\" href=\"http:\/\/sindiquimicabr.com.br\/index.php\/2023\/01\/12\/seguro-desemprego-ja-tem-novo-valor-a-partir-deste-mes\/\"> [&#8230;]<\/a><\/p>\n","protected":false},"author":2,"featured_media":16887,"comment_status":"closed","ping_status":"closed","sticky":false,"template":"","format":"standard","meta":[],"categories":[2],"tags":[],"_links":{"self":[{"href":"http:\/\/sindiquimicabr.com.br\/index.php\/wp-json\/wp\/v2\/posts\/16884"}],"collection":[{"href":"http:\/\/sindiquimicabr.com.br\/index.php\/wp-json\/wp\/v2\/posts"}],"about":[{"href":"http:\/\/sindiquimicabr.com.br\/index.php\/wp-json\/wp\/v2\/types\/post"}],"author":[{"embeddable":true,"href":"http:\/\/sindiquimicabr.com.br\/index.php\/wp-json\/wp\/v2\/users\/2"}],"replies":[{"embeddable":true,"href":"http:\/\/sindiquimicabr.com.br\/index.php\/wp-json\/wp\/v2\/comments?post=16884"}],"version-history":[{"count":2,"href":"http:\/\/sindiquimicabr.com.br\/index.php\/wp-json\/wp\/v2\/posts\/16884\/revisions"}],"predecessor-version":[{"id":16888,"href":"http:\/\/sindiquimicabr.com.br\/index.php\/wp-json\/wp\/v2\/posts\/16884\/revisions\/16888"}],"wp:featuredmedia":[{"embeddable":true,"href":"http:\/\/sindiquimicabr.com.br\/index.php\/wp-json\/wp\/v2\/media\/16887"}],"wp:attachment":[{"href":"http:\/\/sindiquimicabr.com.br\/index.php\/wp-json\/wp\/v2\/media?parent=16884"}],"wp:term":[{"taxonomy":"category","embeddable":true,"href":"http:\/\/sindiquimicabr.com.br\/index.php\/wp-json\/wp\/v2\/categories?post=16884"},{"taxonomy":"post_tag","embeddable":true,"href":"http:\/\/sindiquimicabr.com.br\/index.php\/wp-json\/wp\/v2\/tags?post=16884"}],"curies":[{"name":"wp","href":"https:\/\/api.w.org\/{rel}","templated":true}]}}