{"id":16920,"date":"2023-01-19T11:12:10","date_gmt":"2023-01-19T11:12:10","guid":{"rendered":"http:\/\/sindiquimicabr.com.br\/?p=16920"},"modified":"2023-01-23T15:14:43","modified_gmt":"2023-01-23T15:14:43","slug":"caixa-paga-bolsa-familia-a-beneficiarios-de-nis-com-final-2","status":"publish","type":"post","link":"http:\/\/sindiquimicabr.com.br\/index.php\/2023\/01\/19\/caixa-paga-bolsa-familia-a-beneficiarios-de-nis-com-final-2\/","title":{"rendered":"Caixa paga Bolsa Fam\u00edlia a benefici\u00e1rios de NIS com final 2"},"content":{"rendered":"<h4 class=\"col-10 offset-1 animated fadeInDown dealy-900 display-8 display-md-8 alt-font font-italic my-1 text-center\">Adicional de R$ 150 come\u00e7ar\u00e1 a ser pago em mar\u00e7o<\/h4>\n<div id=\"attachment_16921\" style=\"width: 1180px\" class=\"wp-caption alignleft\"><a href=\"http:\/\/sindiquimicabr.com.br\/wp\/wp-content\/uploads\/2023\/01\/Caixa-paga-Bolsa-Familia-a-beneficiarios-de-NIS-com-final-2.jpg\"><img aria-describedby=\"caption-attachment-16921\" decoding=\"async\" loading=\"lazy\" class=\"size-full wp-image-16921\" src=\"http:\/\/sindiquimicabr.com.br\/wp\/wp-content\/uploads\/2023\/01\/Caixa-paga-Bolsa-Familia-a-beneficiarios-de-NIS-com-final-2.jpg\" alt=\"\" width=\"1170\" height=\"700\" srcset=\"http:\/\/sindiquimicabr.com.br\/wp\/wp-content\/uploads\/2023\/01\/Caixa-paga-Bolsa-Familia-a-beneficiarios-de-NIS-com-final-2.jpg 1170w, http:\/\/sindiquimicabr.com.br\/wp\/wp-content\/uploads\/2023\/01\/Caixa-paga-Bolsa-Familia-a-beneficiarios-de-NIS-com-final-2-300x179.jpg 300w, http:\/\/sindiquimicabr.com.br\/wp\/wp-content\/uploads\/2023\/01\/Caixa-paga-Bolsa-Familia-a-beneficiarios-de-NIS-com-final-2-1024x613.jpg 1024w, http:\/\/sindiquimicabr.com.br\/wp\/wp-content\/uploads\/2023\/01\/Caixa-paga-Bolsa-Familia-a-beneficiarios-de-NIS-com-final-2-768x459.jpg 768w\" sizes=\"(max-width: 1170px) 100vw, 1170px\" \/><\/a><p id=\"caption-attachment-16921\" class=\"wp-caption-text\">Dinheiro, Real Moeda brasileira<\/p><\/div>\n<div class=\"post-item alt-font\">\n<div class=\"post-item-wrap\">\n<p>A Caixa Econ\u00f4mica Federal paga <span id=\"OBJ_PREFIX_DWT135_com_zimbra_date\" role=\"link\">hoje<\/span> (19) a parcela<span id=\"OBJ_PREFIX_DWT136_com_zimbra_date\" role=\"link\"> de janeiro<\/span> do Bolsa Fam\u00edlia aos benefici\u00e1rios com N\u00famero de Inscri\u00e7\u00e3o Social (NIS) com final 2. O valor m\u00ednimo corresponde a R$ 600.<img decoding=\"async\" src=\"https:\/\/agenciabrasil.ebc.com.br\/ebc.png?id=1505070&amp;o=node\" \/><img decoding=\"async\" src=\"https:\/\/agenciabrasil.ebc.com.br\/ebc.gif?id=1505070&amp;o=node\" \/><\/p>\n<p>Segundo o Minist\u00e9rio do Desenvolvimento e Assist\u00eancia Social, neste m\u00eas o programa de transfer\u00eancia de renda do governo federal alcan\u00e7ar\u00e1 21,9 milh\u00f5es de fam\u00edlias, com um gasto de R$ 13,38 bilh\u00f5es. O valor m\u00e9dio recebido por fam\u00edlia equivale a R$ 614,21.<\/p>\n<p>A partir deste m\u00eas, o programa social volta a ser Bolsa Fam\u00edlia. O valor m\u00ednimo de R$ 600 foi garantido ap\u00f3s a aprova\u00e7\u00e3o da Emenda Constitucional da Transi\u00e7\u00e3o, que permitiu o gasto de at\u00e9 R$ 145 bilh\u00f5es fora do teto de gastos neste ano, dos quais R$ 70 bilh\u00f5es est\u00e3o destinados a custear o benef\u00edcio.<\/p>\n<h4>Compromisso<\/h4>\n<p>Em publica\u00e7\u00e3o nas redes sociais, o presidente Luiz In\u00e1cio Lula da Silva escreveu que a manuten\u00e7\u00e3o da parcela m\u00ednima segue o compromisso estabelecido entre o novo governo e o Congresso Nacional. \u201cCome\u00e7aremos o pagamento de R$ 600 para fam\u00edlias benefici\u00e1rias. Compromisso firmado durante a campanha e que conseguimos gra\u00e7as a PEC [Proposta de Emenda Constitucional] que aprovamos ainda na transi\u00e7\u00e3o, j\u00e1 que o valor n\u00e3o tinha sido previsto no or\u00e7amento pelo governo anterior\u201d, postou o presidente.<\/p>\n<p>O pagamento do adicional de R$ 150 para fam\u00edlias com crian\u00e7as de at\u00e9 seis anos ainda n\u00e3o come\u00e7ou. Na semana passada, o ministro do Desenvolvimento e Assist\u00eancia Social, Wellington Dias, afirmou que o valor extra s\u00f3 come\u00e7ar\u00e1 a ser pago em mar\u00e7o, ap\u00f3s o governo fazer um pente-fino no Cadastro \u00danico para Programas Sociais do Governo Federal (Cad\u00danico), para eliminar fraudes.<\/p>\n<p>No modelo tradicional do Bolsa Fam\u00edlia, o pagamento ocorre nos \u00faltimos dez dias \u00fateis de cada m\u00eas. O benefici\u00e1rio poder\u00e1 consultar informa\u00e7\u00f5es sobre as datas de pagamento, o valor do benef\u00edcio e a composi\u00e7\u00e3o das parcelas no aplicativo Caixa Tem, usado para acompanhar as contas poupan\u00e7a digitais do banco.<\/p>\n<div class=\"dnd-widget-wrapper context-cheio_8colunas type-image\">\n<div class=\"dnd-atom-rendered\">\n<div class=\"shadow overflow-hidden rounded-lg d-block zoom-on-hover-sm shadow-hover w-100\"><img decoding=\"async\" class=\"flex-fill img-cover\" title=\"Minist\u00e9rio do Desenvolvimento Social e Combate \u00e0 Fome\" src=\"https:\/\/imagens.ebc.com.br\/QYjl1OagWUuxrbt3mEkIZWeBGtw=\/754x0\/smart\/https:\/\/agenciabrasil.ebc.com.br\/sites\/default\/files\/thumbnails\/image\/calendario_bolsa_familia_janeiro_2023.jpg?itok=gvhr8-lx\" alt=\"Calend\u00e1rio Bolsa Fam\u00edlia de Janeiro de 2023\" \/><\/div>\n<\/div>\n<div class=\"dnd-caption-wrapper\">\n<div class=\"meta\">Calend\u00e1rio Bolsa Fam\u00edlia de Janeiro de 2023 &#8211; <strong>Minist\u00e9rio do Desenvolvimento Social e Combate \u00e0 Fome<\/strong><\/div>\n<\/div>\n<\/div>\n<h4>Aux\u00edlio G\u00e1s<\/h4>\n<p>Neste m\u00eas n\u00e3o haver\u00e1 o pagamento do Aux\u00edlio G\u00e1s, que beneficia fam\u00edlias cadastradas no Cad\u00danico. Como o benef\u00edcio s\u00f3 \u00e9 pago a cada dois meses, o pagamento voltar\u00e1 em fevereiro.<\/p>\n<p>S\u00f3 pode receber o Aux\u00edlio G\u00e1s quem est\u00e1 inclu\u00eddo no Cad\u00danico e tenha pelo menos um membro da fam\u00edlia que receba o Benef\u00edcio de Presta\u00e7\u00e3o Continuada (BPC). A lei que criou o programa definiu que a mulher respons\u00e1vel pela fam\u00edlia <span id=\"OBJ_PREFIX_DWT137_com_zimbra_date\" role=\"link\">ter<\/span>\u00e1 prefer\u00eancia, assim como mulheres v\u00edtimas de viol\u00eancia <span id=\"OBJ_PREFIX_DWT138_com_zimbra_date\" role=\"link\">dom<\/span>\u00e9stica.<\/p>\n<\/div>\n<p class=\"alt-font font-italic my-2 small text-info\">Edi\u00e7\u00e3o: Kleber Sampaio<\/p>\n<p>Fonte: <a href=\"https:\/\/agenciabrasil.ebc.com.br\/economia\/noticia\/2023-01\/caixa-paga-bolsa-familia-beneficiarios-de-nis-com-final-2\" target=\"_blank\" rel=\"noopener\">Ag\u00eancia Brasil<\/a><\/p>\n<\/div>\n","protected":false},"excerpt":{"rendered":"<p>Adicional de R$ 150 come\u00e7ar\u00e1 a ser pago em mar\u00e7o A Caixa Econ\u00f4mica Federal paga hoje (19) a parcela de janeiro do Bolsa Fam\u00edlia aos benefici\u00e1rios com N\u00famero de Inscri\u00e7\u00e3o Social (NIS) com final 2. O valor m\u00ednimo corresponde a R$ 600. Segundo o Minist\u00e9rio do Desenvolvimento e Assist\u00eancia Social, neste m\u00eas o programa de<a class=\"moretag\" href=\"http:\/\/sindiquimicabr.com.br\/index.php\/2023\/01\/19\/caixa-paga-bolsa-familia-a-beneficiarios-de-nis-com-final-2\/\"> [&#8230;]<\/a><\/p>\n","protected":false},"author":2,"featured_media":16921,"comment_status":"closed","ping_status":"closed","sticky":false,"template":"","format":"standard","meta":[],"categories":[9],"tags":[],"_links":{"self":[{"href":"http:\/\/sindiquimicabr.com.br\/index.php\/wp-json\/wp\/v2\/posts\/16920"}],"collection":[{"href":"http:\/\/sindiquimicabr.com.br\/index.php\/wp-json\/wp\/v2\/posts"}],"about":[{"href":"http:\/\/sindiquimicabr.com.br\/index.php\/wp-json\/wp\/v2\/types\/post"}],"author":[{"embeddable":true,"href":"http:\/\/sindiquimicabr.com.br\/index.php\/wp-json\/wp\/v2\/users\/2"}],"replies":[{"embeddable":true,"href":"http:\/\/sindiquimicabr.com.br\/index.php\/wp-json\/wp\/v2\/comments?post=16920"}],"version-history":[{"count":1,"href":"http:\/\/sindiquimicabr.com.br\/index.php\/wp-json\/wp\/v2\/posts\/16920\/revisions"}],"predecessor-version":[{"id":16922,"href":"http:\/\/sindiquimicabr.com.br\/index.php\/wp-json\/wp\/v2\/posts\/16920\/revisions\/16922"}],"wp:featuredmedia":[{"embeddable":true,"href":"http:\/\/sindiquimicabr.com.br\/index.php\/wp-json\/wp\/v2\/media\/16921"}],"wp:attachment":[{"href":"http:\/\/sindiquimicabr.com.br\/index.php\/wp-json\/wp\/v2\/media?parent=16920"}],"wp:term":[{"taxonomy":"category","embeddable":true,"href":"http:\/\/sindiquimicabr.com.br\/index.php\/wp-json\/wp\/v2\/categories?post=16920"},{"taxonomy":"post_tag","embeddable":true,"href":"http:\/\/sindiquimicabr.com.br\/index.php\/wp-json\/wp\/v2\/tags?post=16920"}],"curies":[{"name":"wp","href":"https:\/\/api.w.org\/{rel}","templated":true}]}}