{"id":16933,"date":"2023-01-23T15:08:28","date_gmt":"2023-01-23T15:08:28","guid":{"rendered":"http:\/\/sindiquimicabr.com.br\/?p=16933"},"modified":"2023-01-23T15:14:32","modified_gmt":"2023-01-23T15:14:32","slug":"justica-prorroga-uso-da-forca-nacional-em-brasilia-ate-4-de-fevereiro","status":"publish","type":"post","link":"http:\/\/sindiquimicabr.com.br\/index.php\/2023\/01\/23\/justica-prorroga-uso-da-forca-nacional-em-brasilia-ate-4-de-fevereiro\/","title":{"rendered":"Justi\u00e7a prorroga uso da For\u00e7a Nacional em Bras\u00edlia at\u00e9 4 de fevereiro"},"content":{"rendered":"<h4 class=\"col-10 offset-1 animated fadeInDown dealy-900 display-8 display-md-8 alt-font font-italic my-1 text-center\">Portaria foi publicada hoje no Di\u00e1rio Oficial da Uni\u00e3o<\/h4>\n<p><a href=\"http:\/\/sindiquimicabr.com.br\/wp\/wp-content\/uploads\/2023\/01\/Justica-prorroga-uso-da-Forca-Nacional-em-Brasilia-ate-4-de-fevereiro.jpg\"><img decoding=\"async\" loading=\"lazy\" class=\"size-full wp-image-16934\" src=\"http:\/\/sindiquimicabr.com.br\/wp\/wp-content\/uploads\/2023\/01\/Justica-prorroga-uso-da-Forca-Nacional-em-Brasilia-ate-4-de-fevereiro.jpg\" alt=\"\" width=\"1170\" height=\"700\" srcset=\"http:\/\/sindiquimicabr.com.br\/wp\/wp-content\/uploads\/2023\/01\/Justica-prorroga-uso-da-Forca-Nacional-em-Brasilia-ate-4-de-fevereiro.jpg 1170w, http:\/\/sindiquimicabr.com.br\/wp\/wp-content\/uploads\/2023\/01\/Justica-prorroga-uso-da-Forca-Nacional-em-Brasilia-ate-4-de-fevereiro-300x179.jpg 300w, http:\/\/sindiquimicabr.com.br\/wp\/wp-content\/uploads\/2023\/01\/Justica-prorroga-uso-da-Forca-Nacional-em-Brasilia-ate-4-de-fevereiro-1024x613.jpg 1024w, http:\/\/sindiquimicabr.com.br\/wp\/wp-content\/uploads\/2023\/01\/Justica-prorroga-uso-da-Forca-Nacional-em-Brasilia-ate-4-de-fevereiro-768x459.jpg 768w\" sizes=\"(max-width: 1170px) 100vw, 1170px\" \/><\/a><\/p>\n<div class=\"post-item alt-font\">\n<div class=\"post-item-wrap\">\n<p>Portaria publicada hoje (23) no <em>Di\u00e1rio Oficial da Uni\u00e3o (DOU)<\/em> prorroga at\u00e9 o dia 4 de fevereiro o uso da For\u00e7a Nacional no Distrito Federal.<img decoding=\"async\" src=\"https:\/\/agenciabrasil.ebc.com.br\/ebc.png?id=1505574&amp;o=node\" \/><img decoding=\"async\" src=\"https:\/\/agenciabrasil.ebc.com.br\/ebc.gif?id=1505574&amp;o=node\" \/><\/p>\n<p>A <a href=\"https:\/\/www.in.gov.br\/web\/dou\/-\/portaria-mjsp-n-286-de-19-de-janeiro-de-2023-459250601\" target=\"_blank\" rel=\"noopener\">Portaria 286<\/a>, assinada pelo ministro da Justi\u00e7a e Seguran\u00e7a P\u00fablica, Fl\u00e1vio Dino, disp\u00f5e que os militares auxiliem na prote\u00e7\u00e3o da ordem p\u00fablica e do patrim\u00f4nio p\u00fablico e privado entre a Rodovi\u00e1ria de Bras\u00edlia e a Pra\u00e7a dos Tr\u00eas Poderes, assim como na prote\u00e7\u00e3o de outros bens da Uni\u00e3o situados em Bras\u00edlia.<\/p>\n<p>A medida \u00e9 mais um desdobramento preventivo ap\u00f3s os <a href=\"https:\/\/agenciabrasil.ebc.com.br\/tags\/atos-antidemocraticos\" target=\"_blank\" rel=\"noopener\">atos de vandalismo registrados no dia 8 de janeiro<\/a>, na capital, quando radicais de extrema-direita invadiram e depredaram o Pal\u00e1cio do Planalto e os pr\u00e9dios do Congresso Nacional e do Supremo Tribunal Federal (STF).<\/p>\n<\/div>\n<p class=\"alt-font font-italic my-2 small text-info\">Edi\u00e7\u00e3o: Fernando Fraga<\/p>\n<p>Fonte: <a href=\"https:\/\/agenciabrasil.ebc.com.br\/politica\/noticia\/2023-01\/justica-prorroga-uso-da-forca-nacional-em-brasilia-ate-4-de-fevereiro\" target=\"_blank\" rel=\"noopener\">Ag\u00eancia Brasil<\/a><\/p>\n<\/div>\n","protected":false},"excerpt":{"rendered":"<p>Portaria foi publicada hoje no Di\u00e1rio Oficial da Uni\u00e3o Portaria publicada hoje (23) no Di\u00e1rio Oficial da Uni\u00e3o (DOU) prorroga at\u00e9 o dia 4 de fevereiro o uso da For\u00e7a Nacional no Distrito Federal. A Portaria 286, assinada pelo ministro da Justi\u00e7a e Seguran\u00e7a P\u00fablica, Fl\u00e1vio Dino, disp\u00f5e que os militares auxiliem na prote\u00e7\u00e3o da<a class=\"moretag\" href=\"http:\/\/sindiquimicabr.com.br\/index.php\/2023\/01\/23\/justica-prorroga-uso-da-forca-nacional-em-brasilia-ate-4-de-fevereiro\/\"> [&#8230;]<\/a><\/p>\n","protected":false},"author":2,"featured_media":0,"comment_status":"closed","ping_status":"closed","sticky":false,"template":"","format":"standard","meta":[],"categories":[10],"tags":[],"_links":{"self":[{"href":"http:\/\/sindiquimicabr.com.br\/index.php\/wp-json\/wp\/v2\/posts\/16933"}],"collection":[{"href":"http:\/\/sindiquimicabr.com.br\/index.php\/wp-json\/wp\/v2\/posts"}],"about":[{"href":"http:\/\/sindiquimicabr.com.br\/index.php\/wp-json\/wp\/v2\/types\/post"}],"author":[{"embeddable":true,"href":"http:\/\/sindiquimicabr.com.br\/index.php\/wp-json\/wp\/v2\/users\/2"}],"replies":[{"embeddable":true,"href":"http:\/\/sindiquimicabr.com.br\/index.php\/wp-json\/wp\/v2\/comments?post=16933"}],"version-history":[{"count":1,"href":"http:\/\/sindiquimicabr.com.br\/index.php\/wp-json\/wp\/v2\/posts\/16933\/revisions"}],"predecessor-version":[{"id":16935,"href":"http:\/\/sindiquimicabr.com.br\/index.php\/wp-json\/wp\/v2\/posts\/16933\/revisions\/16935"}],"wp:attachment":[{"href":"http:\/\/sindiquimicabr.com.br\/index.php\/wp-json\/wp\/v2\/media?parent=16933"}],"wp:term":[{"taxonomy":"category","embeddable":true,"href":"http:\/\/sindiquimicabr.com.br\/index.php\/wp-json\/wp\/v2\/categories?post=16933"},{"taxonomy":"post_tag","embeddable":true,"href":"http:\/\/sindiquimicabr.com.br\/index.php\/wp-json\/wp\/v2\/tags?post=16933"}],"curies":[{"name":"wp","href":"https:\/\/api.w.org\/{rel}","templated":true}]}}