{"id":16941,"date":"2023-01-23T15:14:08","date_gmt":"2023-01-23T15:14:08","guid":{"rendered":"http:\/\/sindiquimicabr.com.br\/?p=16941"},"modified":"2023-01-23T15:14:10","modified_gmt":"2023-01-23T15:14:10","slug":"lula-se-reune-hoje-com-presidente-argentino-e-cita-parceria-antiga","status":"publish","type":"post","link":"http:\/\/sindiquimicabr.com.br\/index.php\/2023\/01\/23\/lula-se-reune-hoje-com-presidente-argentino-e-cita-parceria-antiga\/","title":{"rendered":"Lula se re\u00fane hoje com presidente argentino e cita parceria antiga"},"content":{"rendered":"<h4 class=\"col-10 offset-1 animated fadeInDown dealy-900 display-8 display-md-8 alt-font font-italic my-1 text-center\">Presidente quer aprofundar coopera\u00e7\u00e3o pelo desenvolvimento da regi\u00e3o<\/h4>\n<p><a href=\"http:\/\/sindiquimicabr.com.br\/wp\/wp-content\/uploads\/2023\/01\/Lula-se-reune-hoje-com-presidente-argentino-e-cita-parceria-antiga.jpg\"><img decoding=\"async\" loading=\"lazy\" class=\"alignleft size-full wp-image-16943\" src=\"http:\/\/sindiquimicabr.com.br\/wp\/wp-content\/uploads\/2023\/01\/Lula-se-reune-hoje-com-presidente-argentino-e-cita-parceria-antiga.jpg\" alt=\"\" width=\"1170\" height=\"700\" srcset=\"http:\/\/sindiquimicabr.com.br\/wp\/wp-content\/uploads\/2023\/01\/Lula-se-reune-hoje-com-presidente-argentino-e-cita-parceria-antiga.jpg 1170w, http:\/\/sindiquimicabr.com.br\/wp\/wp-content\/uploads\/2023\/01\/Lula-se-reune-hoje-com-presidente-argentino-e-cita-parceria-antiga-300x179.jpg 300w, http:\/\/sindiquimicabr.com.br\/wp\/wp-content\/uploads\/2023\/01\/Lula-se-reune-hoje-com-presidente-argentino-e-cita-parceria-antiga-1024x613.jpg 1024w, http:\/\/sindiquimicabr.com.br\/wp\/wp-content\/uploads\/2023\/01\/Lula-se-reune-hoje-com-presidente-argentino-e-cita-parceria-antiga-768x459.jpg 768w\" sizes=\"(max-width: 1170px) 100vw, 1170px\" \/><\/a><\/p>\n<div class=\"post-item alt-font\">\n<div class=\"post-item-wrap\">\n<p>O presidente Luiz In\u00e1cio Lula da Silva se re\u00fane hoje (23) com o presidente da Argentina, Alberto Fern\u00e1ndez, em Buenos Aires. O encontro foi confirmado pelo pr\u00f3prio Lula em seu perfil na rede social Twitter e deve acontecer at\u00e9 o\u00a0fim da manh\u00e3.<img decoding=\"async\" src=\"https:\/\/agenciabrasil.ebc.com.br\/ebc.png?id=1505577&amp;o=node\" \/><img decoding=\"async\" src=\"https:\/\/agenciabrasil.ebc.com.br\/ebc.gif?id=1505577&amp;o=node\" \/><\/p>\n<p>Tamb\u00e9m est\u00e3o\u00a0previstas para esta segunda-feira a assinatura de atos bilaterais e uma declara\u00e7\u00e3o conjunta \u00e0 imprensa na Casa Rosada, sede do governo argentino. \u00c0 tarde, ainda em Buenos Aires, Lula participa de encontro com empres\u00e1rios locais e se re\u00fane com o presidente da Venezuela, Nicol\u00e1s Maduro.<\/p>\n<div class=\"twitter-tweet twitter-tweet-rendered\"><iframe id=\"twitter-widget-0\" class=\"\" title=\"Twitter Tweet\" src=\"https:\/\/platform.twitter.com\/embed\/Tweet.html?creatorScreenName=agenciabrasil&amp;dnt=false&amp;embedId=twitter-widget-0&amp;features=eyJ0ZndfdGltZWxpbmVfbGlzdCI6eyJidWNrZXQiOltdLCJ2ZXJzaW9uIjpudWxsfSwidGZ3X2ZvbGxvd2VyX2NvdW50X3N1bnNldCI6eyJidWNrZXQiOnRydWUsInZlcnNpb24iOm51bGx9LCJ0ZndfaG9yaXpvbl90aW1lbGluZV8xMjAzNCI6eyJidWNrZXQiOiJ0cmVhdG1lbnQiLCJ2ZXJzaW9uIjpudWxsfSwidGZ3X3R3ZWV0X2VkaXRfYmFja2VuZCI6eyJidWNrZXQiOiJvbiIsInZlcnNpb24iOm51bGx9LCJ0ZndfcmVmc3JjX3Nlc3Npb24iOnsiYnVja2V0Ijoib24iLCJ2ZXJzaW9uIjpudWxsfSwidGZ3X3Nob3dfYnVzaW5lc3NfdmVyaWZpZWRfYmFkZ2UiOnsiYnVja2V0Ijoib24iLCJ2ZXJzaW9uIjpudWxsfSwidGZ3X2NoaW5fcGlsbHNfMTQ3NDEiOnsiYnVja2V0IjoiY29sb3JfaWNvbnMiLCJ2ZXJzaW9uIjpudWxsfSwidGZ3X3R3ZWV0X3Jlc3VsdF9taWdyYXRpb25fMTM5NzkiOnsiYnVja2V0IjoidHdlZXRfcmVzdWx0IiwidmVyc2lvbiI6bnVsbH0sInRmd19taXhlZF9tZWRpYV8xNTg5NyI6eyJidWNrZXQiOiJ0cmVhdG1lbnQiLCJ2ZXJzaW9uIjpudWxsfSwidGZ3X3NlbnNpdGl2ZV9tZWRpYV9pbnRlcnN0aXRpYWxfMTM5NjMiOnsiYnVja2V0IjoiaW50ZXJzdGl0aWFsIiwidmVyc2lvbiI6bnVsbH0sInRmd19leHBlcmltZW50c19jb29raWVfZXhwaXJhdGlvbiI6eyJidWNrZXQiOjEyMDk2MDAsInZlcnNpb24iOm51bGx9LCJ0ZndfZHVwbGljYXRlX3NjcmliZXNfdG9fc2V0dGluZ3MiOnsiYnVja2V0Ijoib24iLCJ2ZXJzaW9uIjpudWxsfSwidGZ3X3ZpZGVvX2hsc19keW5hbWljX21hbmlmZXN0c18xNTA4MiI6eyJidWNrZXQiOiJ0cnVlX2JpdHJhdGUiLCJ2ZXJzaW9uIjpudWxsfSwidGZ3X3Nob3dfYmx1ZV92ZXJpZmllZF9iYWRnZSI6eyJidWNrZXQiOiJvbiIsInZlcnNpb24iOm51bGx9LCJ0ZndfbGVnYWN5X3RpbWVsaW5lX3N1bnNldCI6eyJidWNrZXQiOnRydWUsInZlcnNpb24iOm51bGx9LCJ0Zndfc2hvd19nb3ZfdmVyaWZpZWRfYmFkZ2UiOnsiYnVja2V0Ijoib24iLCJ2ZXJzaW9uIjpudWxsfSwidGZ3X3Nob3dfYnVzaW5lc3NfYWZmaWxpYXRlX2JhZGdlIjp7ImJ1Y2tldCI6Im9uIiwidmVyc2lvbiI6bnVsbH0sInRmd190d2VldF9lZGl0X2Zyb250ZW5kIjp7ImJ1Y2tldCI6Im9uIiwidmVyc2lvbiI6bnVsbH19&amp;frame=false&amp;hideCard=false&amp;hideThread=false&amp;id=1617471231783014401&amp;lang=pt&amp;origin=https%3A%2F%2Fagenciabrasil.ebc.com.br%2Fpolitica%2Fnoticia%2F2023-01%2Flula-se-reune-hoje-com-presidente-argentino-e-cita-parceria-antiga&amp;sessionId=0f22f2a3139ac5b8ecd9ad5803c3546bbaa681b3&amp;siteScreenName=agenciabrasil&amp;theme=light&amp;widgetsVersion=2b959255e8896%3A1673658205745&amp;width=550px\" frameborder=\"0\" scrolling=\"no\" allowfullscreen=\"allowfullscreen\" data-tweet-id=\"1617471231783014401\" data-mce-fragment=\"1\"><\/iframe><\/div>\n<p>Conforme agenda oficial, amanh\u00e3 (24), o presidente brasileiro participa da 7\u00aa C\u00fapula da\u00a0Comunidade\u00a0de\u00a0Estados Latino-Americanos e Caribenhos (Celac), colegiado do qual o Brasil voltou a integrar ap\u00f3s ter se retirado durante o governo de Jair Bolsonaro.<\/p>\n<p>Na quarta-feira (25), Lula segue para Montevid\u00e9u,\u00a0capital uruguaia, tamb\u00e9m em visita oficial. A agenda no pa\u00eds\u00a0ainda n\u00e3o foi confirmada, mas, al\u00e9m de encontros bilaterais, h\u00e1 a previs\u00e3o de\u00a0um novo encontro com o ex-presidente Jos\u00e9 Pepe Mujica.<\/p>\n<\/div>\n<p class=\"alt-font font-italic my-2 small text-info\">Edi\u00e7\u00e3o: Paula Laboissi\u00e8re<\/p>\n<p>Fonte: <a href=\"https:\/\/agenciabrasil.ebc.com.br\/politica\/noticia\/2023-01\/lula-se-reune-hoje-com-presidente-argentino-e-cita-parceria-antiga\" target=\"_blank\" rel=\"noopener\">Ag\u00eancia Brasil<\/a><\/p>\n<\/div>\n","protected":false},"excerpt":{"rendered":"<p>Presidente quer aprofundar coopera\u00e7\u00e3o pelo desenvolvimento da regi\u00e3o O presidente Luiz In\u00e1cio Lula da Silva se re\u00fane hoje (23) com o presidente da Argentina, Alberto Fern\u00e1ndez, em Buenos Aires. O encontro foi confirmado pelo pr\u00f3prio Lula em seu perfil na rede social Twitter e deve acontecer at\u00e9 o\u00a0fim da manh\u00e3. Tamb\u00e9m est\u00e3o\u00a0previstas para esta segunda-feira<a class=\"moretag\" href=\"http:\/\/sindiquimicabr.com.br\/index.php\/2023\/01\/23\/lula-se-reune-hoje-com-presidente-argentino-e-cita-parceria-antiga\/\"> [&#8230;]<\/a><\/p>\n","protected":false},"author":2,"featured_media":16943,"comment_status":"closed","ping_status":"closed","sticky":false,"template":"","format":"standard","meta":[],"categories":[2],"tags":[],"_links":{"self":[{"href":"http:\/\/sindiquimicabr.com.br\/index.php\/wp-json\/wp\/v2\/posts\/16941"}],"collection":[{"href":"http:\/\/sindiquimicabr.com.br\/index.php\/wp-json\/wp\/v2\/posts"}],"about":[{"href":"http:\/\/sindiquimicabr.com.br\/index.php\/wp-json\/wp\/v2\/types\/post"}],"author":[{"embeddable":true,"href":"http:\/\/sindiquimicabr.com.br\/index.php\/wp-json\/wp\/v2\/users\/2"}],"replies":[{"embeddable":true,"href":"http:\/\/sindiquimicabr.com.br\/index.php\/wp-json\/wp\/v2\/comments?post=16941"}],"version-history":[{"count":1,"href":"http:\/\/sindiquimicabr.com.br\/index.php\/wp-json\/wp\/v2\/posts\/16941\/revisions"}],"predecessor-version":[{"id":16944,"href":"http:\/\/sindiquimicabr.com.br\/index.php\/wp-json\/wp\/v2\/posts\/16941\/revisions\/16944"}],"wp:featuredmedia":[{"embeddable":true,"href":"http:\/\/sindiquimicabr.com.br\/index.php\/wp-json\/wp\/v2\/media\/16943"}],"wp:attachment":[{"href":"http:\/\/sindiquimicabr.com.br\/index.php\/wp-json\/wp\/v2\/media?parent=16941"}],"wp:term":[{"taxonomy":"category","embeddable":true,"href":"http:\/\/sindiquimicabr.com.br\/index.php\/wp-json\/wp\/v2\/categories?post=16941"},{"taxonomy":"post_tag","embeddable":true,"href":"http:\/\/sindiquimicabr.com.br\/index.php\/wp-json\/wp\/v2\/tags?post=16941"}],"curies":[{"name":"wp","href":"https:\/\/api.w.org\/{rel}","templated":true}]}}