{"id":17086,"date":"2023-02-23T18:32:21","date_gmt":"2023-02-23T18:32:21","guid":{"rendered":"http:\/\/sindiquimicabr.com.br\/?p=17086"},"modified":"2023-02-23T18:33:37","modified_gmt":"2023-02-23T18:33:37","slug":"cut-defende-salario-minimo-de-r-1-38271","status":"publish","type":"post","link":"http:\/\/sindiquimicabr.com.br\/index.php\/2023\/02\/23\/cut-defende-salario-minimo-de-r-1-38271\/","title":{"rendered":"CUT defende sal\u00e1rio m\u00ednimo de R$ 1.382,71"},"content":{"rendered":"<h4 class=\"dd-m-text dd-m-text--big font-MerriWeather\">Em nota, S\u00e9rgio Nobre, presidente da Central \u00danica dos Trabalhadores (CUT), diz que sal\u00e1rio m\u00ednimo deveria ter uma valoriza\u00e7\u00e3o de 6,2%<\/h4>\n<p><a href=\"http:\/\/sindiquimicabr.com.br\/wp\/wp-content\/uploads\/2023\/02\/CUT-defende-salario-minimo-de-R-1.38271.jpg\"><img decoding=\"async\" loading=\"lazy\" class=\"size-full wp-image-17088 alignnone\" src=\"http:\/\/sindiquimicabr.com.br\/wp\/wp-content\/uploads\/2023\/02\/CUT-defende-salario-minimo-de-R-1.38271.jpg\" alt=\"\" width=\"700\" height=\"460\" srcset=\"http:\/\/sindiquimicabr.com.br\/wp\/wp-content\/uploads\/2023\/02\/CUT-defende-salario-minimo-de-R-1.38271.jpg 700w, http:\/\/sindiquimicabr.com.br\/wp\/wp-content\/uploads\/2023\/02\/CUT-defende-salario-minimo-de-R-1.38271-300x197.jpg 300w\" sizes=\"(max-width: 700px) 100vw, 700px\" \/><\/a><\/p>\n<div class=\"dd-m-editor\">\n<p>O governo Lula em tentativa de repara\u00e7\u00e3o do desmonte orquestrado pelos governos Temer e Bolsonaro, divulgou aumento do sal\u00e1rio m\u00ednimo para R$ 1.320,00, a vigorar a partir de maio.<\/p>\n<p>O sal\u00e1rio m\u00ednimo valorizado \u00e9 o maior instrumento para se diminuir a desigualdade social, apontar para o crescimento do pa\u00eds e remunerar corretamente a for\u00e7a de trabalho.<\/p>\n<p>A Central \u00danica dos Trabalhadores, que conhece os direitos e representa a maioria dos trabalhadores e trabalhadoras brasileiros, sabe que esse aumento n\u00e3o \u00e9 o esperado nem suficiente.<\/p>\n<p>A CUT estuda a fundo, de forma t\u00e9cnica, todos as vari\u00e1veis que influenciam e afetam a vida do trabalhador. Os c\u00e1lculos do DIEESE mostram que, se o Programa de Valoriza\u00e7\u00e3o do Sal\u00e1rio M\u00ednimo n\u00e3o tivesse sido interrompido, hoje valor deveria ser de R$ 1.382,71. O que significa uma valoriza\u00e7\u00e3o de 6,2%.<\/p>\n<p>A retomada do crescimento econ\u00f4mico s\u00f3 se dar\u00e1 com uma pol\u00edtica consistente de valoriza\u00e7\u00e3o salarial. \u00c9 a for\u00e7a dos trabalhadores que movimenta a economia brasileira.<\/p>\n<p>N\u00e3o iremos nos contentar com a proposta atual nem aplaudir quem nos est\u00e1 lesando.<\/p>\n<p>\u00c9 importante deixar claro que a CUT n\u00e3o foi consultada nem ouvida a respeito do novo valor do sal\u00e1rio m\u00ednimo.<\/p>\n<p>A CUT n\u00e3o deixar\u00e1 de defender o trabalhador e seus direitos.<\/p>\n<p>Reafirmamos que R$ 1.382,71 \u00e9 o valor m\u00ednimo que a Central \u00danica dos Trabalhadores defende e pelo qual trabalha.<\/p>\n<p>A CUT segue na luta.<\/p>\n<p><em>S\u00e9rgio Nobre<\/em><\/p>\n<p>Presidente nacional da CUT<\/p>\n<p>Brasil, 16 de fevereiro de 2023<\/p>\n<p>Fonte: <a href=\"https:\/\/www.cut.org.br\/noticias\/cut-defende-salario-minimo-de-r-1-382-71-9efd\" target=\"_blank\" rel=\"noopener\">CUT<\/a><\/p>\n<\/div>\n","protected":false},"excerpt":{"rendered":"<p>Em nota, S\u00e9rgio Nobre, presidente da Central \u00danica dos Trabalhadores (CUT), diz que sal\u00e1rio m\u00ednimo deveria ter uma valoriza\u00e7\u00e3o de 6,2% O governo Lula em tentativa de repara\u00e7\u00e3o do desmonte orquestrado pelos governos Temer e Bolsonaro, divulgou aumento do sal\u00e1rio m\u00ednimo para R$ 1.320,00, a vigorar a partir de maio. O sal\u00e1rio m\u00ednimo valorizado \u00e9<a class=\"moretag\" href=\"http:\/\/sindiquimicabr.com.br\/index.php\/2023\/02\/23\/cut-defende-salario-minimo-de-r-1-38271\/\"> [&#8230;]<\/a><\/p>\n","protected":false},"author":2,"featured_media":17088,"comment_status":"closed","ping_status":"closed","sticky":false,"template":"","format":"standard","meta":[],"categories":[2],"tags":[],"_links":{"self":[{"href":"http:\/\/sindiquimicabr.com.br\/index.php\/wp-json\/wp\/v2\/posts\/17086"}],"collection":[{"href":"http:\/\/sindiquimicabr.com.br\/index.php\/wp-json\/wp\/v2\/posts"}],"about":[{"href":"http:\/\/sindiquimicabr.com.br\/index.php\/wp-json\/wp\/v2\/types\/post"}],"author":[{"embeddable":true,"href":"http:\/\/sindiquimicabr.com.br\/index.php\/wp-json\/wp\/v2\/users\/2"}],"replies":[{"embeddable":true,"href":"http:\/\/sindiquimicabr.com.br\/index.php\/wp-json\/wp\/v2\/comments?post=17086"}],"version-history":[{"count":2,"href":"http:\/\/sindiquimicabr.com.br\/index.php\/wp-json\/wp\/v2\/posts\/17086\/revisions"}],"predecessor-version":[{"id":17089,"href":"http:\/\/sindiquimicabr.com.br\/index.php\/wp-json\/wp\/v2\/posts\/17086\/revisions\/17089"}],"wp:featuredmedia":[{"embeddable":true,"href":"http:\/\/sindiquimicabr.com.br\/index.php\/wp-json\/wp\/v2\/media\/17088"}],"wp:attachment":[{"href":"http:\/\/sindiquimicabr.com.br\/index.php\/wp-json\/wp\/v2\/media?parent=17086"}],"wp:term":[{"taxonomy":"category","embeddable":true,"href":"http:\/\/sindiquimicabr.com.br\/index.php\/wp-json\/wp\/v2\/categories?post=17086"},{"taxonomy":"post_tag","embeddable":true,"href":"http:\/\/sindiquimicabr.com.br\/index.php\/wp-json\/wp\/v2\/tags?post=17086"}],"curies":[{"name":"wp","href":"https:\/\/api.w.org\/{rel}","templated":true}]}}