{"id":17276,"date":"2023-04-17T17:42:56","date_gmt":"2023-04-17T17:42:56","guid":{"rendered":"http:\/\/sindiquimicabr.com.br\/?p=17276"},"modified":"2023-04-25T18:06:13","modified_gmt":"2023-04-25T18:06:13","slug":"proposta-suspende-regras-da-aneel-sobre-micro-e-minigeracao-de-energia","status":"publish","type":"post","link":"http:\/\/sindiquimicabr.com.br\/index.php\/2023\/04\/17\/proposta-suspende-regras-da-aneel-sobre-micro-e-minigeracao-de-energia\/","title":{"rendered":"Proposta suspende regras da Aneel sobre micro e minigera\u00e7\u00e3o de energia"},"content":{"rendered":"<h4 class=\"post-subtitle\">Deputado afirma que a norma da Aneel prejudica os consumidores<\/h4>\n<p><a href=\"http:\/\/sindiquimicabr.com.br\/wp\/wp-content\/uploads\/2023\/04\/Proposta-suspende-regras-da-Aneel-sobre-micro-e-minigeracao-de-energia.jpg\"><img decoding=\"async\" loading=\"lazy\" class=\"alignleft size-full wp-image-17277\" src=\"http:\/\/sindiquimicabr.com.br\/wp\/wp-content\/uploads\/2023\/04\/Proposta-suspende-regras-da-Aneel-sobre-micro-e-minigeracao-de-energia.jpg\" alt=\"\" width=\"1200\" height=\"750\" srcset=\"http:\/\/sindiquimicabr.com.br\/wp\/wp-content\/uploads\/2023\/04\/Proposta-suspende-regras-da-Aneel-sobre-micro-e-minigeracao-de-energia.jpg 1200w, http:\/\/sindiquimicabr.com.br\/wp\/wp-content\/uploads\/2023\/04\/Proposta-suspende-regras-da-Aneel-sobre-micro-e-minigeracao-de-energia-300x188.jpg 300w, http:\/\/sindiquimicabr.com.br\/wp\/wp-content\/uploads\/2023\/04\/Proposta-suspende-regras-da-Aneel-sobre-micro-e-minigeracao-de-energia-1024x640.jpg 1024w, http:\/\/sindiquimicabr.com.br\/wp\/wp-content\/uploads\/2023\/04\/Proposta-suspende-regras-da-Aneel-sobre-micro-e-minigeracao-de-energia-768x480.jpg 768w\" sizes=\"(max-width: 1200px) 100vw, 1200px\" \/><\/a><\/p>\n<p>O Projeto de Decreto Legislativo (PDL) 65\/23 suspende parte da resolu\u00e7\u00e3o da Ag\u00eancia Nacional de Energia El\u00e9trica (Aneel) que alterou as regras sobre conex\u00e3o e faturamento de usinas de micro e minigera\u00e7\u00e3o gera\u00e7\u00e3o distribu\u00edda (Resolu\u00e7\u00e3o Normativa 1.059\/23), publicada em fevereiro deste ano.<\/p>\n<p>A proposta, em tramita\u00e7\u00e3o na C\u00e2mara dos Deputados, \u00e9 do deputado Beto Pereira (PSDB-MS). Segundo ele, os trechos estabelecem \u201ccobran\u00e7as adicionais\u201d n\u00e3o previstas no <a href=\"https:\/\/www2.camara.leg.br\/legin\/fed\/lei\/2022\/lei-14300-6-janeiro-2022-792217-norma-pl.html\" target=\"_blank\" rel=\"noreferrer noopener nofollow\">marco legal da gera\u00e7\u00e3o distribu\u00edda<\/a> aos consumidores que geram a sua pr\u00f3pria energia.<\/p>\n<p>O projeto prev\u00ea a suspens\u00e3o de quatro pontos da resolu\u00e7\u00e3o normativa. Um deles estabelece que os consumidores em baixa tens\u00e3o (grupo B, como os residenciais) que possuem usinas de gera\u00e7\u00e3o distribu\u00edda devem pagar a tarifa de uso do sistema de distribui\u00e7\u00e3o (Tusd).<\/p>\n<p>\u201cTal pagamento \u00e0s distribuidoras desvirtua a proposta do legislador ao criar o marco legal, que buscou reduzir barreiras para o acesso de consumidores de menor porte \u00e0 gera\u00e7\u00e3o pr\u00f3pria\u201d, disse Pereira.<\/p>\n<h4 class=\"wp-block-heading\"><strong>Condi\u00e7\u00f5es<\/strong><\/h4>\n<p>Outro ponto contestado pelo deputado prev\u00ea condi\u00e7\u00f5es espec\u00edficas para que consumidores do grupo A com usinas de gera\u00e7\u00e3o distribu\u00edda possam optar pelo faturamento no grupo B, que apresenta custos menores. O grupo A re\u00fane os consumidores atendidos em alta tens\u00e3o, como empresas e shoppings.<\/p>\n<p>Entre as condi\u00e7\u00f5es est\u00e1 a obriga\u00e7\u00e3o de se enquadrar na modalidade de autoconsumo local. Ou seja, n\u00e3o pode enviar ou receber sobras de energia de outros consumidores. Beto Pereira afirma que essa condi\u00e7\u00e3o n\u00e3o foi prevista no marco legal aprovado pelo Congresso. \u201cPortanto, n\u00e3o possui sustenta\u00e7\u00e3o pr\u00e1tica nem t\u00e9cnica, representando limita\u00e7\u00e3o injustificada \u00e0 gera\u00e7\u00e3o pr\u00f3pria renov\u00e1vel\u201d, disse.<\/p>\n<p>\u201cPermitir que os consumidores sejam t\u00e3o severamente prejudicados por uma norma infralegal em desacordo com as expectativas do legislador \u00e9 inconceb\u00edvel em um pa\u00eds que respeita e honra seus contratos\u201d, concluiu Pereira.<\/p>\n<h4 id=\"h-tramitacao\" class=\"wp-block-heading\"><strong>Tramita\u00e7\u00e3o<\/strong><\/h4>\n<p>O projeto tramita em regime de urg\u00eancia, o que permite sua an\u00e1lise diretamente no Plen\u00e1rio da C\u00e2mara.<\/p>\n<div id=\"dp-h-par2\" class=\"jba\" data-google-query-id=\"CI-qm9G6sf4CFSBNuAQdETsBaw\">\n<div id=\"google_ads_iframe_\/21622511100,248667539\/jornalcontabil.com.br_3__container__\">Fonte: <a href=\"https:\/\/www.jornalcontabil.com.br\/proposta-suspende-regras-da-aneel-sobre-micro-e-minigeracao-de-energia\/\" target=\"_blank\" rel=\"noopener\">Jornal Cont\u00e1bil<\/a><\/div>\n<\/div>\n","protected":false},"excerpt":{"rendered":"<p>Deputado afirma que a norma da Aneel prejudica os consumidores O Projeto de Decreto Legislativo (PDL) 65\/23 suspende parte da resolu\u00e7\u00e3o da Ag\u00eancia Nacional de Energia El\u00e9trica (Aneel) que alterou as regras sobre conex\u00e3o e faturamento de usinas de micro e minigera\u00e7\u00e3o gera\u00e7\u00e3o distribu\u00edda (Resolu\u00e7\u00e3o Normativa 1.059\/23), publicada em fevereiro deste ano. A proposta, em<a class=\"moretag\" href=\"http:\/\/sindiquimicabr.com.br\/index.php\/2023\/04\/17\/proposta-suspende-regras-da-aneel-sobre-micro-e-minigeracao-de-energia\/\"> [&#8230;]<\/a><\/p>\n","protected":false},"author":2,"featured_media":17277,"comment_status":"closed","ping_status":"closed","sticky":false,"template":"","format":"standard","meta":[],"categories":[10],"tags":[],"_links":{"self":[{"href":"http:\/\/sindiquimicabr.com.br\/index.php\/wp-json\/wp\/v2\/posts\/17276"}],"collection":[{"href":"http:\/\/sindiquimicabr.com.br\/index.php\/wp-json\/wp\/v2\/posts"}],"about":[{"href":"http:\/\/sindiquimicabr.com.br\/index.php\/wp-json\/wp\/v2\/types\/post"}],"author":[{"embeddable":true,"href":"http:\/\/sindiquimicabr.com.br\/index.php\/wp-json\/wp\/v2\/users\/2"}],"replies":[{"embeddable":true,"href":"http:\/\/sindiquimicabr.com.br\/index.php\/wp-json\/wp\/v2\/comments?post=17276"}],"version-history":[{"count":1,"href":"http:\/\/sindiquimicabr.com.br\/index.php\/wp-json\/wp\/v2\/posts\/17276\/revisions"}],"predecessor-version":[{"id":17278,"href":"http:\/\/sindiquimicabr.com.br\/index.php\/wp-json\/wp\/v2\/posts\/17276\/revisions\/17278"}],"wp:featuredmedia":[{"embeddable":true,"href":"http:\/\/sindiquimicabr.com.br\/index.php\/wp-json\/wp\/v2\/media\/17277"}],"wp:attachment":[{"href":"http:\/\/sindiquimicabr.com.br\/index.php\/wp-json\/wp\/v2\/media?parent=17276"}],"wp:term":[{"taxonomy":"category","embeddable":true,"href":"http:\/\/sindiquimicabr.com.br\/index.php\/wp-json\/wp\/v2\/categories?post=17276"},{"taxonomy":"post_tag","embeddable":true,"href":"http:\/\/sindiquimicabr.com.br\/index.php\/wp-json\/wp\/v2\/tags?post=17276"}],"curies":[{"name":"wp","href":"https:\/\/api.w.org\/{rel}","templated":true}]}}