{"id":17474,"date":"2023-07-20T12:58:45","date_gmt":"2023-07-20T12:58:45","guid":{"rendered":"http:\/\/sindiquimicabr.com.br\/?p=17474"},"modified":"2023-07-20T13:17:22","modified_gmt":"2023-07-20T13:17:22","slug":"novo-lote-do-ir-sera-liberado-veja-se-voce-esta-na-lista-para-receber","status":"publish","type":"post","link":"http:\/\/sindiquimicabr.com.br\/index.php\/2023\/07\/20\/novo-lote-do-ir-sera-liberado-veja-se-voce-esta-na-lista-para-receber\/","title":{"rendered":"Novo lote do IR ser\u00e1 liberado! Veja se voc\u00ea est\u00e1 na lista para receber!!"},"content":{"rendered":"<h2 class=\"post-subtitle\">Pagamento est\u00e1 programado para o pr\u00f3ximo dia 31. Aprenda a consultar<\/h2>\n<p data-fetch=\"true\">Fica \u00e0 disposi\u00e7\u00e3o dos contribuintes at\u00e9 a pr\u00f3xima segunda-feira, dia 24, a Receita Federal a consulta \u00e0s restitui\u00e7\u00f5es relativas ao <a href=\"https:\/\/www.jornalcontabil.com.br\/veja-como-saber-o-valor-da-restituicao-do-imposto-de-renda-2023\/\" target=\"_blank\" rel=\"noreferrer noopener\">3\u00ba lote do Imposto de Renda (IR) 2023.<\/a> De acordo com o cronograma, o pagamento deste lote ocorre no pr\u00f3ximo dia 31 de julho.<\/p>\n<p>At\u00e9 o momento, dois lotes de restitui\u00e7\u00e3o j\u00e1 foram pagos. O primeiro lote foi disponibilizado para mais de 4,1 milh\u00f5es de contribuintes no dia 31 de maio, enquanto o segundo lote pagou um total de R$ 7,5 bilh\u00f5es para cerca de 5,1 milh\u00f5es de contribuintes no dia 30 de junho.<\/p>\n<h2 id=\"h-como-vou-saber-se-estou-neste-3\u00ba-lote\" class=\"wp-block-heading\">Como vou saber se estou neste 3\u00ba lote?<\/h2>\n<p>A Receita Federal ainda n\u00e3o informou quantas pessoas v\u00e3o receber no terceiro lote de restitui\u00e7\u00e3o do IR 2023. Mas os contribuintes com prioridade legal seguem recebendo a restitui\u00e7\u00e3o antes dos demais.<\/p>\n<p data-fetch=\"true\">S\u00e3o eles: contribuintes idosos com idade igual ou superior a 80 anos, idosos acima de 60, contribuintes com alguma defici\u00eancia f\u00edsica ou mental ou mol\u00e9stia grave e pessoas cuja maior fonte de renda seja o magist\u00e9rio.<\/p>\n<p>Nesta turma entram tamb\u00e9m os que optaram por fazer a declara\u00e7\u00e3o pr\u00e9-preenchida e que pediram a restitui\u00e7\u00e3o via PIX.<\/p>\n<p>Voc\u00ea quer saber como consultar e ver se seu nome est\u00e1 neste lote? Acompanhe a seguir.<\/p>\n<figure class=\"wp-block-image size-large\"><img decoding=\"async\" loading=\"lazy\" class=\"wp-image-355801 alignnone\" src=\"https:\/\/app.jornalcontabil.com.br\/wp-content\/uploads\/2023\/01\/imposto-de-renda-1024x683.jpg\" sizes=\"(max-width: 1024px) 100vw, 1024px\" srcset=\"https:\/\/www.jornalcontabil.com.br\/wp-content\/uploads\/2023\/01\/imposto-de-renda-1024x683.jpg 1024w, https:\/\/www.jornalcontabil.com.br\/wp-content\/uploads\/2023\/01\/imposto-de-renda-300x200.jpg 300w, https:\/\/www.jornalcontabil.com.br\/wp-content\/uploads\/2023\/01\/imposto-de-renda-768x512.jpg 768w, https:\/\/www.jornalcontabil.com.br\/wp-content\/uploads\/2023\/01\/imposto-de-renda-150x100.jpg 150w, https:\/\/www.jornalcontabil.com.br\/wp-content\/uploads\/2023\/01\/imposto-de-renda-696x464.jpg 696w, https:\/\/www.jornalcontabil.com.br\/wp-content\/uploads\/2023\/01\/imposto-de-renda-1068x712.jpg 1068w, https:\/\/www.jornalcontabil.com.br\/wp-content\/uploads\/2023\/01\/imposto-de-renda-630x420.jpg 630w, https:\/\/www.jornalcontabil.com.br\/wp-content\/uploads\/2023\/01\/imposto-de-renda.jpg 1200w\" alt=\"\" width=\"1024\" height=\"683\" \/><figcaption class=\"wp-element-caption\">Doen\u00e7as que podem te ISENTAR da declara\u00e7\u00e3o de Imposto de Renda em 2023<\/figcaption><\/figure>\n<h2 id=\"h-como-consultar-a-restituicao-do-imposto-de-renda\" class=\"wp-block-heading\">Como consultar a restitui\u00e7\u00e3o do Imposto de Renda?<\/h2>\n<p data-fetch=\"true\">Para consultar quando vai receber a restitui\u00e7\u00e3o do imposto de Renda, o contribuinte deve ir ao site Meu Imposto de Renda e na lista de servi\u00e7os clicar em \u201cConsultar a Restitui\u00e7\u00e3o\u201d. Para a consulta simples, basta informar o CPF, ano da declara\u00e7\u00e3o (2022) e a data de nascimento.<\/p>\n<p>Se quiser informa\u00e7\u00f5es mais detalhadas, basta ir ao portal e-CAC. L\u00e1 ser\u00e1 poss\u00edvel saber o status de sua declara\u00e7\u00e3o e ainda descobrir se ficou alguma pend\u00eancia ou diverg\u00eancia e se sua declara\u00e7\u00e3o est\u00e1 na \u2018malha fina\u2019.<\/p>\n<p>No e-Cac ainda \u00e9 poss\u00edvel fazer a retifica\u00e7\u00e3o de eventuais erros encontrados em sua declara\u00e7\u00e3o. Para acessar \u00e9 preciso CPF, c\u00f3digo de acesso (que voc\u00ea mesmo tem de gerar) e senha.<\/p>\n<p>Caso o contribuinte n\u00e3o resgate o valor de sua restitui\u00e7\u00e3o no prazo de 1 (um) ano, dever\u00e1 requer\u00ea-lo pelo Portal e-CAC, dispon\u00edvel no site da Receita Federal, acessando o menu Declara\u00e7\u00f5es e Demonstrativos &gt; Meu Imposto de Renda e clicando em \u201cSolicitar restitui\u00e7\u00e3o n\u00e3o resgatada na rede banc\u00e1ria\u201d.<\/p>\n<h2 id=\"h-quem-tem-direito-a-restituicao-do-ir\" class=\"wp-block-heading\">Quem tem direito \u00e0 restitui\u00e7\u00e3o do IR?<\/h2>\n<p data-fetch=\"true\">A restitui\u00e7\u00e3o do Imposto de Renda depende diretamente dos ganhos e despesas do contribuinte. Isso acontece porque ele efetua o pagamento mensalmente ao longo do ano, por meio do que conhecemos como imposto retido na fonte.<\/p>\n<p>Assim, ao declarar seus rendimentos e gastos, a Receita Federal analisar\u00e1 e definir\u00e1 se cabe ou n\u00e3o a restitui\u00e7\u00e3o.<\/p>\n<p>Sendo assim, quanto maior forem os custos que o contribuinte teve durante esse tempo, maior ser\u00e1 o valor restitu\u00eddo. Dessa forma, o trabalhador que teve seu imposto retido na fonte, e a contribui\u00e7\u00e3o foi superior \u00e0 esperada, ter\u00e1 direito \u00e0 restitui\u00e7\u00e3o.<\/p>\n<h2 id=\"h-datas-dos-lotes-de-restituicao-do-ir-2023\" class=\"wp-block-heading\">Datas dos lotes de restitui\u00e7\u00e3o do IR 2023:<\/h2>\n<ul>\n<li><strong>1\u00ba lote<\/strong> \u2013 31 de maio; (j\u00e1 liberado)<\/li>\n<li><strong>2\u00ba lote <\/strong>\u2013 30 de junho; (j\u00e1 liberado)<\/li>\n<li><strong>3\u00ba lote <\/strong>\u2013 <strong>31 de julho; (a liberar)<\/strong><\/li>\n<li><strong>4\u00ba lote<\/strong> \u2013 31 de agosto;<\/li>\n<li><strong>5\u00ba lote<\/strong> \u2013 29 de setembro.<\/li>\n<\/ul>\n<p>Fonte: <a href=\"https:\/\/www.jornalcontabil.com.br\/novo-lote-do-ir-sera-liberado-veja-se-voce-esta-na-lista-para-receber\/\" target=\"_blank\" rel=\"noopener\">Jornal Cont\u00e1bil<\/a><\/p>\n","protected":false},"excerpt":{"rendered":"<p>Pagamento est\u00e1 programado para o pr\u00f3ximo dia 31. Aprenda a consultar Fica \u00e0 disposi\u00e7\u00e3o dos contribuintes at\u00e9 a pr\u00f3xima segunda-feira, dia 24, a Receita Federal a consulta \u00e0s restitui\u00e7\u00f5es relativas ao 3\u00ba lote do Imposto de Renda (IR) 2023. De acordo com o cronograma, o pagamento deste lote ocorre no pr\u00f3ximo dia 31 de julho.<a class=\"moretag\" href=\"http:\/\/sindiquimicabr.com.br\/index.php\/2023\/07\/20\/novo-lote-do-ir-sera-liberado-veja-se-voce-esta-na-lista-para-receber\/\"> [&#8230;]<\/a><\/p>\n","protected":false},"author":2,"featured_media":17476,"comment_status":"closed","ping_status":"closed","sticky":false,"template":"","format":"standard","meta":[],"categories":[2],"tags":[],"_links":{"self":[{"href":"http:\/\/sindiquimicabr.com.br\/index.php\/wp-json\/wp\/v2\/posts\/17474"}],"collection":[{"href":"http:\/\/sindiquimicabr.com.br\/index.php\/wp-json\/wp\/v2\/posts"}],"about":[{"href":"http:\/\/sindiquimicabr.com.br\/index.php\/wp-json\/wp\/v2\/types\/post"}],"author":[{"embeddable":true,"href":"http:\/\/sindiquimicabr.com.br\/index.php\/wp-json\/wp\/v2\/users\/2"}],"replies":[{"embeddable":true,"href":"http:\/\/sindiquimicabr.com.br\/index.php\/wp-json\/wp\/v2\/comments?post=17474"}],"version-history":[{"count":1,"href":"http:\/\/sindiquimicabr.com.br\/index.php\/wp-json\/wp\/v2\/posts\/17474\/revisions"}],"predecessor-version":[{"id":17475,"href":"http:\/\/sindiquimicabr.com.br\/index.php\/wp-json\/wp\/v2\/posts\/17474\/revisions\/17475"}],"wp:featuredmedia":[{"embeddable":true,"href":"http:\/\/sindiquimicabr.com.br\/index.php\/wp-json\/wp\/v2\/media\/17476"}],"wp:attachment":[{"href":"http:\/\/sindiquimicabr.com.br\/index.php\/wp-json\/wp\/v2\/media?parent=17474"}],"wp:term":[{"taxonomy":"category","embeddable":true,"href":"http:\/\/sindiquimicabr.com.br\/index.php\/wp-json\/wp\/v2\/categories?post=17474"},{"taxonomy":"post_tag","embeddable":true,"href":"http:\/\/sindiquimicabr.com.br\/index.php\/wp-json\/wp\/v2\/tags?post=17474"}],"curies":[{"name":"wp","href":"https:\/\/api.w.org\/{rel}","templated":true}]}}