{"id":17702,"date":"2023-09-12T13:31:52","date_gmt":"2023-09-12T13:31:52","guid":{"rendered":"http:\/\/sindiquimicabr.com.br\/?p=17702"},"modified":"2023-09-12T13:35:09","modified_gmt":"2023-09-12T13:35:09","slug":"inflacao-oficial-sobe-para-023-em-agosto-diz-ibge","status":"publish","type":"post","link":"http:\/\/sindiquimicabr.com.br\/index.php\/2023\/09\/12\/inflacao-oficial-sobe-para-023-em-agosto-diz-ibge\/","title":{"rendered":"Infla\u00e7\u00e3o oficial sobe para 0,23% em agosto, diz IBGE"},"content":{"rendered":"<h4 class=\"col-10 offset-1 animated fadeInDown dealy-900 display-8 display-md-8 alt-font font-italic my-1 text-center\">Principal impacto na infla\u00e7\u00e3o do m\u00eas veio do grupo habita\u00e7\u00e3o<\/p>\n<p><a href=\"http:\/\/sindiquimicabr.com.br\/wp\/wp-content\/uploads\/2023\/09\/05.png\"><img decoding=\"async\" loading=\"lazy\" class=\"alignleft size-full wp-image-17704\" src=\"http:\/\/sindiquimicabr.com.br\/wp\/wp-content\/uploads\/2023\/09\/05.png\" alt=\"\" width=\"962\" height=\"574\" srcset=\"http:\/\/sindiquimicabr.com.br\/wp\/wp-content\/uploads\/2023\/09\/05.png 962w, http:\/\/sindiquimicabr.com.br\/wp\/wp-content\/uploads\/2023\/09\/05-300x179.png 300w, http:\/\/sindiquimicabr.com.br\/wp\/wp-content\/uploads\/2023\/09\/05-768x458.png 768w\" sizes=\"(max-width: 962px) 100vw, 962px\" \/><\/a><\/h4>\n<div class=\"post-item alt-font\">\n<div class=\"post-item-wrap\">\n<p style=\"text-align: justify;\">A infla\u00e7\u00e3o oficial, medida pelo \u00cdndice Nacional de Pre\u00e7os ao Consumidor Amplo (IPCA), ficou em 0,23% em agosto deste ano, taxa superior ao 0,12% do m\u00eas anterior. O \u00edndice tamb\u00e9m \u00e9 superior ao registrado em agosto do ano passado, quando havia sido observada uma defla\u00e7\u00e3o (queda de pre\u00e7os) de 0,36%.\u00a0<img decoding=\"async\" src=\"https:\/\/agenciabrasil.ebc.com.br\/ebc.png?id=1554662&amp;o=node\" \/><\/p>\n<p style=\"text-align: justify;\">Segundo dados divulgados nesta ter\u00e7a-feira (12) pelo Instituto Brasileiro de Geografia e Estat\u00edstica (IBGE), o IPCA acumula taxa de 3,23% no ano. Em 12 meses, a taxa acumulada \u00e9 de 4,61%, ainda dentro da meta de infla\u00e7\u00e3o estabelecida pelo Conselho Monet\u00e1rio Nacional (CMN) para este ano, que \u00e9 de 1,75% a 4,75%.<\/p>\n<p style=\"text-align: justify;\">O principal impacto na infla\u00e7\u00e3o de agosto veio do grupo habita\u00e7\u00e3o, que teve alta de 1,11% no m\u00eas, puxada principalmente pelo aumento do custo da energia el\u00e9trica de 4,59%.<\/p>\n<p style=\"text-align: justify;\">Segundo o pesquisador do IBGE Andr\u00e9 Almeida, o aumento da tarifa de energia el\u00e9trica foi provocado, principalmente, pelo fim da incorpora\u00e7\u00e3o do b\u00f4nus de Itaipu, que havia tido saldo positivo em 2022. \u201c[O saldo positivo de Itaipu] foi incorporado nas contas de luz de todos os consumidores do Sistema Interligado Nacional em julho e n\u00e3o est\u00e1 mais presente em agosto\u201d, afirma.<\/p>\n<p style=\"text-align: justify;\">Tamb\u00e9m foram aplicados reajustes nas tarifas em\u00a0Vit\u00f3ria (3,20%, a partir de 7 de agosto), Bel\u00e9m (9,40% a partir de 15 de agosto) e S\u00e3o Lu\u00eds (10,43% a partir de 28 de agosto).<\/p>\n<p style=\"text-align: justify;\">Al\u00e9m do grupo habita\u00e7\u00e3o, tamb\u00e9m tiveram impactos relevantes na taxa de infla\u00e7\u00e3o de agosto os grupos sa\u00fade e cuidados pessoais (0,58%) e transportes (0,34%). Na sa\u00fade, as altas vieram dos\u00a0produtos para pele\u00a0(4,50%) e dos\u00a0perfumes\u00a0(1,57%).<\/p>\n<p style=\"text-align: justify;\">J\u00e1 nos transportes, a alta foi puxada pelos pre\u00e7os do autom\u00f3vel novo\u00a0(1,71%), da\u00a0gasolina\u00a0(1,24%) e do\u00a0\u00f3leo diesel\u00a0subiu 8,54%.<\/p>\n<p style=\"text-align: justify;\">Por outro lado, os alimentos continuaram apresentando queda (-0,85%), devido ao recuo de produtos como\u00a0batata-inglesa\u00a0(-12,92%),\u00a0feij\u00e3o-carioca\u00a0(-8,27%),\u00a0tomate\u00a0(-7,91%),\u00a0leite longa vida\u00a0(-3,35%),\u00a0frango em peda\u00e7os\u00a0(-2,57%) e\u00a0carnes\u00a0(-1,90%).<\/p>\n<p style=\"text-align: justify;\">Os demais grupos de despesa apresentaram as seguintes taxas: educa\u00e7\u00e3o (0,69%), vestu\u00e1rio (0,54%), despesas pessoais (0,38%), artigos de resid\u00eancia (-0,04%) e comunica\u00e7\u00e3o (-0,09%).<\/p>\n<\/div>\n<p class=\"alt-font font-italic my-2 small text-info\" style=\"text-align: justify;\">Edi\u00e7\u00e3o: Maria Claudia<\/p>\n<p>Fonte: <a href=\"https:\/\/agenciabrasil.ebc.com.br\/economia\/noticia\/2023-09\/inflacao-oficial-sobe-para-023-em-agosto-diz-ibge\">Ag\u00eancia Brasil<\/a><\/p>\n<\/div>\n","protected":false},"excerpt":{"rendered":"<p>Principal impacto na infla\u00e7\u00e3o do m\u00eas veio do grupo habita\u00e7\u00e3o A infla\u00e7\u00e3o oficial, medida pelo \u00cdndice Nacional de Pre\u00e7os ao Consumidor Amplo (IPCA), ficou em 0,23% em agosto deste ano, taxa superior ao 0,12% do m\u00eas anterior. O \u00edndice tamb\u00e9m \u00e9 superior ao registrado em agosto do ano passado, quando havia sido observada uma defla\u00e7\u00e3o<a class=\"moretag\" href=\"http:\/\/sindiquimicabr.com.br\/index.php\/2023\/09\/12\/inflacao-oficial-sobe-para-023-em-agosto-diz-ibge\/\"> [&#8230;]<\/a><\/p>\n","protected":false},"author":2,"featured_media":17704,"comment_status":"closed","ping_status":"closed","sticky":false,"template":"","format":"standard","meta":[],"categories":[2],"tags":[],"_links":{"self":[{"href":"http:\/\/sindiquimicabr.com.br\/index.php\/wp-json\/wp\/v2\/posts\/17702"}],"collection":[{"href":"http:\/\/sindiquimicabr.com.br\/index.php\/wp-json\/wp\/v2\/posts"}],"about":[{"href":"http:\/\/sindiquimicabr.com.br\/index.php\/wp-json\/wp\/v2\/types\/post"}],"author":[{"embeddable":true,"href":"http:\/\/sindiquimicabr.com.br\/index.php\/wp-json\/wp\/v2\/users\/2"}],"replies":[{"embeddable":true,"href":"http:\/\/sindiquimicabr.com.br\/index.php\/wp-json\/wp\/v2\/comments?post=17702"}],"version-history":[{"count":2,"href":"http:\/\/sindiquimicabr.com.br\/index.php\/wp-json\/wp\/v2\/posts\/17702\/revisions"}],"predecessor-version":[{"id":17706,"href":"http:\/\/sindiquimicabr.com.br\/index.php\/wp-json\/wp\/v2\/posts\/17702\/revisions\/17706"}],"wp:featuredmedia":[{"embeddable":true,"href":"http:\/\/sindiquimicabr.com.br\/index.php\/wp-json\/wp\/v2\/media\/17704"}],"wp:attachment":[{"href":"http:\/\/sindiquimicabr.com.br\/index.php\/wp-json\/wp\/v2\/media?parent=17702"}],"wp:term":[{"taxonomy":"category","embeddable":true,"href":"http:\/\/sindiquimicabr.com.br\/index.php\/wp-json\/wp\/v2\/categories?post=17702"},{"taxonomy":"post_tag","embeddable":true,"href":"http:\/\/sindiquimicabr.com.br\/index.php\/wp-json\/wp\/v2\/tags?post=17702"}],"curies":[{"name":"wp","href":"https:\/\/api.w.org\/{rel}","templated":true}]}}