{"id":1782,"date":"2016-08-25T18:06:37","date_gmt":"2016-08-25T18:06:37","guid":{"rendered":"http:\/\/sindiquimicabr.com.br\/?p=1782"},"modified":"2016-09-02T11:35:38","modified_gmt":"2016-09-02T11:35:38","slug":"quem-nao-tem-direito-a-receber-horas-extras-no-trabalho","status":"publish","type":"post","link":"http:\/\/sindiquimicabr.com.br\/index.php\/2016\/08\/25\/quem-nao-tem-direito-a-receber-horas-extras-no-trabalho\/","title":{"rendered":"Quem n\u00e3o tem direito a receber horas extras no trabalho?"},"content":{"rendered":"<p><a href=\"http:\/\/sindiquimicabr.com.br\/wp\/wp-content\/uploads\/2016\/08\/Quem-n\u00e3o-tem-direito-a-receber-horas-extras-no-trabalho.jpg\"><img decoding=\"async\" loading=\"lazy\" class=\"alignnone size-full wp-image-1783\" src=\"http:\/\/sindiquimicabr.com.br\/wp\/wp-content\/uploads\/2016\/08\/Quem-n\u00e3o-tem-direito-a-receber-horas-extras-no-trabalho.jpg\" alt=\"Quem n\u00e3o tem direito a receber horas extras no trabalho\" width=\"810\" height=\"455\" srcset=\"http:\/\/sindiquimicabr.com.br\/wp\/wp-content\/uploads\/2016\/08\/Quem-n\u00e3o-tem-direito-a-receber-horas-extras-no-trabalho.jpg 810w, http:\/\/sindiquimicabr.com.br\/wp\/wp-content\/uploads\/2016\/08\/Quem-n\u00e3o-tem-direito-a-receber-horas-extras-no-trabalho-300x169.jpg 300w, http:\/\/sindiquimicabr.com.br\/wp\/wp-content\/uploads\/2016\/08\/Quem-n\u00e3o-tem-direito-a-receber-horas-extras-no-trabalho-768x431.jpg 768w, http:\/\/sindiquimicabr.com.br\/wp\/wp-content\/uploads\/2016\/08\/Quem-n\u00e3o-tem-direito-a-receber-horas-extras-no-trabalho-600x337.jpg 600w\" sizes=\"(max-width: 810px) 100vw, 810px\" \/><\/a><\/p>\n<article class=\"article-body\" data-content-body=\"\">\n<div data-template-placeholder=\"content-placeholder\">\n<h5>*Resposta de Marcelo Mascaro Nascimento, s\u00f3cio do escrit\u00f3rio Mascaro Nascimento Advocacia Trabalhista e diretor do N\u00facleo Mascaro<\/h5>\n<p>Alguns empregados est\u00e3o exclu\u00eddos do direito de receber horas extras, mesmo quando ultrapassam a jornada normal de trabalho. \u00c9 o caso, por exemplo, de quem ocupa cargo de gest\u00e3o, como gerentes e diretores, que exercem cargos de confian\u00e7a e recebem um sal\u00e1rio mais elevado em raz\u00e3o de suas maiores responsabilidades, n\u00e3o havendo controle sobre sua jornada.<\/p>\n<p>Outra hip\u00f3tese de exclus\u00e3o do recebimento de horas extras \u00e9 o funcion\u00e1rio que executa servi\u00e7os externos \u00e0 empresa, desde que n\u00e3o seja poss\u00edvel o controle dos seus hor\u00e1rios. Um funcion\u00e1rio que exerce a fun\u00e7\u00e3o de motorista, por exemplo, mas \u00e9 monitorado via GPS, sendo poss\u00edvel, portanto, o acompanhamento da sua jornada de trabalho, n\u00e3o se enquadraria nessa hip\u00f3tese.<\/p>\n<p>Al\u00e9m dos exemplos citados, quando existe acordo de compensa\u00e7\u00e3o ou banco de horas, o empregado poder\u00e1 exceder sua jornada normal em um dia e compensar as horas ultrapassadas em outro, sem receber horas extras.<\/p>\n<p>Fonte: <a href=\"http:\/\/exame.abril.com.br\/carreira\/noticias\/quem-nao-tem-direito-a-receber-horas-extras-no-trabalho\" target=\"_blank\">Exame.com<\/a><\/p>\n<\/div>\n<\/article>\n","protected":false},"excerpt":{"rendered":"<p>*Resposta de Marcelo Mascaro Nascimento, s\u00f3cio do escrit\u00f3rio Mascaro Nascimento Advocacia Trabalhista e diretor do N\u00facleo Mascaro Alguns empregados est\u00e3o exclu\u00eddos do direito de receber horas extras, mesmo quando ultrapassam a jornada normal de trabalho. \u00c9 o caso, por exemplo, de quem ocupa cargo de gest\u00e3o, como gerentes e diretores, que exercem cargos de confian\u00e7a<a class=\"moretag\" href=\"http:\/\/sindiquimicabr.com.br\/index.php\/2016\/08\/25\/quem-nao-tem-direito-a-receber-horas-extras-no-trabalho\/\"> [&#8230;]<\/a><\/p>\n","protected":false},"author":2,"featured_media":1783,"comment_status":"closed","ping_status":"closed","sticky":false,"template":"","format":"standard","meta":[],"categories":[10],"tags":[],"_links":{"self":[{"href":"http:\/\/sindiquimicabr.com.br\/index.php\/wp-json\/wp\/v2\/posts\/1782"}],"collection":[{"href":"http:\/\/sindiquimicabr.com.br\/index.php\/wp-json\/wp\/v2\/posts"}],"about":[{"href":"http:\/\/sindiquimicabr.com.br\/index.php\/wp-json\/wp\/v2\/types\/post"}],"author":[{"embeddable":true,"href":"http:\/\/sindiquimicabr.com.br\/index.php\/wp-json\/wp\/v2\/users\/2"}],"replies":[{"embeddable":true,"href":"http:\/\/sindiquimicabr.com.br\/index.php\/wp-json\/wp\/v2\/comments?post=1782"}],"version-history":[{"count":1,"href":"http:\/\/sindiquimicabr.com.br\/index.php\/wp-json\/wp\/v2\/posts\/1782\/revisions"}],"predecessor-version":[{"id":1784,"href":"http:\/\/sindiquimicabr.com.br\/index.php\/wp-json\/wp\/v2\/posts\/1782\/revisions\/1784"}],"wp:featuredmedia":[{"embeddable":true,"href":"http:\/\/sindiquimicabr.com.br\/index.php\/wp-json\/wp\/v2\/media\/1783"}],"wp:attachment":[{"href":"http:\/\/sindiquimicabr.com.br\/index.php\/wp-json\/wp\/v2\/media?parent=1782"}],"wp:term":[{"taxonomy":"category","embeddable":true,"href":"http:\/\/sindiquimicabr.com.br\/index.php\/wp-json\/wp\/v2\/categories?post=1782"},{"taxonomy":"post_tag","embeddable":true,"href":"http:\/\/sindiquimicabr.com.br\/index.php\/wp-json\/wp\/v2\/tags?post=1782"}],"curies":[{"name":"wp","href":"https:\/\/api.w.org\/{rel}","templated":true}]}}