{"id":17846,"date":"2023-11-28T11:05:31","date_gmt":"2023-11-28T11:05:31","guid":{"rendered":"http:\/\/sindiquimicabr.com.br\/?p=17846"},"modified":"2023-11-28T11:22:05","modified_gmt":"2023-11-28T11:22:05","slug":"ministerio-da-previdencia-e-inss-mudam-regras-para-concessao-do-auxilio-doenca","status":"publish","type":"post","link":"http:\/\/sindiquimicabr.com.br\/index.php\/2023\/11\/28\/ministerio-da-previdencia-e-inss-mudam-regras-para-concessao-do-auxilio-doenca\/","title":{"rendered":"Minist\u00e9rio da Previd\u00eancia e INSS mudam regras para concess\u00e3o do aux\u00edlio-doen\u00e7a"},"content":{"rendered":"<p>Per\u00edcias concess\u00e3o de benef\u00edcios por at\u00e9 180 dias n\u00e3o precisam mais de per\u00edcia presencial. Inten\u00e7\u00e3o \u00e9 reduzir fila que hoje chega a cerca de 1,1 milh\u00e3o de benefici\u00e1rios. Saiba as regras<\/p>\n<p style=\"text-align: justify;\"><a href=\"http:\/\/sindiquimicabr.com.br\/wp\/wp-content\/uploads\/2023\/11\/Ministerio-da-Previdencia-e-INSS-mudam-regras-para-concessao-do-auxilio-doenca.jpg\"><img decoding=\"async\" loading=\"lazy\" class=\"alignleft  wp-image-17847\" src=\"http:\/\/sindiquimicabr.com.br\/wp\/wp-content\/uploads\/2023\/11\/Ministerio-da-Previdencia-e-INSS-mudam-regras-para-concessao-do-auxilio-doenca.jpg\" alt=\"\" width=\"624\" height=\"410\" srcset=\"http:\/\/sindiquimicabr.com.br\/wp\/wp-content\/uploads\/2023\/11\/Ministerio-da-Previdencia-e-INSS-mudam-regras-para-concessao-do-auxilio-doenca.jpg 700w, http:\/\/sindiquimicabr.com.br\/wp\/wp-content\/uploads\/2023\/11\/Ministerio-da-Previdencia-e-INSS-mudam-regras-para-concessao-do-auxilio-doenca-300x197.jpg 300w\" sizes=\"(max-width: 624px) 100vw, 624px\" \/><\/a>Uma Portaria Conjunta do Minist\u00e9rio da Previd\u00eancia Social (MPS) e do Instituto Nacional do Seguro Social (INSS) n\u00ba 38, publicada no Di\u00e1rio Oficial da Uni\u00e3o em 21 de julho de 2023, trouxe novas regras para a concess\u00e3o dos benef\u00edcios por incapacidade tempor\u00e1ria, ou seja, o aux\u00edlio-doen\u00e7a e o aux\u00edlio-acident\u00e1rio.<\/p>\n<div class=\"dd-m-editor\">\n<p style=\"text-align: justify;\">A normativa alterou as condi\u00e7\u00f5es para a \u201cdispensa da emiss\u00e3o de parecer conclusivo da Per\u00edcia M\u00e9dica Federal em rela\u00e7\u00e3o \u00e0 incapacidade para o trabalho e a concess\u00e3o de benef\u00edcio ap\u00f3s an\u00e1lise documental do INSS\u201d.<\/p>\n<p style=\"text-align: justify;\">Na pr\u00e1tica, a portaria dispensa de per\u00edcia presencial os trabalhadores que entram com pedido do benef\u00edcio por incapacidade tempor\u00e1ria e estabelece a per\u00edcia documental, ou seja, por meio de documentos, o benefici\u00e1rio pode ter seu benef\u00edcio concedido. Desde ent\u00e3o, para esta finalidade, foi disponibilizada a plataforma <a href=\"https:\/\/www.gov.br\/previdencia\/pt-br\/assuntos\/atestmed\">ATESTMED<\/a> do Minist\u00e9rio da Previd\u00eancia Social. <em>Veja abaixo como funciona.<\/em><\/p>\n<p style=\"text-align: justify;\">O prazo m\u00e1ximo para a concess\u00e3o sem a necessidade da per\u00edcia presencial passou a ser de 180 dias (seis meses). Para concess\u00e3o de benef\u00edcios por per\u00edodo superior , a per\u00edcia m\u00e9dica dever\u00e1 ser agendada.<\/p>\n<p style=\"text-align: justify;\">J\u00e1 em setembro deste ano, ap\u00f3s reivindica\u00e7\u00e3o do movimento sindical, outra mudan\u00e7a nas regras foi institu\u00edda. A nova altera\u00e7\u00e3o diz respeito \u00e0 Comunica\u00e7\u00e3o de Acidente de Trabalho (CAT), no caso de pedido de afastamento dessa natureza, ou seja, o aux\u00edlio-acident\u00e1rio. A Portaria Conjunta MPS\/INSS n\u00b06 retirou o termo \u201cemitida pelo empregador\u2019 do texto anterior.<\/p>\n<p style=\"text-align: justify;\">O motivo \u00e9 que h\u00e1 resist\u00eancia por parte dos empregadores em emitir a CAT. Segundo o portal JusBrasil, com base em processos judiciais, os motivos principais de os empregadores negarem a CAT aos trabalhadores s\u00e3o a obriga\u00e7\u00e3o de continuar depositando o FGTS enquanto o empregado estiver com o contrato suspenso e a garantia de estabilidade no emprego por at\u00e9 um ano ap\u00f3s a suspens\u00e3o do benef\u00edcio.<\/p>\n<p style=\"text-align: justify;\">\u201cObter essa CAT com o empregador, sabemos, \u00e9 quase imposs\u00edvel. Isso \u00e9 muito negado pelas empresas. Por isso, houve movimenta\u00e7\u00e3o dos sindicatos junto ao minist\u00e9rio para sanar esse problema e ent\u00e3o, veio a nova publica\u00e7\u00e3o\u201d explicou a advogada especialista em Previd\u00eancia Social, Luciana Lucena, s\u00f3cia do escrit\u00f3rio LBS Advogados, que atende a CUT Nacional.<\/p>\n<p style=\"text-align: justify;\">\u201cA Portaria n\u00b0 6 retirou o termo \u2018pelo empregador\u2019, do texto\u201d, diz a advogada.<\/p>\n<p style=\"text-align: justify;\">Desta forma, para o aux\u00edlio-acident\u00e1rio, o documento continua obrigat\u00f3rio, mas pode ser obtido por outros canais como o sindicato ou autoridades p\u00fablicas como os Centros de Refer\u00eancia do Trabalhador (Cerest\u00b4s) ou o pr\u00f3prio Minist\u00e9rio do Trabalho.<\/p>\n<p style=\"text-align: justify;\"><strong>Em resumo<\/strong><\/p>\n<p style=\"text-align: justify;\">Luciana Lucena explica que, com a nova portaria, o trabalhador pode fazer o pedido pela plataforma Atestmed, desde que o laudo m\u00e9dico indique um afastamento por at\u00e9 180 dias. Ela ressalta que ainda continua existindo uma per\u00edcia, mas \u00e9 documental. \u201cN\u00e3o existe mais a per\u00edcia m\u00e9dica\u201d.<\/p>\n<p style=\"text-align: justify;\">O processo para o pedido ficou menos burocr\u00e1tico e deve trazer mais agilidade \u00e0 concess\u00e3o do benef\u00edcio, j\u00e1 que as per\u00edcias presenciais n\u00e3o s\u00e3o mais necess\u00e1rias. Hoje, a fila conta com mais de 1,1 milh\u00e3o de trabalhadores com carteira assinada no aguardo do aux\u00edlio. Desses, mais de 600 mil ainda aguardam o agendamento de per\u00edcia.<\/p>\n<p style=\"text-align: justify;\"><strong>Avalia\u00e7\u00e3o <\/strong><\/p>\n<p style=\"text-align: justify;\">A secret\u00e1ria de Sa\u00fade da CUT, Josivania Ribeiro Cruz Souza, afirma que a portaria foi uma conquista do movimento sindical cutista. \u201cVeio ap\u00f3s uma reuni\u00e3o dos banc\u00e1rios da CUT com o ministro Carlos Lupi. Ela favorece a busca pelo acesso aos direitos previdenci\u00e1rios, t\u00e3o importantes e necess\u00e1rios quando o trabalhador precisa ao se afastar do trabalho por motivo de acidente e doen\u00e7a relacionada ao trabalho\u201d.<\/p>\n<p style=\"text-align: justify;\">A dirigente destaca a possibilidade de emiss\u00e3o do comunicado (CAT) por parte do sindicato. \u201cIsso \u00e9 muito importante, pois sabemos das dificuldades que os trabalhadores t\u00eam com a emiss\u00e3o da CAT e que muitas vezes o empregador se recusa a emitir\u201d, ela diz.<\/p>\n<p style=\"text-align: justify;\">A advogada Luciana Lucena complementa afirmando que a mudan\u00e7a foi positiva porque resolve a demora para a concess\u00e3o dos benef\u00edcios. \u201cAs per\u00edcias estavam demorando de um a dois meses para serem agendadas. Com a plataforma Atestmed, a tend\u00eancia \u00e9 de que os trabalhadores, por meio da documenta\u00e7\u00e3o apresentada, tenham o benef\u00edcio concedido mais rapidamente, para fazer poder fazer o tratamento, ter afastamento necess\u00e1rio em um momento delicado\u201d, diz.<\/p>\n<p style=\"text-align: justify;\"><strong>Canais de antendimento:<\/strong><\/p>\n<p style=\"text-align: justify;\">Al\u00e9m do Atestmed, os canais para pedidos de aux\u00edlio doen\u00e7a e aux\u00edlio-acident\u00e1rio s\u00e3o:<\/p>\n<p style=\"text-align: justify;\">&#8211; Aplicativo e site Meu INSS;<\/p>\n<p style=\"text-align: justify;\">&#8211; Central de teleatendimento 135;<\/p>\n<p style=\"text-align: justify;\">Ou ainda:<\/p>\n<p style=\"text-align: justify;\">&#8211; Nas ag\u00eancias da Previd\u00eancia Social;<\/p>\n<p style=\"text-align: justify;\">&#8211; Entidades conveniadas.<\/p>\n<p style=\"text-align: justify;\">Ainda de acordo com o texto da portaria, a concess\u00e3o do benef\u00edcio por incapacidade tempor\u00e1ria ficar\u00e1 condicionada \u00e0 apresenta\u00e7\u00e3o de documenta\u00e7\u00e3o m\u00e9dica ou odontol\u00f3gica (veja abaixo os requisitos) e para afastamentos de car\u00e1ter acident\u00e1rio depender\u00e3o de apresenta\u00e7\u00e3o de Comunica\u00e7\u00e3o de Acidente de Trabalho (CAT).<\/p>\n<p style=\"text-align: justify;\"><strong>Documentos necess\u00e1rios<\/strong><\/p>\n<p style=\"text-align: justify;\">A an\u00e1lise por meio documental ficar\u00e1 condicionada \u00e0 apresenta\u00e7\u00e3o de documenta\u00e7\u00e3o m\u00e9dica ou odontol\u00f3gica, f\u00edsica ou eletr\u00f4nica, leg\u00edvel e sem rasuras, devendo conter, obrigatoriamente:<\/p>\n<ul style=\"text-align: justify;\">\n<li>Nome completo;<\/li>\n<li>Data de emiss\u00e3o da documenta\u00e7\u00e3o m\u00e9dica ou odontol\u00f3gica, que poder\u00e1 ser superior a 90 (noventa) dias da data de entrada do requerimento;<\/li>\n<li>Diagn\u00f3stico por extenso ou c\u00f3digo da Classifica\u00e7\u00e3o Internacional de Doen\u00e7as (CID);<\/li>\n<li>Assinatura do profissional emitente, que poder\u00e1 ser eletr\u00f4nica e pass\u00edvel de valida\u00e7\u00e3o, respeitados os par\u00e2metros estabelecidos pela legisla\u00e7\u00e3o vigente;<\/li>\n<li>Identifica\u00e7\u00e3o do profissional emitente, com nome e registro no Conselho de Classe (Conselho Regional de Medicina ou Conselho Regional de Odontologia), no Minist\u00e9rio da Sa\u00fade (Registro do Minist\u00e9rio da Sa\u00fade), ou carimbo, leg\u00edveis;<\/li>\n<li>Data de in\u00edcio do repouso ou de afastamento das atividades habituais; e<\/li>\n<li>Prazo estimado necess\u00e1rio, preferencialmente em dias.<\/li>\n<\/ul>\n<p style=\"text-align: justify;\">Nos casos de pedido de aux\u00edlio-doen\u00e7a acident\u00e1rio (B91), al\u00e9m dos documentos mencionados \u00e9 obrigat\u00f3ria de Comunica\u00e7\u00e3o de Acidente de Trabalho (CAT).<strong>\u00a0<\/strong><\/p>\n<p style=\"text-align: justify;\"><strong>Como usar o Atestemed<\/strong><\/p>\n<p style=\"text-align: justify;\">O Minist\u00e9rio da Previd\u00eancia Social publicou um v\u00eddeo explicando, passo a passo, os procedimentos para os benefici\u00e1rios usarem a plataforma para pedido de aux\u00edlios.<\/p>\n<p style=\"text-align: justify;\">O primeiro passo \u00e9 acessar o Atestmed pelo site meuinss.gov.br. \u00c9 preciso fazer login com o a conta gov.br.<\/p>\n<p style=\"text-align: justify;\">Em seguida, clique em \u201cpedir benef\u00edcio por incapacidade\u201d.<\/p>\n<p style=\"text-align: justify;\">O sistema mostrar\u00e1 os requerimentos j\u00e1 iniciados. Se a solicita\u00e7\u00e3o for nova, basta clicar em \u2018novo requerimento\u2019<\/p>\n<p style=\"text-align: justify;\">Na pr\u00f3xima tela, clique em Benef\u00edcio por incapacidade tempor\u00e1ria e em \u201cciente\u201d. Leia as informa\u00e7\u00f5es e avance.<\/p>\n<p style=\"text-align: justify;\">No formul\u00e1rio a seguir, preencha com seus dados e clique em SIM para acompanhar o processo pelo aplicativo.<\/p>\n<p style=\"text-align: justify;\">Nas pr\u00f3ximas telas \u00e9 preciso informar a natureza do afastamento, se foi por doen\u00e7a ou acidente, informar a categoria do trabalhador e dados da empresa.<\/p>\n<p style=\"text-align: justify;\">Ap\u00f3s esse passo, \u00e9 preciso anexar a documenta\u00e7\u00e3o necess\u00e1ria. A orienta\u00e7\u00e3o \u00e9 enviar o maior n\u00famero poss\u00edvel de documentos que comprovem a necessidade do benef\u00edcio como exames, laudos e atestados.<\/p>\n<p style=\"text-align: justify;\">Ap\u00f3s o envio, clique em avan\u00e7ar novamente e informar seu CEP para definri a regi\u00e3od e pagamento do benef\u00edcio. Ap\u00f3s confirmar, o cadastro est\u00e1 feito.<\/p>\n<p style=\"text-align: justify;\"><strong>Veja o v\u00eddeo<\/strong><\/p>\n<p><iframe loading=\"lazy\" title=\"YouTube video player\" src=\"https:\/\/www.youtube.com\/embed\/U375M742bqY?si=deQgmm2w7ztvltTh\" width=\"560\" height=\"315\" frameborder=\"0\" allowfullscreen=\"allowfullscreen\" data-mce-fragment=\"1\"><\/iframe><\/p>\n<p style=\"text-align: justify;\"><strong>Atua\u00e7\u00e3o sindical<\/strong><\/p>\n<p style=\"text-align: justify;\">Para Josiv\u00e2nia Souza, \u00e9 importante que todos os sindicatos saibam acessar o sistema e emitir a CAT. \u201cEsta \u00e9 uma conquista importante pois, muitas vezes as CATs emitidas pelos sindicatos n\u00e3o eram valorizadas. Agora a portaria n\u00e3o s\u00f3 valoriza, mas, estimula a essa emiss\u00e3o ao n\u00e3o reconhecer apenas as emitidas pelo empregador\u201d, ela diz.<\/p>\n<p style=\"text-align: justify;\">\u201cDurante a pandemia fizemos oficinas e uma cartilha sobre emiss\u00e3o de CAT. Vamos fazer uma nova oficina junto com o coletivo Nacional de Sa\u00fade, composto por todas as CUTs estaduais e Ramos para que compartilhem e orientem os sindicatos. \u00c9 importante saber como emitir e quais tipos de CAT existem\u201d, pontua a dirigente.<\/p>\n<p>Fonte:<a href=\"https:\/\/www.cut.org.br\/noticias\/ministerio-da-previdencia-e-inss-mudam-regras-para-concessao-do-auxilio-doenca-ddc9\"> Cut<\/a><\/p>\n<\/div>\n","protected":false},"excerpt":{"rendered":"<p>Per\u00edcias concess\u00e3o de benef\u00edcios por at\u00e9 180 dias n\u00e3o precisam mais de per\u00edcia presencial. Inten\u00e7\u00e3o \u00e9 reduzir fila que hoje chega a cerca de 1,1 milh\u00e3o de benefici\u00e1rios. Saiba as regras Uma Portaria Conjunta do Minist\u00e9rio da Previd\u00eancia Social (MPS) e do Instituto Nacional do Seguro Social (INSS) n\u00ba 38, publicada no Di\u00e1rio Oficial da<a class=\"moretag\" href=\"http:\/\/sindiquimicabr.com.br\/index.php\/2023\/11\/28\/ministerio-da-previdencia-e-inss-mudam-regras-para-concessao-do-auxilio-doenca\/\"> [&#8230;]<\/a><\/p>\n","protected":false},"author":2,"featured_media":17847,"comment_status":"closed","ping_status":"closed","sticky":false,"template":"","format":"standard","meta":[],"categories":[10],"tags":[],"_links":{"self":[{"href":"http:\/\/sindiquimicabr.com.br\/index.php\/wp-json\/wp\/v2\/posts\/17846"}],"collection":[{"href":"http:\/\/sindiquimicabr.com.br\/index.php\/wp-json\/wp\/v2\/posts"}],"about":[{"href":"http:\/\/sindiquimicabr.com.br\/index.php\/wp-json\/wp\/v2\/types\/post"}],"author":[{"embeddable":true,"href":"http:\/\/sindiquimicabr.com.br\/index.php\/wp-json\/wp\/v2\/users\/2"}],"replies":[{"embeddable":true,"href":"http:\/\/sindiquimicabr.com.br\/index.php\/wp-json\/wp\/v2\/comments?post=17846"}],"version-history":[{"count":2,"href":"http:\/\/sindiquimicabr.com.br\/index.php\/wp-json\/wp\/v2\/posts\/17846\/revisions"}],"predecessor-version":[{"id":17849,"href":"http:\/\/sindiquimicabr.com.br\/index.php\/wp-json\/wp\/v2\/posts\/17846\/revisions\/17849"}],"wp:featuredmedia":[{"embeddable":true,"href":"http:\/\/sindiquimicabr.com.br\/index.php\/wp-json\/wp\/v2\/media\/17847"}],"wp:attachment":[{"href":"http:\/\/sindiquimicabr.com.br\/index.php\/wp-json\/wp\/v2\/media?parent=17846"}],"wp:term":[{"taxonomy":"category","embeddable":true,"href":"http:\/\/sindiquimicabr.com.br\/index.php\/wp-json\/wp\/v2\/categories?post=17846"},{"taxonomy":"post_tag","embeddable":true,"href":"http:\/\/sindiquimicabr.com.br\/index.php\/wp-json\/wp\/v2\/tags?post=17846"}],"curies":[{"name":"wp","href":"https:\/\/api.w.org\/{rel}","templated":true}]}}