{"id":17850,"date":"2023-11-28T11:16:14","date_gmt":"2023-11-28T11:16:14","guid":{"rendered":"http:\/\/sindiquimicabr.com.br\/?p=17850"},"modified":"2023-11-28T11:17:06","modified_gmt":"2023-11-28T11:17:06","slug":"governo-lula-quer-rever-pensao-por-morte-para-melhorar-renda-de-viuvas-e-orfaos","status":"publish","type":"post","link":"http:\/\/sindiquimicabr.com.br\/index.php\/2023\/11\/28\/governo-lula-quer-rever-pensao-por-morte-para-melhorar-renda-de-viuvas-e-orfaos\/","title":{"rendered":"Governo Lula quer rever pens\u00e3o por morte para melhorar renda de vi\u00favas e \u00f3rf\u00e3os"},"content":{"rendered":"<p style=\"text-align: justify;\">Ministro da Previd\u00eancia afirma que em 2024 o governo Lula dever\u00e1 rever os valores pagos na pens\u00e3o por morte. CUT defende mais revis\u00f5es nas injusti\u00e7as causadas pela reforma da Previd\u00eancia do governo Bolsonaro<br \/>\n<a href=\"http:\/\/sindiquimicabr.com.br\/wp\/wp-content\/uploads\/2023\/11\/Governo-Lula-quer-rever-pensao-por-morte-para-melhorar-renda-de-viuvas-e-orfaos.jpg\"><img decoding=\"async\" loading=\"lazy\" class=\"alignleft  wp-image-17851\" src=\"http:\/\/sindiquimicabr.com.br\/wp\/wp-content\/uploads\/2023\/11\/Governo-Lula-quer-rever-pensao-por-morte-para-melhorar-renda-de-viuvas-e-orfaos.jpg\" alt=\"\" width=\"642\" height=\"422\" srcset=\"http:\/\/sindiquimicabr.com.br\/wp\/wp-content\/uploads\/2023\/11\/Governo-Lula-quer-rever-pensao-por-morte-para-melhorar-renda-de-viuvas-e-orfaos.jpg 700w, http:\/\/sindiquimicabr.com.br\/wp\/wp-content\/uploads\/2023\/11\/Governo-Lula-quer-rever-pensao-por-morte-para-melhorar-renda-de-viuvas-e-orfaos-300x197.jpg 300w\" sizes=\"(max-width: 642px) 100vw, 642px\" \/><\/a>A maior injusti\u00e7a cometida pelo governo de Jair Bolsonaro (PL) contra os benefici\u00e1rios e pensionistas do Instituto Nacional do Seguro Social (INSS) foi a reforma da Previd\u00eancia, em 2019, que aumentou o tempo de contribui\u00e7\u00e3o e diminuiu o valor pago aos segurados, inclusive a vi\u00favas, vi\u00favos e \u00f3rf\u00e3os.<\/p>\n<div class=\"dd-m-editor\">\n<p style=\"text-align: justify;\">Hoje os valores das\u00a0<strong>pens\u00f5es por morte<\/strong>\u00a0deixaram de ser 100% do benef\u00edcio recebido pelo trabalhador falecido. As vi\u00favas, vi\u00favos e \u00f3rf\u00e3os t\u00eam direito a somente 60% do valor do benef\u00edcio.<\/p>\n<p style=\"text-align: justify;\">\u00c9 esta injusti\u00e7a que o governo Lula (PT) quer corrigir a partir de 2024, segundo o ministro da Previd\u00eancia, Carlos Luppi. Ele disse em entrevista ao programa Bom dia, Ministro, que um grupo de trabalho do minist\u00e9rio estuda altera\u00e7\u00f5es na pens\u00e3o por morte e deve apresentar os primeiros resultados em 2024.<\/p>\n<p style=\"text-align: justify;\">&#8220;Eu dou um exemplo pr\u00e1tico. Voc\u00ea, uma dama, se o seu parceiro morre amanh\u00e3 voc\u00ea vai receber 60% da renda dele. Eu pergunto: \u00e9 justo isso? Eu quero discutir isso, eu quero discutir se a Previd\u00eancia Social \u00e9 apenas um n\u00famero frio, se ela n\u00e3o est\u00e1 lidando com o ser humano, com vida, com distribui\u00e7\u00e3o de renda&#8221;, afirmou.<\/p>\n<p style=\"text-align: justify;\">A reforma tamb\u00e9m definiu que <strong>vi\u00favas e vi\u00favos\u00a0<\/strong>com filhos menores de 21 anos, n\u00e3o emancipados, recebem um adicional de 10% por dependente. O valor \u00e9 limitado a 100% do benef\u00edcio ou quatro filhos menores. O filho ou a filha que atingir a maioridade deixa de receber os 10%. A vi\u00fava ou vi\u00favo receber\u00e3o apenas os 60% a que t\u00eam direito.<\/p>\n<p style=\"text-align: justify;\">Se o trabalhador que faleceu n\u00e3o era aposentado, a vi\u00fava ou vi\u00favo ter\u00e1 direito a 60% da m\u00e9dia de todos os sal\u00e1rios do falecido, a partir de 1994, e n\u00e3o sobre os 80% maiores sal\u00e1rios, como era antes quando\u00a0o valor do benef\u00edcio equivalia a 100% da aposentadoria recebida pelo segurado ou ao valor a que teria direito se fosse aposentado por invalidez. Se houvesse mais de um dependente, a pens\u00e3o era dividida entre eles.<\/p>\n<p style=\"text-align: justify;\">Lupi disse que os pontos em debate devem ser levados ao Conselho Nacional da Previd\u00eancia Social, hoje composto por representantes do governo, dos trabalhadores e de empregadores, mas n\u00e3o deu detalhes de como essa revis\u00e3o ser\u00e1 feita.<\/p>\n<p style=\"text-align: justify;\">O secret\u00e1rio de Administra\u00e7\u00e3o e Finan\u00e7as da CUT que integra esse conselho defende que o governo v\u00e1 al\u00e9m e reveja toda a reforma da Previd\u00eancia.<\/p>\n<p style=\"text-align: justify;\">\u201cN\u00f3s estamos querendo que n\u00e3o s\u00f3 a quest\u00e3o da pens\u00e3o seja revista, mas um conjunto de regras que foram implementadas na reforma previdenci\u00e1ria com rela\u00e7\u00e3o ao tempo de servi\u00e7o, a quest\u00e3o da pr\u00f3pria rela\u00e7\u00e3o de rurais, por exemplo, que foi um ataque muito grande, ou seja, tem um conjunto de propostas naquela reforma com o qual n\u00f3s n\u00e3o temos nenhuma concord\u00e2ncia\u201d, ressaltou o dirigente.<\/p>\n<p style=\"text-align: justify;\">Segundo Camargo, a CUT, desde a tramita\u00e7\u00e3o da proposta no governo passado, vinha alertando que a reforma da Previd\u00eancia criava para o pensionista uma condi\u00e7\u00e3o muito desigual do processo anterior para o novo modelo defendido pelo governo passado.<\/p>\n<p style=\"text-align: justify;\">\u201cSe o Minist\u00e9rio da Previd\u00eancia est\u00e1 apontando na dire\u00e7\u00e3o da corre\u00e7\u00e3o deste benef\u00edcio, n\u00f3s exigimos que, assim como a <a href=\"https:\/\/www.cut.org.br\/noticias\/reforma-trabalhista-cinco-anos-com-menos-direitos-e-queda-de-renda-1bbe\" target=\"_blank\" rel=\"noopener\">reforma Trabalhista<\/a>, a reforma previdenci\u00e1ria tamb\u00e9m seja um foco do governo do presidente Lula no sentido de reparar as injusti\u00e7as que foram cometidas em 2019\u201d, afirma.<\/p>\n<blockquote class=\"dd-blockquote\"><p>N\u00f3s queremos uma revis\u00e3o completa para devolver o direito dos trabalhadores, mesmo os que j\u00e1 est\u00e3o aposentados e os pensionistas que acabaram recebendo pens\u00e3o a partir da reforma, mas tamb\u00e9m fazer uma corre\u00e7\u00e3o de outras regras que tanto trouxeram problemas para o conjunto dos benefici\u00e1rios do INSS<\/p>\n<footer>&#8211; Ariovaldo de Camargo<\/footer>\n<\/blockquote>\n<p style=\"text-align: justify;\"><strong>As perdas dos trabalhadores com a reforma da Previd\u00eancia <\/strong><\/p>\n<p style=\"text-align: justify;\">A reforma da Previd\u00eancia acabou com a aposentaria por tempo de contribui\u00e7\u00e3o.<\/p>\n<p style=\"text-align: justify;\"><strong>Idade m\u00ednima<\/strong>\u00a0&#8211; as novas regras da Previd\u00eancia preveem que homens se aposentam a partir de 65 anos de idade e mulheres aos 62 anos.<\/p>\n<p style=\"text-align: justify;\"><strong>Anos de contribui\u00e7\u00e3o<\/strong>\u00a0&#8211; Tamb\u00e9m ficou definido 15 anos de contribui\u00e7\u00e3o m\u00ednima para mulheres e 20 anos para os homens.<\/p>\n<p style=\"text-align: justify;\">Quem quiser se aposentar com o\u00a0<strong>sal\u00e1rio integral,<\/strong>\u00a0com o teto hoje de R$ 7.507,49, tem de contribuir por 40 anos.<\/p>\n<p style=\"text-align: justify;\"><strong>Aposentadoria por incapacidade permanente<\/strong><\/p>\n<p style=\"text-align: justify;\">Na aposentadoria por incapacidade permanente, antiga aposentadoria por invalidez, o c\u00e1lculo deixou de corresponder a 100% da m\u00e9dia salarial e passou a ser de 60% mais 2% a cada ano extra, com exce\u00e7\u00e3o de invalidez por acidente de trabalho.<\/p>\n<p style=\"text-align: justify;\">O\u00a0<strong>benef\u00edcio especial<\/strong>, concedido a quem trabalha exposto a condi\u00e7\u00f5es prejudiciais \u00e0 sa\u00fade, tamb\u00e9m passou a ter idade m\u00ednima.<\/p>\n<p style=\"text-align: justify;\"><strong>Sobre os trabalhadores rurais<\/strong><\/p>\n<p style=\"text-align: justify;\">Antes da reforma, o governo revogou a possibilidade de comprova\u00e7\u00e3o de atividade no campo por meio de declara\u00e7\u00e3o do sindicato dos trabalhadores rurais.\u00a0O trabalhador rural poder\u00e1 fazer uma autodeclara\u00e7\u00e3o de atividade no campo, cuja veracidade ser\u00e1 comprovada por \u00f3rg\u00e3os p\u00fablicos. Isso valer\u00e1 apenas at\u00e9 este ano de 2023.<\/p>\n<p style=\"text-align: justify;\">Depois, a autodeclara\u00e7\u00e3o n\u00e3o ser\u00e1 mais aceita e o trabalhador rural ter\u00e1 de se inscrever no Cadastro Nacional de Informa\u00e7\u00f5es Sociais (CNIS) para comprovar o tempo de servi\u00e7o no campo e ter acesso ao benef\u00edcio. \u00a0O banco de dados que alimenta o CNIS \u00e9 o Cadastro do Agricultor Familiar (CAF).<\/p>\n<p style=\"text-align: justify;\">Segundo a Confedera\u00e7\u00e3o Nacional dos Trabalhadores da Agricultura (Contag) isso \u00e9 preocupante porque a Previd\u00eancia vai reconhecer direitos baseados no CNIS rural. Na pr\u00e1tica, a previd\u00eancia tem um enquadramento e o CAF tem sua pr\u00f3pria lei. Com isso, parte dos mais de 15 milh\u00f5es de agricultores, mesmo n\u00e3o estando enquadrados no CAF, mas que se enquadram no INSS, correm o risco de ficar de fora dos seus direitos previdenci\u00e1rios.<\/p>\n<p style=\"text-align: justify;\">Leia mais <a href=\"https:\/\/www.cut.org.br\/noticias\/reforma-da-previdencia-confira-as-novas-regras-para-concessao-da-aposentadoria-97b6#:~:text=Com%20a%20reforma%20o%20homem,a%20mulher%20por%2035%20anos.\" target=\"_blank\" rel=\"noopener\">As regras para concess\u00e3o da aposentadoria ap\u00f3s a reforma da Previd\u00eancia<\/a><\/p>\n<p>Fonte: <a href=\"https:\/\/www.cut.org.br\/noticias\/governo-lula-quer-rever-pensao-por-morte-para-melhorar-renda-de-viuvas-e-orfaos-8cdc\">Cut<\/a><\/p>\n<\/div>\n","protected":false},"excerpt":{"rendered":"<p>Ministro da Previd\u00eancia afirma que em 2024 o governo Lula dever\u00e1 rever os valores pagos na pens\u00e3o por morte. CUT defende mais revis\u00f5es nas injusti\u00e7as causadas pela reforma da Previd\u00eancia do governo Bolsonaro A maior injusti\u00e7a cometida pelo governo de Jair Bolsonaro (PL) contra os benefici\u00e1rios e pensionistas do Instituto Nacional do Seguro Social (INSS)<a class=\"moretag\" href=\"http:\/\/sindiquimicabr.com.br\/index.php\/2023\/11\/28\/governo-lula-quer-rever-pensao-por-morte-para-melhorar-renda-de-viuvas-e-orfaos\/\"> [&#8230;]<\/a><\/p>\n","protected":false},"author":2,"featured_media":17851,"comment_status":"closed","ping_status":"closed","sticky":false,"template":"","format":"standard","meta":[],"categories":[9],"tags":[],"_links":{"self":[{"href":"http:\/\/sindiquimicabr.com.br\/index.php\/wp-json\/wp\/v2\/posts\/17850"}],"collection":[{"href":"http:\/\/sindiquimicabr.com.br\/index.php\/wp-json\/wp\/v2\/posts"}],"about":[{"href":"http:\/\/sindiquimicabr.com.br\/index.php\/wp-json\/wp\/v2\/types\/post"}],"author":[{"embeddable":true,"href":"http:\/\/sindiquimicabr.com.br\/index.php\/wp-json\/wp\/v2\/users\/2"}],"replies":[{"embeddable":true,"href":"http:\/\/sindiquimicabr.com.br\/index.php\/wp-json\/wp\/v2\/comments?post=17850"}],"version-history":[{"count":2,"href":"http:\/\/sindiquimicabr.com.br\/index.php\/wp-json\/wp\/v2\/posts\/17850\/revisions"}],"predecessor-version":[{"id":17853,"href":"http:\/\/sindiquimicabr.com.br\/index.php\/wp-json\/wp\/v2\/posts\/17850\/revisions\/17853"}],"wp:featuredmedia":[{"embeddable":true,"href":"http:\/\/sindiquimicabr.com.br\/index.php\/wp-json\/wp\/v2\/media\/17851"}],"wp:attachment":[{"href":"http:\/\/sindiquimicabr.com.br\/index.php\/wp-json\/wp\/v2\/media?parent=17850"}],"wp:term":[{"taxonomy":"category","embeddable":true,"href":"http:\/\/sindiquimicabr.com.br\/index.php\/wp-json\/wp\/v2\/categories?post=17850"},{"taxonomy":"post_tag","embeddable":true,"href":"http:\/\/sindiquimicabr.com.br\/index.php\/wp-json\/wp\/v2\/tags?post=17850"}],"curies":[{"name":"wp","href":"https:\/\/api.w.org\/{rel}","templated":true}]}}