{"id":17955,"date":"2024-01-04T17:59:01","date_gmt":"2024-01-04T17:59:01","guid":{"rendered":"http:\/\/sindiquimicabr.com.br\/?p=17955"},"modified":"2024-01-04T18:02:37","modified_gmt":"2024-01-04T18:02:37","slug":"programa-de-renegociacao-de-dividas-da-receita-comeca-somente-dia-5","status":"publish","type":"post","link":"http:\/\/sindiquimicabr.com.br\/index.php\/2024\/01\/04\/programa-de-renegociacao-de-dividas-da-receita-comeca-somente-dia-5\/","title":{"rendered":"Programa de renegocia\u00e7\u00e3o de d\u00edvidas da Receita come\u00e7a somente dia 5"},"content":{"rendered":"<h4 class=\"post-subtitle\">Contribuintes podem aderir ao Programa at\u00e9 o dia 01 de abril<\/h4>\n<p><a href=\"http:\/\/sindiquimicabr.com.br\/wp\/wp-content\/uploads\/2024\/01\/Programa-de-renegociacao-de-dividas-da-Receita-comeca-somente-dia-5.jpg\"><img decoding=\"async\" loading=\"lazy\" class=\"alignleft size-full wp-image-17958\" src=\"http:\/\/sindiquimicabr.com.br\/wp\/wp-content\/uploads\/2024\/01\/Programa-de-renegociacao-de-dividas-da-Receita-comeca-somente-dia-5.jpg\" alt=\"\" width=\"1200\" height=\"750\" srcset=\"http:\/\/sindiquimicabr.com.br\/wp\/wp-content\/uploads\/2024\/01\/Programa-de-renegociacao-de-dividas-da-Receita-comeca-somente-dia-5.jpg 1200w, http:\/\/sindiquimicabr.com.br\/wp\/wp-content\/uploads\/2024\/01\/Programa-de-renegociacao-de-dividas-da-Receita-comeca-somente-dia-5-300x188.jpg 300w, http:\/\/sindiquimicabr.com.br\/wp\/wp-content\/uploads\/2024\/01\/Programa-de-renegociacao-de-dividas-da-Receita-comeca-somente-dia-5-1024x640.jpg 1024w, http:\/\/sindiquimicabr.com.br\/wp\/wp-content\/uploads\/2024\/01\/Programa-de-renegociacao-de-dividas-da-Receita-comeca-somente-dia-5-768x480.jpg 768w\" sizes=\"(max-width: 1200px) 100vw, 1200px\" \/><\/a><\/p>\n<p>Lan\u00e7ado pela Receita Federal, o<a href=\"https:\/\/www.jornalcontabil.com.br\/adesao-da-renegociacao-de-dividas-com-a-receita-esta-abaixo-do-esperado\/\"> Programa de Autorregulariza\u00e7\u00e3o Incentivada de Tributos <\/a>sofreu um adiamento para seu in\u00edcio.<\/p>\n<p>O Programa representa uma oportunidade para que os contribuintes evitem encargos adicionais e busquem a regulariza\u00e7\u00e3o de sua situa\u00e7\u00e3o fiscal de forma mais facilitada.<\/p>\n<p>A Receita Federal esclarece que, em fun\u00e7\u00e3o de problemas t\u00e9cnicos, o formul\u00e1rio para ades\u00e3o ao programa ficar\u00e1 dispon\u00edvel somente a partir desta sexta-feira, dia 05.<\/p>\n<p data-fetch=\"true\">O adiamento n\u00e3o afeta os incentivos que o contribuinte pode obter com a sua autorregulariza\u00e7\u00e3o.<\/p>\n<p>Pessoas f\u00edsicas e jur\u00eddicas contam com o prazo de ades\u00e3o at\u00e9 1\u00ba de abril de 2024. Portanto, quem possuir pend\u00eancias tribut\u00e1rias \u00e9 uma oportunidade a aproveitar a fim de colocar suas contas em ordem.<\/p>\n<p>A Receita Federal estima uma ades\u00e3o expressiva ao Programa de Autorregulariza\u00e7\u00e3o Incentivada de Tributos, contribuindo n\u00e3o apenas para a regulariza\u00e7\u00e3o fiscal, mas tamb\u00e9m para a promo\u00e7\u00e3o de uma rela\u00e7\u00e3o mais transparente entre contribuintes e \u00f3rg\u00e3os fiscais.<\/p>\n<h4 id=\"h-como-aderir\" class=\"wp-block-heading\">Como aderir<\/h4>\n<p>O requerimento dever\u00e1 ser efetuado mediante abertura de processo digital no Portal do Centro Virtual de Atendimento \u2013 Portal e-CAC, na aba \u201cLegisla\u00e7\u00e3o e Processo\u201d, por meio do servi\u00e7o \u201cRequerimentos Web\u201d, e dispon\u00edvel no site da Receita Federal na Internet.<\/p>\n<p>Para aderir, \u00e9 necess\u00e1rio efetuar o pagamento de 50% do valor total como entrada, ficando o restante pass\u00edvel de parcelamento em at\u00e9 48 mensalidades. A Receita Federal ressalta que a n\u00e3o ades\u00e3o ao programa implicar\u00e1 em multas de mora de 20%.<\/p>\n<p>Al\u00e9m disso, o contribuinte pode utilizar cr\u00e9ditos de preju\u00edzo fiscal e de base de c\u00e1lculo negativa da Contribui\u00e7\u00e3o Social sobre o Lucro L\u00edquido (CSLL), limitados a 50% do valor da d\u00edvida consolidada. A utiliza\u00e7\u00e3o desses cr\u00e9ditos est\u00e1 condicionada \u00e0 confiss\u00e3o da d\u00edvida pelo devedor.<\/p>\n<p>Fonte: <a href=\"https:\/\/www.jornalcontabil.com.br\/programa-de-renegociacao-de-dividas-da-receita-comeca-somente-dia-5\/\" target=\"_blank\" rel=\"noopener\">Jornal Cont\u00e1bil<\/a><\/p>\n","protected":false},"excerpt":{"rendered":"<p>Contribuintes podem aderir ao Programa at\u00e9 o dia 01 de abril Lan\u00e7ado pela Receita Federal, o Programa de Autorregulariza\u00e7\u00e3o Incentivada de Tributos sofreu um adiamento para seu in\u00edcio. O Programa representa uma oportunidade para que os contribuintes evitem encargos adicionais e busquem a regulariza\u00e7\u00e3o de sua situa\u00e7\u00e3o fiscal de forma mais facilitada. A Receita Federal<a class=\"moretag\" href=\"http:\/\/sindiquimicabr.com.br\/index.php\/2024\/01\/04\/programa-de-renegociacao-de-dividas-da-receita-comeca-somente-dia-5\/\"> [&#8230;]<\/a><\/p>\n","protected":false},"author":2,"featured_media":17958,"comment_status":"closed","ping_status":"closed","sticky":false,"template":"","format":"standard","meta":[],"categories":[2],"tags":[],"_links":{"self":[{"href":"http:\/\/sindiquimicabr.com.br\/index.php\/wp-json\/wp\/v2\/posts\/17955"}],"collection":[{"href":"http:\/\/sindiquimicabr.com.br\/index.php\/wp-json\/wp\/v2\/posts"}],"about":[{"href":"http:\/\/sindiquimicabr.com.br\/index.php\/wp-json\/wp\/v2\/types\/post"}],"author":[{"embeddable":true,"href":"http:\/\/sindiquimicabr.com.br\/index.php\/wp-json\/wp\/v2\/users\/2"}],"replies":[{"embeddable":true,"href":"http:\/\/sindiquimicabr.com.br\/index.php\/wp-json\/wp\/v2\/comments?post=17955"}],"version-history":[{"count":2,"href":"http:\/\/sindiquimicabr.com.br\/index.php\/wp-json\/wp\/v2\/posts\/17955\/revisions"}],"predecessor-version":[{"id":17959,"href":"http:\/\/sindiquimicabr.com.br\/index.php\/wp-json\/wp\/v2\/posts\/17955\/revisions\/17959"}],"wp:featuredmedia":[{"embeddable":true,"href":"http:\/\/sindiquimicabr.com.br\/index.php\/wp-json\/wp\/v2\/media\/17958"}],"wp:attachment":[{"href":"http:\/\/sindiquimicabr.com.br\/index.php\/wp-json\/wp\/v2\/media?parent=17955"}],"wp:term":[{"taxonomy":"category","embeddable":true,"href":"http:\/\/sindiquimicabr.com.br\/index.php\/wp-json\/wp\/v2\/categories?post=17955"},{"taxonomy":"post_tag","embeddable":true,"href":"http:\/\/sindiquimicabr.com.br\/index.php\/wp-json\/wp\/v2\/tags?post=17955"}],"curies":[{"name":"wp","href":"https:\/\/api.w.org\/{rel}","templated":true}]}}