{"id":18667,"date":"2025-04-28T13:46:30","date_gmt":"2025-04-28T13:46:30","guid":{"rendered":"http:\/\/sindiquimicabr.com.br\/?p=18667"},"modified":"2025-04-28T13:46:40","modified_gmt":"2025-04-28T13:46:40","slug":"previa-da-inflacao-de-abril-fica-em-043-puxada-pelos-alimentos","status":"publish","type":"post","link":"http:\/\/sindiquimicabr.com.br\/index.php\/2025\/04\/28\/previa-da-inflacao-de-abril-fica-em-043-puxada-pelos-alimentos\/","title":{"rendered":"Pr\u00e9via da infla\u00e7\u00e3o de abril fica em 0,43%, puxada pelos alimentos"},"content":{"rendered":"<p style=\"text-align: center;\">\u00edndice foi puxado pelos pre\u00e7os dos alimentos, principalmente pelas altas do tomate e do caf\u00e9<\/p>\n<p><img decoding=\"async\" class=\"aligncenter\" src=\"https:\/\/www.cut.org.br\/images\/cache\/systemuploadsnewsb88d54afac7fc2934d2-700x460xfit-2c0df.jpg\" alt=\"notice\" data-src-mobile=\"\/images\/cache\/systemuploadsnewsb88d54afac7fc2934d2-320x210xfit-2c0df.jpg\" data-src-tablet=\"\/images\/cache\/systemuploadsnewsb88d54afac7fc2934d2-768x460xfit-2c0df.jpg\" data-src-web=\"\/images\/cache\/systemuploadsnewsb88d54afac7fc2934d2-700x460xfit-2c0df.jpg\"><\/p>\n<div class=\"dd-m-editor\">\n<p style=\"text-align: justify;\">A&nbsp;<a href=\"http:\/\/(https\/\/agenciabrasil.ebc.com.br\/tags\/inflacao\" target=\"_blank\" rel=\"noopener\">pr\u00e9via da infla\u00e7\u00e3o<\/a>&nbsp;oficial registrou 0,43% em abril, pressionada pelos pre\u00e7os dos alimentos e itens de sa\u00fade. O&nbsp;<a href=\"https:\/\/biblioteca.ibge.gov.br\/visualizacao\/periodicos\/2376\/ipca_15_2025_abr.pdf\" target=\"_blank\" rel=\"noopener\">resultado<\/a>, apurado pelo \u00cdndice Nacional de Pre\u00e7os ao Consumidor Amplo 15 (IPCA-15), representa desacelera\u00e7\u00e3o em rela\u00e7\u00e3o a mar\u00e7o, quando ficou em 0,64%.<img decoding=\"async\" src=\"https:\/\/agenciabrasil.ebc.com.br\/ebc.png?id=1640231&amp;o=node\"><img decoding=\"async\" src=\"https:\/\/agenciabrasil.ebc.com.br\/ebc.gif?id=1640231&amp;o=node\"><\/p>\n<p style=\"text-align: justify;\"><strong>Em 12 meses, o \u00edndice soma 5,49%. Em abril do ano passado, o IPCA-15 marcou 0,21%.<\/strong><\/p>\n<p style=\"text-align: justify;\">Os dados foram divulgados nesta sexta-feira (25) pelo&nbsp;<a href=\"http:\/\/xn--instituto%20brasileiro%20de%20geografia%20e%20estatstica-8df\/\" target=\"_blank\" rel=\"noopener\">Instituto Brasileiro de Geografia e Estat\u00edstica<\/a>&nbsp;(IBGE).<\/p>\n<p style=\"text-align: justify;\"><strong>Dos nove grupos pesquisados pelo IBGE, oito apresentam alta, com destaque para o de alimenta\u00e7\u00e3o e bebidas<\/strong>, que acelerou de 1,09% para 1,14% na passagem de mar\u00e7o para abril, respondendo por 0,25 ponto percentual&nbsp;do IPCA-15 deste m\u00eas.<\/p>\n<p style=\"text-align: justify;\">O grupo sa\u00fade e cuidados pessoais passou de infla\u00e7\u00e3o de 0,35% para 0,96% no mesmo per\u00edodo. Os dois grupamentos juntos representam 88% da pr\u00e9via de infla\u00e7\u00e3o do m\u00eas.<\/p>\n<p style=\"text-align: justify;\"><strong>Confira a varia\u00e7\u00e3o e os impactos dos grupos na pr\u00e9via da infla\u00e7\u00e3o de abril:<\/strong><\/p>\n<p style=\"text-align: justify;\">Alimenta\u00e7\u00e3o e bebidas: 1,14% (0,25 ponto percentual)<\/p>\n<p style=\"text-align: justify;\">Sa\u00fade e cuidados pessoais: 0,96% (0,13)<\/p>\n<p style=\"text-align: justify;\">Despesas pessoais: 0,53% (0,06)<\/p>\n<p style=\"text-align: justify;\">Vestu\u00e1rio: 0,76% (0,04)<\/p>\n<p style=\"text-align: justify;\">Comunica\u00e7\u00e3o: 0,52% (0,02)<\/p>\n<p style=\"text-align: justify;\">Artigos de resid\u00eancia: 0,37% (0,01)<\/p>\n<p style=\"text-align: justify;\">Habita\u00e7\u00e3o: 0,09% (0,01)<\/p>\n<p style=\"text-align: justify;\">Educa\u00e7\u00e3o: 0,06%, (0)<\/p>\n<p style=\"text-align: justify;\">Transportes: -0,44% (-0,09)<\/p>\n<h2 style=\"text-align: justify;\">Alimentos e sa\u00fade<\/h2>\n<p style=\"text-align: justify;\">No grupo alimentos e bebidas, a alimenta\u00e7\u00e3o no domic\u00edlio, que tinha subido 1,25% em mar\u00e7o, passou para alta de 1,29% em abril.&nbsp;<strong>As maiores press\u00f5es vieram do tomate (32,67%), caf\u00e9 mo\u00eddo (6,73%) e do leite longa vida (2,44%).<\/strong><\/p>\n<p style=\"text-align: justify;\">J\u00e1 a alimenta\u00e7\u00e3o fora do domic\u00edlio subiu (0,77%), acelera\u00e7\u00e3o ante mar\u00e7o, quando tinha ficado 0,66% mais alta. Os impactos principais em abril vieram do lanche (1,23%) e da refei\u00e7\u00e3o (0,50%).<\/p>\n<p style=\"text-align: justify;\">O grupo sa\u00fade e cuidados pessoais teve forte influ\u00eancia dos itens higiene pessoal (1,51%) e produtos farmac\u00eauticos (1,04%). No fim de mar\u00e7o, o governo autorizou o reajuste de at\u00e9 5,09% nos&nbsp;<a href=\"https:\/\/agenciabrasil.ebc.com.br\/saude\/noticia\/2025-03\/teto-para-reajuste-de-medicamentos-e-publicado-entenda\" target=\"_blank\" rel=\"noopener\">pre\u00e7os dos medicamentos<\/a>.&nbsp;Os planos de sa\u00fade encareceram 0,57%.<\/p>\n<h2 style=\"text-align: justify;\">Transportes<\/h2>\n<p style=\"text-align: justify;\"><strong>Os transportes, \u00fanico grupo que teve defla\u00e7\u00e3o (queda de pre\u00e7os) entre as pr\u00e9vias de mar\u00e7o e abril, foi influenciado pelo pre\u00e7o das passagens a\u00e9reas, que recuaram 14,38%<\/strong>, representando al\u00edvio de 0,11 ponto percentual&nbsp;no IPCA-15. Esse foi o maior impacto negativo de todo o \u00edndice.<\/p>\n<p style=\"text-align: justify;\">Os combust\u00edveis tamb\u00e9m representaram um refresco para o bolso dos brasileiros, com redu\u00e7\u00e3o m\u00e9dia de 0,38% nos pre\u00e7os. Houve varia\u00e7\u00e3o negativa do etanol (0,95%), g\u00e1s veicular (0,71%), \u00f3leo diesel (0,64%) e gasolina (0,29%).<\/p>\n<h2 style=\"text-align: justify;\">Pr\u00e9via x IPCA<\/h2>\n<p style=\"text-align: justify;\">O IPCA-15 tem basicamente a mesma metodologia do IPCA, a chamada infla\u00e7\u00e3o oficial, que serve de base para a pol\u00edtica de meta de infla\u00e7\u00e3o do governo: 3% em 12 meses, com margem de toler\u00e2ncia de 1,5 ponto percentual&nbsp;para mais ou para menos.<\/p>\n<p style=\"text-align: justify;\">A diferen\u00e7a est\u00e1 no per\u00edodo de coleta de pre\u00e7os e na abrang\u00eancia geogr\u00e1fica. Na pr\u00e9via, a pesquisa \u00e9&nbsp;feita e divulgada antes mesmo de acabar o m\u00eas de refer\u00eancia. Em rela\u00e7\u00e3o \u00e0 divulga\u00e7\u00e3o atual, o per\u00edodo de coleta foi de 18 de mar\u00e7o a 14 de abril.<\/p>\n<p style=\"text-align: justify;\">Ambos os \u00edndices levam em considera\u00e7\u00e3o uma cesta de produtos e servi\u00e7os para fam\u00edlias com rendimentos entre um e 40 sal\u00e1rios m\u00ednimos. Atualmente o m\u00ednimo \u00e9 de R$ 1.518.<\/p>\n<p style=\"text-align: justify;\">O IPCA-15 coleta pre\u00e7os em 11 localidades do pa\u00eds (as regi\u00f5es metropolitanas do Rio de Janeiro, de Porto Alegre, Belo Horizonte, do Recife, de S\u00e3o Paulo, Bel\u00e9m, Fortaleza, Salvador e Curitiba, al\u00e9m de Bras\u00edlia e Goi\u00e2nia.); e o IPCA, 16 localidades (inclui Vit\u00f3ria, Campo Grande, Rio Branco, S\u00e3o Lu\u00eds e Aracaju). O IPCA cheio de abril ser\u00e1 divulgado em 9 de maio.<\/p>\n<p>Fonte: <a href=\"https:\/\/www.cut.org.br\/noticias\/previa-da-inflacao-de-abril-fica-em-0-43-puxada-pelos-alimentos-b88d\">Cut<\/a>.<\/p>\n<\/div>\n","protected":false},"excerpt":{"rendered":"<p>\u00edndice foi puxado pelos pre\u00e7os dos alimentos, principalmente pelas altas do tomate e do caf\u00e9 A&nbsp;pr\u00e9via da infla\u00e7\u00e3o&nbsp;oficial registrou 0,43% em abril, pressionada pelos pre\u00e7os dos alimentos e itens de sa\u00fade. O&nbsp;resultado, apurado pelo \u00cdndice Nacional de Pre\u00e7os ao Consumidor Amplo 15 (IPCA-15), representa desacelera\u00e7\u00e3o em rela\u00e7\u00e3o a mar\u00e7o, quando ficou em 0,64%. Em 12<a class=\"moretag\" href=\"http:\/\/sindiquimicabr.com.br\/index.php\/2025\/04\/28\/previa-da-inflacao-de-abril-fica-em-043-puxada-pelos-alimentos\/\"> [&#8230;]<\/a><\/p>\n","protected":false},"author":2,"featured_media":18668,"comment_status":"closed","ping_status":"closed","sticky":false,"template":"","format":"standard","meta":[],"categories":[9],"tags":[],"_links":{"self":[{"href":"http:\/\/sindiquimicabr.com.br\/index.php\/wp-json\/wp\/v2\/posts\/18667"}],"collection":[{"href":"http:\/\/sindiquimicabr.com.br\/index.php\/wp-json\/wp\/v2\/posts"}],"about":[{"href":"http:\/\/sindiquimicabr.com.br\/index.php\/wp-json\/wp\/v2\/types\/post"}],"author":[{"embeddable":true,"href":"http:\/\/sindiquimicabr.com.br\/index.php\/wp-json\/wp\/v2\/users\/2"}],"replies":[{"embeddable":true,"href":"http:\/\/sindiquimicabr.com.br\/index.php\/wp-json\/wp\/v2\/comments?post=18667"}],"version-history":[{"count":1,"href":"http:\/\/sindiquimicabr.com.br\/index.php\/wp-json\/wp\/v2\/posts\/18667\/revisions"}],"predecessor-version":[{"id":18670,"href":"http:\/\/sindiquimicabr.com.br\/index.php\/wp-json\/wp\/v2\/posts\/18667\/revisions\/18670"}],"wp:featuredmedia":[{"embeddable":true,"href":"http:\/\/sindiquimicabr.com.br\/index.php\/wp-json\/wp\/v2\/media\/18668"}],"wp:attachment":[{"href":"http:\/\/sindiquimicabr.com.br\/index.php\/wp-json\/wp\/v2\/media?parent=18667"}],"wp:term":[{"taxonomy":"category","embeddable":true,"href":"http:\/\/sindiquimicabr.com.br\/index.php\/wp-json\/wp\/v2\/categories?post=18667"},{"taxonomy":"post_tag","embeddable":true,"href":"http:\/\/sindiquimicabr.com.br\/index.php\/wp-json\/wp\/v2\/tags?post=18667"}],"curies":[{"name":"wp","href":"https:\/\/api.w.org\/{rel}","templated":true}]}}