{"id":18672,"date":"2025-04-28T13:58:02","date_gmt":"2025-04-28T13:58:02","guid":{"rendered":"http:\/\/sindiquimicabr.com.br\/?p=18672"},"modified":"2025-04-28T13:58:07","modified_gmt":"2025-04-28T13:58:07","slug":"28-4-dia-em-memoria-das-vitimas-de-acidentes-de-trabalho-tem-foco-na-saude-mental","status":"publish","type":"post","link":"http:\/\/sindiquimicabr.com.br\/index.php\/2025\/04\/28\/28-4-dia-em-memoria-das-vitimas-de-acidentes-de-trabalho-tem-foco-na-saude-mental\/","title":{"rendered":"28\/4: Dia em Mem\u00f3ria das V\u00edtimas de Acidentes de Trabalho tem foco na sa\u00fade mental"},"content":{"rendered":"<p style=\"text-align: center;\">Nesta data, em 2025, a CUT alerta para o aumento de casos de doen\u00e7as psicossociais. Em 2024, mais de 472 mil trabalhadores foram afastados com transtornos mentais<\/p>\n<p><img decoding=\"async\" class=\"aligncenter\" src=\"https:\/\/www.cut.org.br\/images\/cache\/systemuploadsnewsa85184e9bc301dae4b6-700x460xfit-c2472.jpeg\" alt=\"notice\" data-src-mobile=\"\/images\/cache\/systemuploadsnewsa85184e9bc301dae4b6-320x210xfit-c2472.jpeg\" data-src-tablet=\"\/images\/cache\/systemuploadsnewsa85184e9bc301dae4b6-768x460xfit-c2472.jpeg\" data-src-web=\"\/images\/cache\/systemuploadsnewsa85184e9bc301dae4b6-700x460xfit-c2472.jpeg\"><\/p>\n<div class=\"dd-m-editor\">\n<p style=\"text-align: justify;\">A data era 28 de abril de 1969. Uma explos\u00e3o em uma mina nos Estados Unidos deixou 78 trabalhadores mortos. A trag\u00e9dia marcou a data como o Dia Mundial da Seguran\u00e7a e Sa\u00fade no Trabalho, institu\u00edda pela Organiza\u00e7\u00e3o Internacional do Trabalho (OIT) Dia Mundial em Mem\u00f3ria das V\u00edtimas de Acidentes de Trabalho.&nbsp; \u00c9 uma oportunidade dar visibilidade e fortalecer a luta ambientes laborais mais seguros e saud\u00e1veis, e para garantir que os direitos dos trabalhadores sejam respeitados e protegidos.<\/p>\n<p style=\"text-align: justify;\">A CUT, todos os anos organiza e participa de atividades para marcar o dia, como o &#8220;Ato e Canto pela Vida&#8221;, que ocorre, neste ano, em S\u00e3o Paulo, ocorrer\u00e1 no dia 27 de abril, um dia antes do Dia Mundial, na Pra\u00e7a e Memorial Vladimir Herzog e centro Cultura Elifaz Andreato, \u00e0s 11h da manh\u00e3.<\/p>\n<p style=\"text-align: justify;\"><strong>Dados <\/strong><\/p>\n<p style=\"text-align: justify;\">No Brasil, a cada 50 segundos, um acidente de trabalho \u00e9 notificado ao INSS. Entre 2012 e 2022, 6,7 milh\u00f5es de acidentes do trabalho foram notificados no pa\u00eds, o que gerou cerca 2,3 milh\u00f5es afastamentos acident\u00e1rios. Esses acidentes resultaram em 25.492 mortes, equivalentes a aproximadamente uma morte a cada 3 horas e meia. S\u00e3o trabalhadores vitimados pela viol\u00eancia do trabalho.<\/p>\n<p style=\"text-align: justify;\">No entanto, esses n\u00fameros se referem apenas aos casos efetivamente notificados, n\u00e3o incluindo trabalhadores informais, por exemplo. Significa que os n\u00fameros podem ser ainda maiores.<\/p>\n<p style=\"text-align: justify;\"><strong>Sa\u00fade mental em foco<\/strong><\/p>\n<p style=\"text-align: justify;\"><strong>Afastamento por transtornos mentais &#8211; <\/strong>Em 2024, segundo o Minist\u00e9rio da Previd\u00eancia Social &#8211; MPS, o Brasil registrou 472.328 afastamentos por transtornos mentais, como ansiedade e depress\u00e3o. Esse dado indica um aumento preocupante de 68% em compara\u00e7\u00e3o ao ano anterior, refletindo a crescente preocupa\u00e7\u00e3o com a sa\u00fade mental no ambiente de trabalho.<\/p>\n<p style=\"text-align: justify;\">O cen\u00e1rio destaca a necessidade urgente de medidas mais eficazes para enfrentar os desafios psicossociais que afetam os trabalhadores.<\/p>\n<p style=\"text-align: justify;\">Diante disso, a Fundacentro incluiu em seu&nbsp;<a href=\"https:\/\/www.gov.br\/fundacentro\/pt-br\/centrais-de-conteudo\/cursos-e-eventos\/calendario-de-cursos-e-eventos-2025\" target=\"_blank\" rel=\"noopener\">calend\u00e1rio de cursos e eventos<\/a>&nbsp;o tema &#8220;Novidades nas NRs \u2013 Gest\u00e3o de Riscos Psicossociais&#8221;. O objetivo \u00e9 promover estrat\u00e9gias que abordem os fatores de risco para a sa\u00fade mental no trabalho, conscientizando empresas e profissionais sobre a import\u00e2ncia de adotar uma abordagem preventiva e mais eficaz nesse tema.<\/p>\n<p style=\"text-align: justify;\"><em>Nota: Normas Regulamentadoras (NRs) s\u00e3o um conjunto de orienta\u00e7\u00f5es e procedimentos t\u00e9cnicos que visam garantir a seguran\u00e7a e a sa\u00fade dos trabalhadores em diversas atividades laborais. <\/em><\/p>\n<p style=\"text-align: justify;\">Dados da&nbsp;<strong>OIT<\/strong>&nbsp;revelam que&nbsp;<strong>depress\u00e3o e ansiedade<\/strong>&nbsp;relacionadas ao trabalho custam \u00e0 economia global, cerca de <strong>US$ 1 trilh\u00e3o,<\/strong>&nbsp;anualmente, em perda de produtividade.<\/p>\n<p style=\"text-align: justify;\">No Brasil, o&nbsp;Minist\u00e9rio P\u00fablico do Trabalho (MPT)&nbsp;tem alertado para o crescimento de casos de&nbsp;s\u00edndrome de burnout, reconhecida pela Organiza\u00e7\u00e3o Mundial de Sa\u00fade (OMS) como uma doen\u00e7a ocupacional em 2022.<\/p>\n<p style=\"text-align: justify;\"><strong>Novos tempos, novas demandas <\/strong><\/p>\n<p style=\"text-align: justify;\">Enquanto os acidentes f\u00edsicos s\u00e3o mais vis\u00edveis, os&nbsp;<strong>riscos psicossociais<\/strong>, como estresse cr\u00f4nico, ass\u00e9dio moral e jornadas exaustivas, ganham destaque como amea\u00e7as silenciosas \u00e0 sa\u00fade mental e \u00e0 produtividade e pr\u00e1ticas antissindicais<\/p>\n<p style=\"text-align: justify;\">No Brasil, a&nbsp;<strong>Norma Regulamentadora n\u00ba 1 (NR-1)<\/strong>&nbsp;do Minist\u00e9rio do Trabalho estabelece diretrizes gerais sobre seguran\u00e7a e sa\u00fade no trabalho, incluindo a obrigatoriedade de as empresas avaliarem e mitigarem&nbsp;<strong>todos os riscos ocupacionais<\/strong>, inclusive os psicossociais, ou seja, ela prev\u00ea que as empresas devem incluir a an\u00e1lise de riscos psicossociais em seus&nbsp;<strong>Programas de Preven\u00e7\u00e3o de Riscos Ambientais (PPRA)<\/strong>, mas muitas ainda negligenciam essa obriga\u00e7\u00e3o.<\/p>\n<p style=\"text-align: justify;\">Especialistas apontam que a aplica\u00e7\u00e3o dessa norma apresenta um desafio pois n\u00e3o se trata em avalia\u00e7\u00e3o individualizada de trabalhadores e sim das rela\u00e7\u00f5es de trabalho que t\u00eam causado adoecimento e mortes, especialmente em ambientes com alta press\u00e3o por resultados.<\/p>\n<p style=\"text-align: justify;\">Os Riscos Psicossociais no trabalho t\u00eam sido objetivo de diversas pesquisas porque impactam intensamente na sa\u00fade e nada vida da classe trabalhadora. Segundo a OIT, os riscos psicossociais decorrem de defici\u00eancias na concep\u00e7\u00e3o, organiza\u00e7\u00e3o e gest\u00e3o do trabalho, bem como de um contexto social de trabalho problem\u00e1tico, podendo ter efeitos negativos a n\u00edvel psicol\u00f3gico, f\u00edsico e social tais como estresse relacionado com o trabalho, esgotamento ou depress\u00e3o.<\/p>\n<p style=\"text-align: justify;\"><strong>Responsabilidades e a\u00e7\u00e3o<\/strong><\/p>\n<p style=\"text-align: justify;\"><strong>CUT refor\u00e7a import\u00e2ncia da sa\u00fade mental e da atua\u00e7\u00e3o sindical para enfrentar os riscos psicossociais no trabalho<\/strong><\/p>\n<p style=\"text-align: justify;\">A sa\u00fade mental dos trabalhadores e das trabalhadoras tem se tornado um tema cada vez mais urgente nas pautas do movimento sindical. Para a secret\u00e1ria de Sa\u00fade do Trabalhador e da Trabalhadora da CUT, Josiv\u00e2nia Ribeiro, \u00e9 fundamental que haja <strong>uma fiscaliza\u00e7\u00e3o mais rigorosa sobre o cumprimento da Norma Regulamentadora n\u00ba 1 (NR-1)<\/strong>, especialmente em rela\u00e7\u00e3o \u00e0 <strong>cobran\u00e7a excessiva, ao ass\u00e9dio e \u00e0s jornadas prolongadas<\/strong>, fatores que t\u00eam contribu\u00eddo significativamente para o adoecimento ps\u00edquico da classe trabalhadora.<\/p>\n<p style=\"text-align: justify;\">\u201cTamb\u00e9m \u00e9 preciso que haja mais <strong>campanhas de conscientiza\u00e7\u00e3o para romper o tabu<\/strong> em torno da sa\u00fade mental no ambiente corporativo e, fundamentalmente, que o tema seja sempre <strong>prioridade nas negocia\u00e7\u00f5es coletivas<\/strong>\u201d, destaca Josiv\u00e2nia.<\/p>\n<p style=\"text-align: justify;\">Neste sentido, a CUT, por meio da Secretaria de Sa\u00fade do Trabalhador e da Trabalhadora, ir\u00e1 promover <strong>um amplo processo de debate e forma\u00e7\u00e3o<\/strong> para orientar sua base sindical sobre os riscos psicossociais relacionados ao trabalho e fortalecer a a\u00e7\u00e3o sindical diante deste cen\u00e1rio desafiador.<\/p>\n<p style=\"text-align: justify;\">A proposta da entidade contempla uma s\u00e9rie de diretrizes fundamentais para o enfrentamento dos riscos psicossociais:<\/p>\n<ol style=\"text-align: justify;\">\n<li><strong>Garantir a participa\u00e7\u00e3o efetiva de trabalhadores<\/strong> em todo o processo de identifica\u00e7\u00e3o e enfrentamento desses riscos;<\/li>\n<li><strong>Assegurar o sigilo das informa\u00e7\u00f5es<\/strong> prestadas pelos trabalhadores durante a avalia\u00e7\u00e3o de riscos;<\/li>\n<li><strong>Atuar diretamente na organiza\u00e7\u00e3o e nos processos de trabalho<\/strong> que s\u00e3o geradores de adoecimentos;<\/li>\n<li><strong>Identificar os fatores de risco<\/strong>, como sistemas de avalia\u00e7\u00e3o e controle, conte\u00fado do trabalho, carga hor\u00e1ria, ritmo e jornada, condi\u00e7\u00f5es de trabalho e sal\u00e1rio, ambiente e equipamentos, cultura organizacional, rela\u00e7\u00f5es interpessoais, desenvolvimento de carreira, entre outros;<\/li>\n<li><strong>Promover a vigil\u00e2ncia e enfrentamento ao ass\u00e9dio moral e sexual<\/strong>, \u00e0 viol\u00eancia no trabalho (inclusive por raz\u00f5es de g\u00eanero, ra\u00e7a, etnia, identidade ou orienta\u00e7\u00e3o sexual), \u00e0 exposi\u00e7\u00e3o a estressores agudos, \u00e0 injusti\u00e7a organizacional, \u00e0s mudan\u00e7as estruturais nas empresas e seus efeitos;<\/li>\n<li><strong>Rejeitar a individualiza\u00e7\u00e3o do sofrimento ps\u00edquico<\/strong>, entendendo os riscos psicossociais como resultado de um modelo espec\u00edfico de organiza\u00e7\u00e3o e gest\u00e3o do trabalho na sociedade capitalista contempor\u00e2nea;<\/li>\n<li><strong>Levar em conta as transforma\u00e7\u00f5es em curso no mundo do trabalho<\/strong> e seus impactos sobre a sa\u00fade;<\/li>\n<li><strong>Estabelecer pol\u00edticas voltadas para ambientes de trabalho saud\u00e1veis<\/strong>, pautadas na preven\u00e7\u00e3o, no respeito e na dignidade humana.<\/li>\n<\/ol>\n<p style=\"text-align: justify;\"><strong>O que \u00e9 acidente de trabalho?<\/strong><\/p>\n<p style=\"text-align: justify;\">De acordo com a legisla\u00e7\u00e3o brasileira, <strong>acidente de trabalho<\/strong> \u00e9 aquele que ocorre <strong>durante o exerc\u00edcio da atividade profissional<\/strong> e provoca les\u00e3o corporal, perturba\u00e7\u00e3o funcional ou doen\u00e7a que leve \u00e0 perda ou redu\u00e7\u00e3o da capacidade de trabalho, de forma tempor\u00e1ria ou permanente. Tamb\u00e9m s\u00e3o considerados acidentes de trabalho os que ocorrem <strong>no trajeto entre a resid\u00eancia e o local de trabalho<\/strong>, bem como as doen\u00e7as ocupacionais \u2014 aquelas desenvolvidas em decorr\u00eancia das condi\u00e7\u00f5es e exig\u00eancias do trabalho.<\/p>\n<p style=\"text-align: justify;\">A discuss\u00e3o sobre os <strong>riscos psicossociais<\/strong> amplia esse entendimento, ao mostrar que o adoecimento mental, muitas vezes invisibilizado, tamb\u00e9m deve ser considerado como consequ\u00eancia direta das condi\u00e7\u00f5es de trabalho precarizadas.<\/p>\n<p style=\"text-align: justify;\">Para a CUT, <strong>falar sobre sa\u00fade mental \u00e9 falar sobre direitos, dignidade e condi\u00e7\u00f5es decentes de trabalho<\/strong>. Por isso, seguir fortalecendo os espa\u00e7os de di\u00e1logo e de forma\u00e7\u00e3o \u00e9 essencial para proteger quem move a economia do pa\u00eds: os trabalhadores e trabalhadoras.<\/p>\n<p>Fonte: <a href=\"https:\/\/www.cut.org.br\/noticias\/28-4-dia-em-memoria-das-vitimas-de-acidentes-de-trabalho-tem-foco-na-saude-menta-a851\">Cut<\/a>.<\/p>\n<\/div>\n","protected":false},"excerpt":{"rendered":"<p>Nesta data, em 2025, a CUT alerta para o aumento de casos de doen\u00e7as psicossociais. Em 2024, mais de 472 mil trabalhadores foram afastados com transtornos mentais A data era 28 de abril de 1969. Uma explos\u00e3o em uma mina nos Estados Unidos deixou 78 trabalhadores mortos. A trag\u00e9dia marcou a data como o Dia<a class=\"moretag\" href=\"http:\/\/sindiquimicabr.com.br\/index.php\/2025\/04\/28\/28-4-dia-em-memoria-das-vitimas-de-acidentes-de-trabalho-tem-foco-na-saude-mental\/\"> [&#8230;]<\/a><\/p>\n","protected":false},"author":2,"featured_media":18673,"comment_status":"closed","ping_status":"closed","sticky":false,"template":"","format":"standard","meta":[],"categories":[9],"tags":[],"_links":{"self":[{"href":"http:\/\/sindiquimicabr.com.br\/index.php\/wp-json\/wp\/v2\/posts\/18672"}],"collection":[{"href":"http:\/\/sindiquimicabr.com.br\/index.php\/wp-json\/wp\/v2\/posts"}],"about":[{"href":"http:\/\/sindiquimicabr.com.br\/index.php\/wp-json\/wp\/v2\/types\/post"}],"author":[{"embeddable":true,"href":"http:\/\/sindiquimicabr.com.br\/index.php\/wp-json\/wp\/v2\/users\/2"}],"replies":[{"embeddable":true,"href":"http:\/\/sindiquimicabr.com.br\/index.php\/wp-json\/wp\/v2\/comments?post=18672"}],"version-history":[{"count":1,"href":"http:\/\/sindiquimicabr.com.br\/index.php\/wp-json\/wp\/v2\/posts\/18672\/revisions"}],"predecessor-version":[{"id":18675,"href":"http:\/\/sindiquimicabr.com.br\/index.php\/wp-json\/wp\/v2\/posts\/18672\/revisions\/18675"}],"wp:featuredmedia":[{"embeddable":true,"href":"http:\/\/sindiquimicabr.com.br\/index.php\/wp-json\/wp\/v2\/media\/18673"}],"wp:attachment":[{"href":"http:\/\/sindiquimicabr.com.br\/index.php\/wp-json\/wp\/v2\/media?parent=18672"}],"wp:term":[{"taxonomy":"category","embeddable":true,"href":"http:\/\/sindiquimicabr.com.br\/index.php\/wp-json\/wp\/v2\/categories?post=18672"},{"taxonomy":"post_tag","embeddable":true,"href":"http:\/\/sindiquimicabr.com.br\/index.php\/wp-json\/wp\/v2\/tags?post=18672"}],"curies":[{"name":"wp","href":"https:\/\/api.w.org\/{rel}","templated":true}]}}