{"id":18840,"date":"2025-08-27T17:18:29","date_gmt":"2025-08-27T17:18:29","guid":{"rendered":"http:\/\/sindiquimicabr.com.br\/?p=18840"},"modified":"2025-08-27T18:52:52","modified_gmt":"2025-08-27T18:52:52","slug":"previa-da-inflacao-oficial-de-agosto-recua-014-diz-ibge","status":"publish","type":"post","link":"http:\/\/sindiquimicabr.com.br\/index.php\/2025\/08\/27\/previa-da-inflacao-oficial-de-agosto-recua-014-diz-ibge\/","title":{"rendered":"Pr\u00e9via da infla\u00e7\u00e3o oficial de agosto recua 0,14%, diz IBGE"},"content":{"rendered":"<p style=\"text-align: center;\">\u00c9 o menor \u00edndice desde setembro de 2022<\/p>\n<p><a href=\"http:\/\/sindiquimicabr.com.br\/wp\/wp-content\/uploads\/2025\/08\/05.jpg\"><img decoding=\"async\" loading=\"lazy\" class=\"size-full wp-image-18841 aligncenter\" src=\"http:\/\/sindiquimicabr.com.br\/wp\/wp-content\/uploads\/2025\/08\/05.jpg\" alt=\"\" width=\"700\" height=\"460\" srcset=\"http:\/\/sindiquimicabr.com.br\/wp\/wp-content\/uploads\/2025\/08\/05.jpg 700w, http:\/\/sindiquimicabr.com.br\/wp\/wp-content\/uploads\/2025\/08\/05-300x197.jpg 300w\" sizes=\"(max-width: 700px) 100vw, 700px\" \/><\/a><\/p>\n<div class=\"dd-m-editor\">\n<p style=\"text-align: justify;\"><strong>Desconto na conta de luz, queda no pre\u00e7o dos alimentos e gasolina mais barata s\u00e3o fatores que fizeram a pr\u00e9via da infla\u00e7\u00e3o de agosto ficar negativa em 0,14%. Na m\u00e9dia, o custo de vida das fam\u00edlias ficou mais em conta.<\/strong><img decoding=\"async\" src=\"https:\/\/agenciabrasil.ebc.com.br\/ebc.png?id=1655803&amp;o=node\" \/><img decoding=\"async\" src=\"https:\/\/agenciabrasil.ebc.com.br\/ebc.gif?id=1655803&amp;o=node\" \/><\/p>\n<p style=\"text-align: justify;\">A constata\u00e7\u00e3o est\u00e1 no \u00cdndice Nacional de Pre\u00e7os ao Consumidor Amplo 15 (IPCA-15), considerado a pr\u00e9via da infla\u00e7\u00e3o oficial no pa\u00eds, divulgado nesta ter\u00e7a-feira (26) pelo\u00a0<a href=\"https:\/\/agenciabrasil.ebc.com.br\/tags\/ibge\" target=\"_blank\" rel=\"noopener\">Instituto Brasileiro de Geografia e Estat\u00edstica (IBGE)<\/a>.<\/p>\n<p style=\"text-align: justify;\">Em julho, o IPCA-15 tinha marcado 0,33%.<\/p>\n<p style=\"text-align: justify;\"><strong>O resultado de agosto \u00e9 o menor desde setembro de 2022 (-0,37%) e a primeira defla\u00e7\u00e3o (infla\u00e7\u00e3o negativa) desde julho de 2023 (-0,07%)<\/strong>. Em agosto de 2024, o \u00edndice marcou 0,19%.<\/p>\n<p style=\"text-align: justify;\"><strong>Com o resultado conhecido nesta ter\u00e7a-feira, o IPCA-15 acumulado em 12 meses fica em 4,95%. Em julho, era 5,30%.<\/strong><\/p>\n<p style=\"text-align: justify;\">O governo trabalha com a meta de manter a infla\u00e7\u00e3o oficial em 3% ao ano, com margem de toler\u00e2ncia de 1,5 ponto percentual (p.p.) para mais ou para menos, isto \u00e9, o m\u00e1ximo tolerado em 4,5%.<\/p>\n<p><strong>B\u00f4nus de Itaipu<\/strong><\/p>\n<p style=\"text-align: justify;\">Dos nove grupos de produtos e servi\u00e7os pesquisados pelo IBGE, quatro apresentam defla\u00e7\u00e3o na pr\u00e9via de agosto.\u00a0<strong>Destaque para a habita\u00e7\u00e3o, que viu os pre\u00e7os recuarem 1,13%, representando impacto de -0,17%, o maior impacto negativo dentre os nove grupos.<\/strong><\/p>\n<p style=\"text-align: justify;\">O que mais puxou essa queda na infla\u00e7\u00e3o da habita\u00e7\u00e3o foi a conta de luz, que baixou 4,93%.\u00a0<strong>De todos os 377 produtos e servi\u00e7os apurados pelo IBGE, foi o pre\u00e7o da energia el\u00e9trica residencial que mais pressionou o IPCA-15 para baixo, com impacto de 0,20 p.p.<\/strong><\/p>\n<p style=\"text-align: justify;\">A explica\u00e7\u00e3o est\u00e1 no chamado B\u00f4nus de Itaipu, desconto na conta que beneficiou 80,8 milh\u00f5es de consumidores. Conforme adiantou a<strong>\u00a0Ag\u00eancia Brasil, a<a href=\"https:\/\/agenciabrasil.ebc.com.br\/economia\/noticia\/2025-07\/bonus-itaipu-dara-desconto-medio-de-r-1159-na-conta-de-luz-de-agosto\" target=\"_blank\" rel=\"noopener\">\u00a0bonifica\u00e7\u00e3o<\/a>\u00a0compensou a bandeira tarif\u00e1ria vermelha 2, que adiciona R$ 7,87 na conta e luz a cada 100 Kwh consumidos.<\/strong><\/p>\n<p style=\"text-align: justify;\"><strong>Alimentos<\/strong><\/p>\n<p style=\"text-align: justify;\">O segundo grupo que mais ajudou a segurar a infla\u00e7\u00e3o foi o de alimentos e bebidas, que recuou 0,53% (impacto de -0,12 p.p.).\u00a0<strong>\u00c9 o terceiro m\u00eas seguido de defla\u00e7\u00e3o no pre\u00e7o da comida, depois de nove meses seguidos de alta.<\/strong><\/p>\n<p style=\"text-align: justify;\">A alimenta\u00e7\u00e3o no domic\u00edlio caiu 1,02% em agosto, com destaque para as quedas nos pre\u00e7os da manga (-20,99%), batata-inglesa (-18,77%), cebola (-13,83%), tomate (-7,71%), arroz (-3,12%) e carnes (-0,94%).<\/p>\n<p style=\"text-align: justify;\"><strong>Gasolina<\/strong><\/p>\n<p style=\"text-align: justify;\"><strong>O grupo dos transportes apresentou defla\u00e7\u00e3o de 0,47% na pr\u00e9via de agosto, o que representa impacto de -0,10 p.p. no IPCA-15. O resultado foi impulsionado pelas quedas nas passagens a\u00e9reas (-2,59%), autom\u00f3vel novo (-1,32%) e na gasolina (-1,14%).<\/strong><\/p>\n<p style=\"text-align: justify;\">A gasolina \u00e9 o subitem da cesta de consumo do brasileiro com maior peso, e a queda em agosto representou impacto de -0,06 p.p.<\/p>\n<p style=\"text-align: justify;\">O conjunto de combust\u00edveis recuou 1,18% em m\u00e9dia, com defla\u00e7\u00e3o dos pre\u00e7os do \u00f3leo diesel (-0,20%), g\u00e1s veicular (-0,25%) e etanol (-1,98%).<\/p>\n<p style=\"text-align: justify;\"><strong>Demais grupos<\/strong><\/p>\n<p style=\"text-align: justify;\"><strong>O grupo comunica\u00e7\u00e3o caiu 0,17% no m\u00eas, com impacto de -0,01 p.p. no IPCA-15. Os demais cinco grupos tiveram varia\u00e7\u00f5es e impactos positivo ou nulo:<\/strong><\/p>\n<ul style=\"text-align: justify;\">\n<li>Despesas pessoais (1,09% e 0,11 p.p.)<\/li>\n<li>Educa\u00e7\u00e3o (0,78% e 0,05 p.p.)<\/li>\n<li>Sa\u00fade e cuidados pessoais (0,64% e 0,09 p.p.)<\/li>\n<li>Vestu\u00e1rio (0,17% e 0,01 p.p.)<\/li>\n<li>Artigos de resid\u00eancia (0,03% e 0,00, p.p.)<\/li>\n<\/ul>\n<p style=\"text-align: justify;\"><strong>Pr\u00e9via e infla\u00e7\u00e3o oficial<\/strong><\/p>\n<p style=\"text-align: justify;\">O IPCA-15 tem basicamente a mesma metodologia do IPCA, a chamada infla\u00e7\u00e3o oficial, que serve de base para a pol\u00edtica de meta de infla\u00e7\u00e3o do governo.<\/p>\n<p style=\"text-align: justify;\">A diferen\u00e7a est\u00e1 no per\u00edodo de coleta de pre\u00e7os e na abrang\u00eancia geogr\u00e1fica. Na pr\u00e9via, a pesquisa \u00e9\u00a0feita e divulgada antes mesmo de acabar o m\u00eas de refer\u00eancia. Em rela\u00e7\u00e3o \u00e0 divulga\u00e7\u00e3o atual, o per\u00edodo de coleta foi de 16 de julho a 14 de agosto.<\/p>\n<p style=\"text-align: justify;\">Ambos os \u00edndices levam em considera\u00e7\u00e3o uma cesta de produtos e servi\u00e7os para fam\u00edlias com rendimentos entre um e 40 sal\u00e1rios m\u00ednimos. Atualmente, o valor do m\u00ednimo \u00e9 R$ 1.518.<\/p>\n<p style=\"text-align: justify;\">O IPCA-15 coleta pre\u00e7os em 11 localidades do pa\u00eds (as regi\u00f5es metropolitanas do Rio de Janeiro, Porto Alegre, Belo Horizonte, Recife, S\u00e3o Paulo, Bel\u00e9m, Fortaleza, Salvador e Curitiba, al\u00e9m de Bras\u00edlia e Goi\u00e2nia.); e o IPCA, 16 localidades (inclui Vit\u00f3ria, Campo Grande, Rio Branco, S\u00e3o Lu\u00eds e Aracaju). O IPCA de agosto ser\u00e1 divulgado em 10 de setembro.<\/p>\n<p>Fonte: <a href=\"https:\/\/www.cut.org.br\/noticias\/previa-da-inflacao-oficial-de-agosto-recua-0-14-diz-ibge-00d0\">Cut<\/a><\/p>\n<\/div>\n","protected":false},"excerpt":{"rendered":"<p>\u00c9 o menor \u00edndice desde setembro de 2022 Desconto na conta de luz, queda no pre\u00e7o dos alimentos e gasolina mais barata s\u00e3o fatores que fizeram a pr\u00e9via da infla\u00e7\u00e3o de agosto ficar negativa em 0,14%. Na m\u00e9dia, o custo de vida das fam\u00edlias ficou mais em conta. A constata\u00e7\u00e3o est\u00e1 no \u00cdndice Nacional de<a class=\"moretag\" href=\"http:\/\/sindiquimicabr.com.br\/index.php\/2025\/08\/27\/previa-da-inflacao-oficial-de-agosto-recua-014-diz-ibge\/\"> [&#8230;]<\/a><\/p>\n","protected":false},"author":2,"featured_media":18841,"comment_status":"closed","ping_status":"closed","sticky":false,"template":"","format":"standard","meta":[],"categories":[10],"tags":[],"_links":{"self":[{"href":"http:\/\/sindiquimicabr.com.br\/index.php\/wp-json\/wp\/v2\/posts\/18840"}],"collection":[{"href":"http:\/\/sindiquimicabr.com.br\/index.php\/wp-json\/wp\/v2\/posts"}],"about":[{"href":"http:\/\/sindiquimicabr.com.br\/index.php\/wp-json\/wp\/v2\/types\/post"}],"author":[{"embeddable":true,"href":"http:\/\/sindiquimicabr.com.br\/index.php\/wp-json\/wp\/v2\/users\/2"}],"replies":[{"embeddable":true,"href":"http:\/\/sindiquimicabr.com.br\/index.php\/wp-json\/wp\/v2\/comments?post=18840"}],"version-history":[{"count":2,"href":"http:\/\/sindiquimicabr.com.br\/index.php\/wp-json\/wp\/v2\/posts\/18840\/revisions"}],"predecessor-version":[{"id":18843,"href":"http:\/\/sindiquimicabr.com.br\/index.php\/wp-json\/wp\/v2\/posts\/18840\/revisions\/18843"}],"wp:featuredmedia":[{"embeddable":true,"href":"http:\/\/sindiquimicabr.com.br\/index.php\/wp-json\/wp\/v2\/media\/18841"}],"wp:attachment":[{"href":"http:\/\/sindiquimicabr.com.br\/index.php\/wp-json\/wp\/v2\/media?parent=18840"}],"wp:term":[{"taxonomy":"category","embeddable":true,"href":"http:\/\/sindiquimicabr.com.br\/index.php\/wp-json\/wp\/v2\/categories?post=18840"},{"taxonomy":"post_tag","embeddable":true,"href":"http:\/\/sindiquimicabr.com.br\/index.php\/wp-json\/wp\/v2\/tags?post=18840"}],"curies":[{"name":"wp","href":"https:\/\/api.w.org\/{rel}","templated":true}]}}