{"id":1949,"date":"2016-09-22T17:26:25","date_gmt":"2016-09-22T17:26:25","guid":{"rendered":"http:\/\/sindiquimicabr.com.br\/?p=1949"},"modified":"2016-09-29T12:01:47","modified_gmt":"2016-09-29T12:01:47","slug":"inss-ja-cortou-46-mil-auxilios-doenca-antes-de-iniciar-pente-fino","status":"publish","type":"post","link":"http:\/\/sindiquimicabr.com.br\/index.php\/2016\/09\/22\/inss-ja-cortou-46-mil-auxilios-doenca-antes-de-iniciar-pente-fino\/","title":{"rendered":"INSS j\u00e1 cortou 46 mil aux\u00edlios-doen\u00e7a antes de iniciar pente-fino"},"content":{"rendered":"<h4 class=\"headline\">No in\u00edcio do ano, o \u00f3rg\u00e3o apresentou ao Minist\u00e9rio do Or\u00e7amento um plano para reduzir despesas obrigat\u00f3rias<\/h4>\n<p><a href=\"http:\/\/sindiquimicabr.com.br\/wp\/wp-content\/uploads\/2016\/09\/INSS-j\u00e1-cortou-46-mil-aux\u00edlios-doen\u00e7a-antes-de-iniciar-pente-fino-1.jpg\"><img decoding=\"async\" loading=\"lazy\" class=\"alignnone size-full wp-image-1951\" src=\"http:\/\/sindiquimicabr.com.br\/wp\/wp-content\/uploads\/2016\/09\/INSS-j\u00e1-cortou-46-mil-aux\u00edlios-doen\u00e7a-antes-de-iniciar-pente-fino-1.jpg\" alt=\"inss-ja-cortou-46-mil-auxilios-doenca-antes-de-iniciar-pente-fino\" width=\"1370\" height=\"587\" srcset=\"http:\/\/sindiquimicabr.com.br\/wp\/wp-content\/uploads\/2016\/09\/INSS-j\u00e1-cortou-46-mil-aux\u00edlios-doen\u00e7a-antes-de-iniciar-pente-fino-1.jpg 1370w, http:\/\/sindiquimicabr.com.br\/wp\/wp-content\/uploads\/2016\/09\/INSS-j\u00e1-cortou-46-mil-aux\u00edlios-doen\u00e7a-antes-de-iniciar-pente-fino-1-300x129.jpg 300w, http:\/\/sindiquimicabr.com.br\/wp\/wp-content\/uploads\/2016\/09\/INSS-j\u00e1-cortou-46-mil-aux\u00edlios-doen\u00e7a-antes-de-iniciar-pente-fino-1-768x329.jpg 768w, http:\/\/sindiquimicabr.com.br\/wp\/wp-content\/uploads\/2016\/09\/INSS-j\u00e1-cortou-46-mil-aux\u00edlios-doen\u00e7a-antes-de-iniciar-pente-fino-1-1024x439.jpg 1024w, http:\/\/sindiquimicabr.com.br\/wp\/wp-content\/uploads\/2016\/09\/INSS-j\u00e1-cortou-46-mil-aux\u00edlios-doen\u00e7a-antes-de-iniciar-pente-fino-1-600x257.jpg 600w\" sizes=\"(max-width: 1370px) 100vw, 1370px\" \/><\/a><\/p>\n<p><span class=\"mainText\">O INSS (Instituto Nacional do Seguro Social) j\u00e1 cortou 53 mil benef\u00edcios por incapacidade at\u00e9 julho deste ano, antes, portanto, do pente-fino que ser\u00e1 iniciado neste m\u00eas pelo instituto.<\/span><\/p>\n<p>No in\u00edcio do ano, o \u00f3rg\u00e3o apresentou ao Minist\u00e9rio do Or\u00e7amento um plano para reduzir despesas obrigat\u00f3rias.<\/p>\n<p>Para isso, assumiu o compromisso de revisar 500 mil aux\u00edlios-doen\u00e7a e 700 mil aposentadorias por invalidez que estavam sendo pagos h\u00e1 mais de tr\u00eas anos, segundo relat\u00f3rio do Minist\u00e9rio da Transpar\u00eancia.<\/p>\n<p>At\u00e9 julho deste ano, essa revis\u00e3o resultou no cancelamento de 46 mil aux\u00edlios-doen\u00e7a e 7.000 aposentadorias, totalizando 53 mil benef\u00edcios cessados. A economia gerada com esses cortes \u00e9 de R$ 916 milh\u00f5es ao ano.<\/p>\n<p>O relat\u00f3rio indica que a quantidade de benefici\u00e1rios exclu\u00eddos da folha de pagamentos s\u00f3 n\u00e3o avan\u00e7ou mais depressa porque o INSS n\u00e3o tem m\u00e9dicos peritos suficientes.<\/p>\n<p>O instituto levaria quatro anos apenas para concluir a revis\u00e3o dos aux\u00edlios, considerando o seu atual quadro de profissionais.<\/p>\n<p>A abertura de concursos p\u00fablicos foi solicitada, mas a crise das contas p\u00fablicas impede contrata\u00e7\u00f5es.<\/p>\n<p>A solu\u00e7\u00e3o encontrada pelo governo para acelerar esse trabalho foi autorizar, em julho deste ano, a cria\u00e7\u00e3o de um pente-fino feito em esquema de mutir\u00e3o: a medida provis\u00f3ria 739\/16 estabeleceu que os peritos ganhar\u00e3o um b\u00f4nus de R$ 60 por benef\u00edcio revisado. Com informa\u00e7\u00f5es da Folhapress.<\/p>\n<p>Fonte: <a href=\"https:\/\/www.noticiasaominuto.com.br\/economia\/282727\/inss-ja-cortou-46-mil-auxilios-doenca-antes-de-iniciar-pente-fino\" target=\"_blank\">Not\u00edcias ao Minuto<\/a><\/p>\n","protected":false},"excerpt":{"rendered":"<p>No in\u00edcio do ano, o \u00f3rg\u00e3o apresentou ao Minist\u00e9rio do Or\u00e7amento um plano para reduzir despesas obrigat\u00f3rias O INSS (Instituto Nacional do Seguro Social) j\u00e1 cortou 53 mil benef\u00edcios por incapacidade at\u00e9 julho deste ano, antes, portanto, do pente-fino que ser\u00e1 iniciado neste m\u00eas pelo instituto. No in\u00edcio do ano, o \u00f3rg\u00e3o apresentou ao Minist\u00e9rio<a class=\"moretag\" href=\"http:\/\/sindiquimicabr.com.br\/index.php\/2016\/09\/22\/inss-ja-cortou-46-mil-auxilios-doenca-antes-de-iniciar-pente-fino\/\"> [&#8230;]<\/a><\/p>\n","protected":false},"author":2,"featured_media":1950,"comment_status":"closed","ping_status":"closed","sticky":false,"template":"","format":"standard","meta":[],"categories":[10],"tags":[],"_links":{"self":[{"href":"http:\/\/sindiquimicabr.com.br\/index.php\/wp-json\/wp\/v2\/posts\/1949"}],"collection":[{"href":"http:\/\/sindiquimicabr.com.br\/index.php\/wp-json\/wp\/v2\/posts"}],"about":[{"href":"http:\/\/sindiquimicabr.com.br\/index.php\/wp-json\/wp\/v2\/types\/post"}],"author":[{"embeddable":true,"href":"http:\/\/sindiquimicabr.com.br\/index.php\/wp-json\/wp\/v2\/users\/2"}],"replies":[{"embeddable":true,"href":"http:\/\/sindiquimicabr.com.br\/index.php\/wp-json\/wp\/v2\/comments?post=1949"}],"version-history":[{"count":1,"href":"http:\/\/sindiquimicabr.com.br\/index.php\/wp-json\/wp\/v2\/posts\/1949\/revisions"}],"predecessor-version":[{"id":1952,"href":"http:\/\/sindiquimicabr.com.br\/index.php\/wp-json\/wp\/v2\/posts\/1949\/revisions\/1952"}],"wp:featuredmedia":[{"embeddable":true,"href":"http:\/\/sindiquimicabr.com.br\/index.php\/wp-json\/wp\/v2\/media\/1950"}],"wp:attachment":[{"href":"http:\/\/sindiquimicabr.com.br\/index.php\/wp-json\/wp\/v2\/media?parent=1949"}],"wp:term":[{"taxonomy":"category","embeddable":true,"href":"http:\/\/sindiquimicabr.com.br\/index.php\/wp-json\/wp\/v2\/categories?post=1949"},{"taxonomy":"post_tag","embeddable":true,"href":"http:\/\/sindiquimicabr.com.br\/index.php\/wp-json\/wp\/v2\/tags?post=1949"}],"curies":[{"name":"wp","href":"https:\/\/api.w.org\/{rel}","templated":true}]}}