{"id":1954,"date":"2016-09-27T14:38:51","date_gmt":"2016-09-27T14:38:51","guid":{"rendered":"http:\/\/sindiquimicabr.com.br\/?p=1954"},"modified":"2016-10-04T13:03:36","modified_gmt":"2016-10-04T13:03:36","slug":"bancarios-e-fenaban-voltam-a-negociar-para-acabar-com-greve","status":"publish","type":"post","link":"http:\/\/sindiquimicabr.com.br\/index.php\/2016\/09\/27\/bancarios-e-fenaban-voltam-a-negociar-para-acabar-com-greve\/","title":{"rendered":"Banc\u00e1rios e Fenaban voltam a negociar para acabar com greve"},"content":{"rendered":"<div id=\"attachment_1955\" style=\"width: 820px\" class=\"wp-caption alignnone\"><a href=\"http:\/\/sindiquimicabr.com.br\/wp\/wp-content\/uploads\/2016\/09\/Banc\u00e1rios-e-Fenaban-voltam-a-negociar-para-acabar-com-greve.jpg\"><img aria-describedby=\"caption-attachment-1955\" decoding=\"async\" loading=\"lazy\" class=\"wp-image-1955 size-full\" src=\"http:\/\/sindiquimicabr.com.br\/wp\/wp-content\/uploads\/2016\/09\/Banc\u00e1rios-e-Fenaban-voltam-a-negociar-para-acabar-com-greve.jpg\" alt=\"bancarios-e-fenaban-voltam-a-negociar-para-acabar-com-greve\" width=\"810\" height=\"455\" srcset=\"http:\/\/sindiquimicabr.com.br\/wp\/wp-content\/uploads\/2016\/09\/Banc\u00e1rios-e-Fenaban-voltam-a-negociar-para-acabar-com-greve.jpg 810w, http:\/\/sindiquimicabr.com.br\/wp\/wp-content\/uploads\/2016\/09\/Banc\u00e1rios-e-Fenaban-voltam-a-negociar-para-acabar-com-greve-300x169.jpg 300w, http:\/\/sindiquimicabr.com.br\/wp\/wp-content\/uploads\/2016\/09\/Banc\u00e1rios-e-Fenaban-voltam-a-negociar-para-acabar-com-greve-768x431.jpg 768w, http:\/\/sindiquimicabr.com.br\/wp\/wp-content\/uploads\/2016\/09\/Banc\u00e1rios-e-Fenaban-voltam-a-negociar-para-acabar-com-greve-600x337.jpg 600w\" sizes=\"(max-width: 810px) 100vw, 810px\" \/><\/a><p id=\"caption-attachment-1955\" class=\"wp-caption-text\">Greve: paralisa\u00e7\u00e3o j\u00e1 dura 21 dias e negocia\u00e7\u00e3o acontecer\u00e1 na tarde desta ter\u00e7a-feira<\/p><\/div>\n<div data-template-placeholder=\"content-placeholder\">\n<p>S\u00e3o Paulo &#8211; O Comando Nacional dos <a href=\"http:\/\/www.exame.com.br\/topicos\/bancarios\"><strong>Banc\u00e1rios<\/strong><\/a> e a Federa\u00e7\u00e3o Nacional dos <a href=\"http:\/\/www.exame.com.br\/topicos\/bancos\"><strong>Bancos<\/strong><\/a> (Fenaban) voltam \u00e0 mesa de negocia\u00e7\u00e3o nesta ter\u00e7a-feira, 27, \u00e0s 14h, para tentar chegar a um acordo que coloque fim \u00e0 greve dos banc\u00e1rios, que completou 21 dias nesta segunda-feira, 26. A informa\u00e7\u00e3o \u00e9 do Sindicato dos Banc\u00e1rios de S\u00e3o Paulo, Osasco e Regi\u00e3o.<\/p>\n<p>&#8220;Na sexta-feira (23), enviamos carta \u00e0 Fenaban reiterando nossa disposi\u00e7\u00e3o para negociar com os bancos. Esperamos que eles voltem \u00e0 mesa de negocia\u00e7\u00e3o com uma proposta condizente com seus lucros. J\u00e1 s\u00e3o 17 dias sem nova proposta e os trabalhadores e a popula\u00e7\u00e3o n\u00e3o podem ser prejudicados pela gan\u00e2ncia dos banqueiros&#8221;, disse em nota a presidente do Sindicato dos Banc\u00e1rios de S\u00e3o Paulo, Osasco e regi\u00e3o, Juvandia Moreira.<\/p>\n<p>Um balan\u00e7o feito pelo Sindicato dos Banc\u00e1rios de S\u00e3o Paulo, Osasco e Regi\u00e3o mostra que 913 locais de trabalho, sendo 10 centros administrativos e 903 ag\u00eancias, fecharam nesta segunda-feira. Estima-se que mais de 32 mil trabalhadores participaram das paralisa\u00e7\u00f5es.<\/p>\n<p>A data-base dos banc\u00e1rios \u00e9 1\u00ba de setembro. A categoria entregou pauta com as reivindica\u00e7\u00f5es no dia 9 de agosto e, ap\u00f3s cinco rodadas de negocia\u00e7\u00e3o com a Fenaban, n\u00e3o houve acordo para o \u00edndice de reajuste e demais reivindica\u00e7\u00f5es.<\/p>\n<p>No dia 30\/8 os bancos apresentaram proposta com reajuste de 6,5%, com R$ 3.000 de abono para os trabalhadores. A categoria rejeitou a proposta e a greve teve in\u00edcio no dia 6 de setembro.<\/p>\n<p>A segunda proposta aconteceu no \u00faltimo dia 9, com reajuste de 7% (com 2,39% de perda salarial) e abono de R$ 3.300, rejeitada na mesa de negocia\u00e7\u00e3o.<\/p>\n<p>Nas outras duas reuni\u00f5es, em 13 e 15 de setembro, n\u00e3o houve mudan\u00e7a na proposta. O sindicato dos banc\u00e1rios pede 14,78% de reajuste (alta real de 5%, considerando a infla\u00e7\u00e3o).<\/p>\n<p>Segundo apurou o Broadcast, sistema de not\u00edcias em tempo real do Grupo Estado, na \u00faltima sexta-feira, do lado dos bancos, n\u00e3o h\u00e1 a expectativa de um impacto do acordo salarial com a classe que justifique a eleva\u00e7\u00e3o dos guidances de despesas para o ano, segundo fontes.<\/p>\n<p>Ainda que o aumento fique acima do or\u00e7ado pelas institui\u00e7\u00f5es, em torno dos 7%, explica um executivo, ser\u00e1 compensado com corte de custos e tamb\u00e9m de funcion\u00e1rios.<\/p>\n<p>&#8220;Os bancos est\u00e3o cada vez mais eficientes. Se aperta de um lado, sai do outro. Os bancos ter\u00e3o de desligar mais gente&#8221;, afirma um executivo.<\/p>\n<p>Al\u00e9m disso, o impacto da paralisa\u00e7\u00e3o nos resultados dos bancos \u00e9 cada vez menor, em meio \u00e0 migra\u00e7\u00e3o das transa\u00e7\u00f5es banc\u00e1rias para os canais digitais, como o internet banking e o mobile banking.<\/p>\n<p>A Federa\u00e7\u00e3o Brasileira de Bancos (Febraban) destacou, em nota ao Broadcast na sexta-feira que o uso de canais alternativos \u00e0s ag\u00eancias banc\u00e1rias para fazer opera\u00e7\u00f5es, especialmente os meios eletr\u00f4nicos, tem sido eficaz para minimizar os efeitos da greve. Juntos, internet banking e mobile banking responderam por mais da metade das transa\u00e7\u00f5es banc\u00e1rias (54%).<\/p>\n<p>&#8220;O internet banking foi o canal respons\u00e1vel pelo maior n\u00famero de transa\u00e7\u00f5es em 2015, com 33% do total, o equivalente a 17,7 bilh\u00f5es de opera\u00e7\u00f5es banc\u00e1rias. As contas com internet banking saltaram de 56 milh\u00f5es, em 2014, para 62 milh\u00f5es no ano passado&#8221;, refor\u00e7a a Febraban.<\/p>\n<p>&#8220;A tend\u00eancia \u00e9 impactar cada vez menos. Cada vez mais as opera\u00e7\u00f5es s\u00e3o on-line e digitais&#8221;, diz um analista de bancos.<\/p>\n<p>Fonte: <a href=\"http:\/\/exame.abril.com.br\/brasil\/noticias\/bancarios-e-fenaban-voltam-a-negociar-para-acabar-com-greve\" target=\"_blank\">Exame.com<\/a><\/p>\n<\/div>\n","protected":false},"excerpt":{"rendered":"<p>S\u00e3o Paulo &#8211; O Comando Nacional dos Banc\u00e1rios e a Federa\u00e7\u00e3o Nacional dos Bancos (Fenaban) voltam \u00e0 mesa de negocia\u00e7\u00e3o nesta ter\u00e7a-feira, 27, \u00e0s 14h, para tentar chegar a um acordo que coloque fim \u00e0 greve dos banc\u00e1rios, que completou 21 dias nesta segunda-feira, 26. A informa\u00e7\u00e3o \u00e9 do Sindicato dos Banc\u00e1rios de S\u00e3o Paulo,<a class=\"moretag\" href=\"http:\/\/sindiquimicabr.com.br\/index.php\/2016\/09\/27\/bancarios-e-fenaban-voltam-a-negociar-para-acabar-com-greve\/\"> [&#8230;]<\/a><\/p>\n","protected":false},"author":2,"featured_media":1956,"comment_status":"closed","ping_status":"closed","sticky":false,"template":"","format":"standard","meta":[],"categories":[10],"tags":[],"_links":{"self":[{"href":"http:\/\/sindiquimicabr.com.br\/index.php\/wp-json\/wp\/v2\/posts\/1954"}],"collection":[{"href":"http:\/\/sindiquimicabr.com.br\/index.php\/wp-json\/wp\/v2\/posts"}],"about":[{"href":"http:\/\/sindiquimicabr.com.br\/index.php\/wp-json\/wp\/v2\/types\/post"}],"author":[{"embeddable":true,"href":"http:\/\/sindiquimicabr.com.br\/index.php\/wp-json\/wp\/v2\/users\/2"}],"replies":[{"embeddable":true,"href":"http:\/\/sindiquimicabr.com.br\/index.php\/wp-json\/wp\/v2\/comments?post=1954"}],"version-history":[{"count":1,"href":"http:\/\/sindiquimicabr.com.br\/index.php\/wp-json\/wp\/v2\/posts\/1954\/revisions"}],"predecessor-version":[{"id":1957,"href":"http:\/\/sindiquimicabr.com.br\/index.php\/wp-json\/wp\/v2\/posts\/1954\/revisions\/1957"}],"wp:featuredmedia":[{"embeddable":true,"href":"http:\/\/sindiquimicabr.com.br\/index.php\/wp-json\/wp\/v2\/media\/1956"}],"wp:attachment":[{"href":"http:\/\/sindiquimicabr.com.br\/index.php\/wp-json\/wp\/v2\/media?parent=1954"}],"wp:term":[{"taxonomy":"category","embeddable":true,"href":"http:\/\/sindiquimicabr.com.br\/index.php\/wp-json\/wp\/v2\/categories?post=1954"},{"taxonomy":"post_tag","embeddable":true,"href":"http:\/\/sindiquimicabr.com.br\/index.php\/wp-json\/wp\/v2\/tags?post=1954"}],"curies":[{"name":"wp","href":"https:\/\/api.w.org\/{rel}","templated":true}]}}