{"id":2036,"date":"2016-10-27T10:22:54","date_gmt":"2016-10-27T10:22:54","guid":{"rendered":"http:\/\/sindiquimicabr.com.br\/?p=2036"},"modified":"2016-11-03T16:12:42","modified_gmt":"2016-11-03T16:12:42","slug":"stf-decide-que-desaposentacao-e-ilegal","status":"publish","type":"post","link":"http:\/\/sindiquimicabr.com.br\/index.php\/2016\/10\/27\/stf-decide-que-desaposentacao-e-ilegal\/","title":{"rendered":"STF decide que desaposenta\u00e7\u00e3o \u00e9 ilegal"},"content":{"rendered":"<h4 class=\"article-subtitle\">Por 7 votos a 4, os ministros consideraram a desaposenta\u00e7\u00e3o inconstitucional por n\u00e3o estar prevista na legisla\u00e7\u00e3o<\/h4>\n<div id=\"attachment_2037\" style=\"width: 690px\" class=\"wp-caption alignnone\"><a href=\"http:\/\/sindiquimicabr.com.br\/wp\/wp-content\/uploads\/2016\/10\/STF-decide-que-desaposenta\u00e7\u00e3o-\u00e9-ilegal.jpg\"><img aria-describedby=\"caption-attachment-2037\" decoding=\"async\" loading=\"lazy\" class=\"wp-image-2037 size-full\" src=\"http:\/\/sindiquimicabr.com.br\/wp\/wp-content\/uploads\/2016\/10\/STF-decide-que-desaposenta\u00e7\u00e3o-\u00e9-ilegal.jpg\" alt=\"stf-decide-que-desaposentacao-e-ilegal\" width=\"680\" height=\"453\" srcset=\"http:\/\/sindiquimicabr.com.br\/wp\/wp-content\/uploads\/2016\/10\/STF-decide-que-desaposenta\u00e7\u00e3o-\u00e9-ilegal.jpg 680w, http:\/\/sindiquimicabr.com.br\/wp\/wp-content\/uploads\/2016\/10\/STF-decide-que-desaposenta\u00e7\u00e3o-\u00e9-ilegal-300x200.jpg 300w, http:\/\/sindiquimicabr.com.br\/wp\/wp-content\/uploads\/2016\/10\/STF-decide-que-desaposenta\u00e7\u00e3o-\u00e9-ilegal-600x400.jpg 600w, http:\/\/sindiquimicabr.com.br\/wp\/wp-content\/uploads\/2016\/10\/STF-decide-que-desaposenta\u00e7\u00e3o-\u00e9-ilegal-272x182.jpg 272w\" sizes=\"(max-width: 680px) 100vw, 680px\" \/><\/a><p id=\"caption-attachment-2037\" class=\"wp-caption-text\">INSS: a legalidade do benef\u00edcio estava em julgamento na Corte h\u00e1 dois anos e sofreu sucessivos pedidos de vista<\/p><\/div>\n<p>O Supremo Tribunal Federal (<strong><a href=\"http:\/\/exame.abril.com.br\/noticias-sobre\/stf\/\">STF<\/a><\/strong>) decidiu ontem (26) considerar ilegal a <strong><a href=\"http:\/\/exame.abril.com.br\/noticias-sobre\/aposentadoria\">desaposenta\u00e7\u00e3o<\/a><\/strong> \u2013 a possibilidade de o aposentado pedir a revis\u00e3o do benef\u00edcio por ter voltado a trabalhar e a contribuir para a Previd\u00eancia Social.<\/p>\n<p>A legalidade do benef\u00edcio estava em julgamento na Corte h\u00e1 dois anos e sofreu sucessivos pedidos de vista. Mais de 180 mil processos estavam parados em todo o pa\u00eds aguardando a decis\u00e3o do Supremo.<\/p>\n<p>Por 7 votos a 4, os ministros consideraram a desaposenta\u00e7\u00e3o inconstitucional por n\u00e3o estar prevista na legisla\u00e7\u00e3o. Votaram contra o rec\u00e1lculo da aposentadoria os ministros Dias Toffoli, Teori Zavascki, Edson Fachin, Luiz Fux, Gilmar Mendes, Celso de Mello, e a presidente, C\u00e1rmen L\u00facia. A favor votaram Marco Aur\u00e9lio, Lu\u00eds Roberto Barroso, Rosa Weber e Ricardo Lewandowski.<\/p>\n<p>A validade da desaposenta\u00e7\u00e3o foi decidida ap\u00f3s um aposentado pedir ao Instituto Nacional do Seguro Social (INSS) a interrup\u00e7\u00e3o do pagamento da atual aposentadoria por tempo de servi\u00e7o e a concess\u00e3o de um novo benef\u00edcio por tempo de contribui\u00e7\u00e3o, com base nos pagamentos que voltou a fazer quando retornou ao trabalho.<\/p>\n<p><strong>AGU<\/strong><\/p>\n<p>Em parecer enviado ontem (26) ao Supremo, a Advocacia-Geral da Uni\u00e3o (AGU) defendeu que para a concess\u00e3o da desaposenta\u00e7\u00e3o seria necess\u00e1rio que o segurado devolva todos os valores recebidos durante a aposentadoria.<\/p>\n<p>A AGU entende que a revis\u00e3o sem a devolu\u00e7\u00e3o dos valores contraria a Constitui\u00e7\u00e3o Federal, que estabelece o \u201ccar\u00e1ter contributivo da Previd\u00eancia Social e a necessidade de preserva\u00e7\u00e3o do equil\u00edbrio entre suas receitas e despesas\u201d do INSS.<\/p>\n<p>Fonte: <a href=\"http:\/\/exame.abril.com.br\/brasil\/stf-decide-que-desaposentacao-e-ilegal\/\" target=\"_blank\">Exame.com<\/a><\/p>\n","protected":false},"excerpt":{"rendered":"<p>Por 7 votos a 4, os ministros consideraram a desaposenta\u00e7\u00e3o inconstitucional por n\u00e3o estar prevista na legisla\u00e7\u00e3o O Supremo Tribunal Federal (STF) decidiu ontem (26) considerar ilegal a desaposenta\u00e7\u00e3o \u2013 a possibilidade de o aposentado pedir a revis\u00e3o do benef\u00edcio por ter voltado a trabalhar e a contribuir para a Previd\u00eancia Social. A legalidade do<a class=\"moretag\" href=\"http:\/\/sindiquimicabr.com.br\/index.php\/2016\/10\/27\/stf-decide-que-desaposentacao-e-ilegal\/\"> [&#8230;]<\/a><\/p>\n","protected":false},"author":2,"featured_media":2037,"comment_status":"closed","ping_status":"closed","sticky":false,"template":"","format":"standard","meta":[],"categories":[9],"tags":[],"_links":{"self":[{"href":"http:\/\/sindiquimicabr.com.br\/index.php\/wp-json\/wp\/v2\/posts\/2036"}],"collection":[{"href":"http:\/\/sindiquimicabr.com.br\/index.php\/wp-json\/wp\/v2\/posts"}],"about":[{"href":"http:\/\/sindiquimicabr.com.br\/index.php\/wp-json\/wp\/v2\/types\/post"}],"author":[{"embeddable":true,"href":"http:\/\/sindiquimicabr.com.br\/index.php\/wp-json\/wp\/v2\/users\/2"}],"replies":[{"embeddable":true,"href":"http:\/\/sindiquimicabr.com.br\/index.php\/wp-json\/wp\/v2\/comments?post=2036"}],"version-history":[{"count":1,"href":"http:\/\/sindiquimicabr.com.br\/index.php\/wp-json\/wp\/v2\/posts\/2036\/revisions"}],"predecessor-version":[{"id":2038,"href":"http:\/\/sindiquimicabr.com.br\/index.php\/wp-json\/wp\/v2\/posts\/2036\/revisions\/2038"}],"wp:featuredmedia":[{"embeddable":true,"href":"http:\/\/sindiquimicabr.com.br\/index.php\/wp-json\/wp\/v2\/media\/2037"}],"wp:attachment":[{"href":"http:\/\/sindiquimicabr.com.br\/index.php\/wp-json\/wp\/v2\/media?parent=2036"}],"wp:term":[{"taxonomy":"category","embeddable":true,"href":"http:\/\/sindiquimicabr.com.br\/index.php\/wp-json\/wp\/v2\/categories?post=2036"},{"taxonomy":"post_tag","embeddable":true,"href":"http:\/\/sindiquimicabr.com.br\/index.php\/wp-json\/wp\/v2\/tags?post=2036"}],"curies":[{"name":"wp","href":"https:\/\/api.w.org\/{rel}","templated":true}]}}