{"id":2278,"date":"2017-01-19T13:03:35","date_gmt":"2017-01-19T13:03:35","guid":{"rendered":"http:\/\/sindiquimicabr.com.br\/?p=2278"},"modified":"2017-01-23T15:30:52","modified_gmt":"2017-01-23T15:30:52","slug":"governo-nao-descarta-restringir-saques-de-contas-inativas-do-fgts","status":"publish","type":"post","link":"http:\/\/sindiquimicabr.com.br\/index.php\/2017\/01\/19\/governo-nao-descarta-restringir-saques-de-contas-inativas-do-fgts\/","title":{"rendered":"Governo n\u00e3o descarta restringir saques de contas inativas do FGTS"},"content":{"rendered":"<h4 class=\"headline\">O poder p\u00fablico tomou conhecimento que cerca de 2% dessas contas inativas concentram um saldo muito alto<\/h4>\n<p><a href=\"http:\/\/sindiquimicabr.com.br\/wp\/wp-content\/uploads\/2017\/01\/naom_585cf2a0d41a2.jpg\"><img decoding=\"async\" loading=\"lazy\" class=\"alignnone size-full wp-image-2279\" src=\"http:\/\/sindiquimicabr.com.br\/wp\/wp-content\/uploads\/2017\/01\/naom_585cf2a0d41a2.jpg\" alt=\"\" width=\"1370\" height=\"587\" srcset=\"http:\/\/sindiquimicabr.com.br\/wp\/wp-content\/uploads\/2017\/01\/naom_585cf2a0d41a2.jpg 1370w, http:\/\/sindiquimicabr.com.br\/wp\/wp-content\/uploads\/2017\/01\/naom_585cf2a0d41a2-300x129.jpg 300w, http:\/\/sindiquimicabr.com.br\/wp\/wp-content\/uploads\/2017\/01\/naom_585cf2a0d41a2-768x329.jpg 768w, http:\/\/sindiquimicabr.com.br\/wp\/wp-content\/uploads\/2017\/01\/naom_585cf2a0d41a2-1024x439.jpg 1024w, http:\/\/sindiquimicabr.com.br\/wp\/wp-content\/uploads\/2017\/01\/naom_585cf2a0d41a2-600x257.jpg 600w\" sizes=\"(max-width: 1370px) 100vw, 1370px\" \/><\/a><\/p>\n<p><span class=\"mainText\">Ap\u00f3s o saque do Fundo de Garantia do Tempo de Servi\u00e7o (FGTS) em contas inativas ter sido liberado pelo presidente Michel Temer, h\u00e1 menos de um m\u00eas, agora o Governo Federal pretende delimitar o n\u00famero de trabalhadores que poder\u00e3o sacar o benef\u00edcio.<\/span><\/p>\n<p>De acordo com informa\u00e7\u00f5es da Folha de S. Paulo, o poder p\u00fablico\u00a0tomou conhecimento que cerca de 2% dessas contas inativas concentram um saldo muito alto e, certamente, devem pertencer a pessoas com maior renda.<\/p>\n<p>Para conter o saque &#8220;desenfreado&#8221;, o governo criar\u00e1 mecanismos para informar \u00e0 popula\u00e7\u00e3o algumas alternativas que podem ser adotadas. De acordo com a reportagem, a poss\u00edvel restri\u00e7\u00e3o atingiria somente essas contas.<\/p>\n<p>Fonte: <a href=\"https:\/\/www.noticiasaominuto.com.br\/economia\/334408\/governo-nao-descarta-restringir-saquesde-contas-inativas-do-fgts\" target=\"_blank\">Not\u00edcias ao Minuto<\/a><\/p>\n","protected":false},"excerpt":{"rendered":"<p>O poder p\u00fablico tomou conhecimento que cerca de 2% dessas contas inativas concentram um saldo muito alto Ap\u00f3s o saque do Fundo de Garantia do Tempo de Servi\u00e7o (FGTS) em contas inativas ter sido liberado pelo presidente Michel Temer, h\u00e1 menos de um m\u00eas, agora o Governo Federal pretende delimitar o n\u00famero de trabalhadores que<a class=\"moretag\" href=\"http:\/\/sindiquimicabr.com.br\/index.php\/2017\/01\/19\/governo-nao-descarta-restringir-saques-de-contas-inativas-do-fgts\/\"> [&#8230;]<\/a><\/p>\n","protected":false},"author":2,"featured_media":2279,"comment_status":"closed","ping_status":"closed","sticky":false,"template":"","format":"standard","meta":[],"categories":[2],"tags":[],"_links":{"self":[{"href":"http:\/\/sindiquimicabr.com.br\/index.php\/wp-json\/wp\/v2\/posts\/2278"}],"collection":[{"href":"http:\/\/sindiquimicabr.com.br\/index.php\/wp-json\/wp\/v2\/posts"}],"about":[{"href":"http:\/\/sindiquimicabr.com.br\/index.php\/wp-json\/wp\/v2\/types\/post"}],"author":[{"embeddable":true,"href":"http:\/\/sindiquimicabr.com.br\/index.php\/wp-json\/wp\/v2\/users\/2"}],"replies":[{"embeddable":true,"href":"http:\/\/sindiquimicabr.com.br\/index.php\/wp-json\/wp\/v2\/comments?post=2278"}],"version-history":[{"count":1,"href":"http:\/\/sindiquimicabr.com.br\/index.php\/wp-json\/wp\/v2\/posts\/2278\/revisions"}],"predecessor-version":[{"id":2280,"href":"http:\/\/sindiquimicabr.com.br\/index.php\/wp-json\/wp\/v2\/posts\/2278\/revisions\/2280"}],"wp:featuredmedia":[{"embeddable":true,"href":"http:\/\/sindiquimicabr.com.br\/index.php\/wp-json\/wp\/v2\/media\/2279"}],"wp:attachment":[{"href":"http:\/\/sindiquimicabr.com.br\/index.php\/wp-json\/wp\/v2\/media?parent=2278"}],"wp:term":[{"taxonomy":"category","embeddable":true,"href":"http:\/\/sindiquimicabr.com.br\/index.php\/wp-json\/wp\/v2\/categories?post=2278"},{"taxonomy":"post_tag","embeddable":true,"href":"http:\/\/sindiquimicabr.com.br\/index.php\/wp-json\/wp\/v2\/tags?post=2278"}],"curies":[{"name":"wp","href":"https:\/\/api.w.org\/{rel}","templated":true}]}}