{"id":2292,"date":"2017-01-24T11:47:42","date_gmt":"2017-01-24T11:47:42","guid":{"rendered":"http:\/\/sindiquimicabr.com.br\/?p=2292"},"modified":"2017-01-27T13:36:50","modified_gmt":"2017-01-27T13:36:50","slug":"desemprego-e-dividas-ainda-vao-afetar-brasil-diz-fmi","status":"publish","type":"post","link":"http:\/\/sindiquimicabr.com.br\/index.php\/2017\/01\/24\/desemprego-e-dividas-ainda-vao-afetar-brasil-diz-fmi\/","title":{"rendered":"Desemprego e d\u00edvidas ainda v\u00e3o afetar Brasil, diz FMI"},"content":{"rendered":"<h4 class=\"article-subtitle\">A demanda no Brasil deve seguir pressionada em 2017 pelo alto n\u00edvel de desemprego e de endividamento das fam\u00edlias, segundo o FMI<\/h4>\n<div id=\"attachment_2293\" style=\"width: 690px\" class=\"wp-caption aligncenter\"><a href=\"http:\/\/sindiquimicabr.com.br\/wp\/wp-content\/uploads\/2017\/01\/size_960_16_9_untitled-174.jpg\"><img aria-describedby=\"caption-attachment-2293\" decoding=\"async\" loading=\"lazy\" class=\"size-full wp-image-2293\" src=\"http:\/\/sindiquimicabr.com.br\/wp\/wp-content\/uploads\/2017\/01\/size_960_16_9_untitled-174.jpg\" alt=\"\" width=\"680\" height=\"453\" srcset=\"http:\/\/sindiquimicabr.com.br\/wp\/wp-content\/uploads\/2017\/01\/size_960_16_9_untitled-174.jpg 680w, http:\/\/sindiquimicabr.com.br\/wp\/wp-content\/uploads\/2017\/01\/size_960_16_9_untitled-174-300x200.jpg 300w, http:\/\/sindiquimicabr.com.br\/wp\/wp-content\/uploads\/2017\/01\/size_960_16_9_untitled-174-600x400.jpg 600w, http:\/\/sindiquimicabr.com.br\/wp\/wp-content\/uploads\/2017\/01\/size_960_16_9_untitled-174-272x182.jpg 272w\" sizes=\"(max-width: 680px) 100vw, 680px\" \/><\/a><p id=\"caption-attachment-2293\" class=\"wp-caption-text\">FMI: ajuste federal pode funcionar, mas estados ainda est\u00e3o em situa\u00e7\u00e3o dif\u00edcil, segundo relat\u00f3rio (Bloomberg)<\/p><\/div>\n<p>&nbsp;<\/p>\n<p>Nova York \u2013 A demanda no Brasil deve seguir pressionada em 2017 pelo alto n\u00edvel de desemprego e de endividamento das fam\u00edlias, avalia nesta segunda-feira, 23, o diretor para o departamento de Hemisf\u00e9rio Ocidental do <strong><a href=\"http:\/\/exame.abril.com.br\/noticias-sobre\/fmi\/\">Fundo Monet\u00e1rio Internacional<\/a><\/strong> (FMI), Alejandro Werner, em uma an\u00e1lise sobre a Am\u00e9rica Latina.<\/p>\n<div id=\"intext-72471\"><\/div>\n<p>\u201cO Produto Interno Bruto continuou a se contrair no terceiro trimestre de 2016 e os indicadores da atividade econ\u00f4mica no fim do ano apontavam para uma demora na recupera\u00e7\u00e3o porque os gastos privados continuam fracos\u201d, afirma Werner.<\/p>\n<p>A previs\u00e3o do FMI para o Brasil foi rebaixada na semana passada e a estimativa \u00e9 que o Produto Interno Bruto (PIB) do Brasil deve crescer apenas 0,2% este ano, um dos piores desempenhos entre os emergentes.<\/p>\n<p>O economista do FMI ressalta que para estimular a economia, o governo brasileiro anunciou recentemente medidas para ajudar as empresas altamente endividadas, al\u00e9m de reformas para reduzir a burocracia e os custos da atividade empresarial.<\/p>\n<p>Werner destaca ainda a aprova\u00e7\u00e3o da medida que estabelecem um teto para os gastos p\u00fablicos e a proposta de reforma da previd\u00eancia enviada ao Congresso.<\/p>\n<p>Ao mesmo tempo, enquanto o Planalto tenta arrumar as contas federais, Werner menciona que a situa\u00e7\u00e3o fiscal de v\u00e1rios Estados \u00e9 cada vez mais dif\u00edcil.<\/p>\n<p>\u201cExiste a expectativa de que uma nova legisla\u00e7\u00e3o lance as bases para um ajuste na esfera estadual e para programas de reformas monitorados pelo governo federal\u201d, ressalta em sua an\u00e1lise.<\/p>\n<p>No lado da pol\u00edtica monet\u00e1ria, Werner menciona que a infla\u00e7\u00e3o vem caindo rapidamente nos \u00faltimos meses e, no fim de 2016, estava abaixo do limite superior da margem de toler\u00e2ncia da meta do Banco Central.<\/p>\n<p>Com isso, foi poss\u00edvel acelerar \u201cconsideravelmente\u201d o ritmo de corte da Selic na reuni\u00e3o deste m\u00eas do Comit\u00ea de Pol\u00edtica Monet\u00e1ria (Copom).<\/p>\n<p>Falando de forma geral sobre a Am\u00e9rica Latina, Werner alerta sobre a necessidade de os pa\u00edses da regi\u00e3o continuarem a usar o espa\u00e7o de que disp\u00f5em para calibrar o ajuste fiscal, uma vez que a expectativa \u00e9 que os pre\u00e7os das mat\u00e9rias-primas continuem baixos em rela\u00e7\u00e3o a seus n\u00edveis hist\u00f3ricos, apesar da alta recente.<\/p>\n<p>Outra recomenda\u00e7\u00e3o \u00e9 que os governo adotem pol\u00edticas que facilitem o saneamento dos balan\u00e7os das empresas, muitas delas com volume importante de passivos em moedas estrangeiras. As taxas de c\u00e2mbio devem permanecer flex\u00edveis, diz ele, destacando que as condi\u00e7\u00f5es externas est\u00e3o cada vez mais vol\u00e1teis.<\/p>\n<p>O FMI volta a recomendar que a regi\u00e3o aprofunde as reformas estruturais, como investimentos em infraestrutura, redu\u00e7\u00e3o da burocracia, refor\u00e7o da educa\u00e7\u00e3o, para tentar expandir o crescimento de m\u00e9dio prazo.<\/p>\n<p>Fonte: <a href=\"http:\/\/exame.abril.com.br\/economia\/desemprego-e-dividas-ainda-vao-afetar-brasil-diz-fmi\/\" target=\"_blank\">Exame<\/a><\/p>\n","protected":false},"excerpt":{"rendered":"<p>A demanda no Brasil deve seguir pressionada em 2017 pelo alto n\u00edvel de desemprego e de endividamento das fam\u00edlias, segundo o FMI &nbsp; Nova York \u2013 A demanda no Brasil deve seguir pressionada em 2017 pelo alto n\u00edvel de desemprego e de endividamento das fam\u00edlias, avalia nesta segunda-feira, 23, o diretor para o departamento de<a class=\"moretag\" href=\"http:\/\/sindiquimicabr.com.br\/index.php\/2017\/01\/24\/desemprego-e-dividas-ainda-vao-afetar-brasil-diz-fmi\/\"> [&#8230;]<\/a><\/p>\n","protected":false},"author":2,"featured_media":2293,"comment_status":"closed","ping_status":"closed","sticky":false,"template":"","format":"standard","meta":[],"categories":[10],"tags":[],"_links":{"self":[{"href":"http:\/\/sindiquimicabr.com.br\/index.php\/wp-json\/wp\/v2\/posts\/2292"}],"collection":[{"href":"http:\/\/sindiquimicabr.com.br\/index.php\/wp-json\/wp\/v2\/posts"}],"about":[{"href":"http:\/\/sindiquimicabr.com.br\/index.php\/wp-json\/wp\/v2\/types\/post"}],"author":[{"embeddable":true,"href":"http:\/\/sindiquimicabr.com.br\/index.php\/wp-json\/wp\/v2\/users\/2"}],"replies":[{"embeddable":true,"href":"http:\/\/sindiquimicabr.com.br\/index.php\/wp-json\/wp\/v2\/comments?post=2292"}],"version-history":[{"count":1,"href":"http:\/\/sindiquimicabr.com.br\/index.php\/wp-json\/wp\/v2\/posts\/2292\/revisions"}],"predecessor-version":[{"id":2294,"href":"http:\/\/sindiquimicabr.com.br\/index.php\/wp-json\/wp\/v2\/posts\/2292\/revisions\/2294"}],"wp:featuredmedia":[{"embeddable":true,"href":"http:\/\/sindiquimicabr.com.br\/index.php\/wp-json\/wp\/v2\/media\/2293"}],"wp:attachment":[{"href":"http:\/\/sindiquimicabr.com.br\/index.php\/wp-json\/wp\/v2\/media?parent=2292"}],"wp:term":[{"taxonomy":"category","embeddable":true,"href":"http:\/\/sindiquimicabr.com.br\/index.php\/wp-json\/wp\/v2\/categories?post=2292"},{"taxonomy":"post_tag","embeddable":true,"href":"http:\/\/sindiquimicabr.com.br\/index.php\/wp-json\/wp\/v2\/tags?post=2292"}],"curies":[{"name":"wp","href":"https:\/\/api.w.org\/{rel}","templated":true}]}}