{"id":2378,"date":"2017-02-13T17:51:27","date_gmt":"2017-02-13T17:51:27","guid":{"rendered":"http:\/\/sindiquimicabr.com.br\/?p=2378"},"modified":"2017-02-15T15:26:16","modified_gmt":"2017-02-15T15:26:16","slug":"reus-na-lava-jato-sairao-definitivamente-do-governo-diz-temer","status":"publish","type":"post","link":"http:\/\/sindiquimicabr.com.br\/index.php\/2017\/02\/13\/reus-na-lava-jato-sairao-definitivamente-do-governo-diz-temer\/","title":{"rendered":"R\u00e9us na Lava Jato sair\u00e3o definitivamente do governo, diz Temer"},"content":{"rendered":"<h4 class=\"article-subtitle\">Em breve pronunciamento, presidente negou que o governo busque blindar aliados da Lava Jato<\/h4>\n<p><a href=\"http:\/\/sindiquimicabr.com.br\/wp\/wp-content\/uploads\/2017\/02\/R\u00e9us-na-Lava-Jato-sair\u00e3o-definitivamente-do-governo-diz-Temer.jpg\"><img decoding=\"async\" loading=\"lazy\" class=\"alignnone size-full wp-image-2379\" src=\"http:\/\/sindiquimicabr.com.br\/wp\/wp-content\/uploads\/2017\/02\/R\u00e9us-na-Lava-Jato-sair\u00e3o-definitivamente-do-governo-diz-Temer.jpg\" alt=\"\" width=\"680\" height=\"453\" srcset=\"http:\/\/sindiquimicabr.com.br\/wp\/wp-content\/uploads\/2017\/02\/R\u00e9us-na-Lava-Jato-sair\u00e3o-definitivamente-do-governo-diz-Temer.jpg 680w, http:\/\/sindiquimicabr.com.br\/wp\/wp-content\/uploads\/2017\/02\/R\u00e9us-na-Lava-Jato-sair\u00e3o-definitivamente-do-governo-diz-Temer-300x200.jpg 300w, http:\/\/sindiquimicabr.com.br\/wp\/wp-content\/uploads\/2017\/02\/R\u00e9us-na-Lava-Jato-sair\u00e3o-definitivamente-do-governo-diz-Temer-600x400.jpg 600w, http:\/\/sindiquimicabr.com.br\/wp\/wp-content\/uploads\/2017\/02\/R\u00e9us-na-Lava-Jato-sair\u00e3o-definitivamente-do-governo-diz-Temer-272x182.jpg 272w\" sizes=\"(max-width: 680px) 100vw, 680px\" \/><\/a><\/p>\n<p>Bras\u00edlia \u2013 Para tentar afastar as acusa\u00e7\u00f5es de que o governo estaria querendo brecar a Lava Jato, o presidente <strong><a href=\"http:\/\/exame.abril.com.br\/noticias-sobre\/michel-temer\/\">Michel Temer<\/a><\/strong> convocou a imprensa para dizer que n\u00e3o h\u00e1 nenhuma tentativa de blindagem e dizer que definiu a forma como tratar\u00e1 os ministros envolvidos na opera\u00e7\u00e3o.<\/p>\n<p>\u201cSe houver den\u00fancia, que \u00e9 um conjunto de provas, que eventualmente pode levar ao acolhimento, o ministro denunciado ser\u00e1 afastado provisoriamente. Se acolhida a den\u00fancia e o ministro se transformar em r\u00e9u o afastamento \u00e9 definido\u201d, disse, ressaltando que \u201cse algu\u00e9m converter-se em r\u00e9u estar\u00e1 afastado independentemente do julgamento final.\u201d<\/p>\n<p>Sem citar o caso de Moreira Franco, que \u00e9 citado na Lava Jato e aguarda defini\u00e7\u00e3o do Supremo Tribunal Federal (STF) sobre se poder\u00e1 ou n\u00e3o ficar na Secretaria-Geral da Presid\u00eancia, o presidente ressaltou que diria \u201cpela en\u00e9sima vez\u201d que o governo n\u00e3o quer interferir nas investiga\u00e7\u00f5es.<\/p>\n<p>Ele ressaltou, entretanto, que s\u00f3 a cita\u00e7\u00e3o n\u00e3o pode ser prova de culpa. \u201cUma simples men\u00e7\u00e3o n\u00e3o pode ser modo definitivo de incriminar\u201d, alegou.<\/p>\n<p>O presidente disse que uma demonstra\u00e7\u00e3o de que o governo n\u00e3o interferiu foi o fato de as dela\u00e7\u00f5es da Odebrecht terem sido homologadas. \u201cChegando ao Judici\u00e1rio toma um ritmo natural, t\u00e3o natural que as dela\u00e7\u00f5es foram homologadas\u201d, afirmou.<\/p>\n<p>Temer destacou que a declara\u00e7\u00e3o desta segunda-feira, 13, se fazia \u201cem car\u00e1ter definitivo\u201d e repetiu que o governo jamais poder\u00e1 interferir na Lava Jato, que \u00e9 comandada pela Pol\u00edcia Federal e pelo Minist\u00e9rio P\u00fablico.<\/p>\n<p>\u201cO governo n\u00e3o quer e nem vai blindar ningu\u00e9m\u201d, afirmou, ressaltando que se trata de uma \u201cquest\u00e3o muito s\u00e9ria\u201d.<\/p>\n<p>Fonte: <a href=\"http:\/\/exame.abril.com.br\/brasil\/reus-na-lava-jato-sairao-definitivamente-do-governo-diz-temer\/\" target=\"_blank\">Exame.com<\/a><\/p>\n<p>&nbsp;<\/p>\n","protected":false},"excerpt":{"rendered":"<p>Em breve pronunciamento, presidente negou que o governo busque blindar aliados da Lava Jato Bras\u00edlia \u2013 Para tentar afastar as acusa\u00e7\u00f5es de que o governo estaria querendo brecar a Lava Jato, o presidente Michel Temer convocou a imprensa para dizer que n\u00e3o h\u00e1 nenhuma tentativa de blindagem e dizer que definiu a forma como tratar\u00e1<a class=\"moretag\" href=\"http:\/\/sindiquimicabr.com.br\/index.php\/2017\/02\/13\/reus-na-lava-jato-sairao-definitivamente-do-governo-diz-temer\/\"> [&#8230;]<\/a><\/p>\n","protected":false},"author":2,"featured_media":2379,"comment_status":"closed","ping_status":"closed","sticky":false,"template":"","format":"standard","meta":[],"categories":[10],"tags":[],"_links":{"self":[{"href":"http:\/\/sindiquimicabr.com.br\/index.php\/wp-json\/wp\/v2\/posts\/2378"}],"collection":[{"href":"http:\/\/sindiquimicabr.com.br\/index.php\/wp-json\/wp\/v2\/posts"}],"about":[{"href":"http:\/\/sindiquimicabr.com.br\/index.php\/wp-json\/wp\/v2\/types\/post"}],"author":[{"embeddable":true,"href":"http:\/\/sindiquimicabr.com.br\/index.php\/wp-json\/wp\/v2\/users\/2"}],"replies":[{"embeddable":true,"href":"http:\/\/sindiquimicabr.com.br\/index.php\/wp-json\/wp\/v2\/comments?post=2378"}],"version-history":[{"count":1,"href":"http:\/\/sindiquimicabr.com.br\/index.php\/wp-json\/wp\/v2\/posts\/2378\/revisions"}],"predecessor-version":[{"id":2380,"href":"http:\/\/sindiquimicabr.com.br\/index.php\/wp-json\/wp\/v2\/posts\/2378\/revisions\/2380"}],"wp:featuredmedia":[{"embeddable":true,"href":"http:\/\/sindiquimicabr.com.br\/index.php\/wp-json\/wp\/v2\/media\/2379"}],"wp:attachment":[{"href":"http:\/\/sindiquimicabr.com.br\/index.php\/wp-json\/wp\/v2\/media?parent=2378"}],"wp:term":[{"taxonomy":"category","embeddable":true,"href":"http:\/\/sindiquimicabr.com.br\/index.php\/wp-json\/wp\/v2\/categories?post=2378"},{"taxonomy":"post_tag","embeddable":true,"href":"http:\/\/sindiquimicabr.com.br\/index.php\/wp-json\/wp\/v2\/tags?post=2378"}],"curies":[{"name":"wp","href":"https:\/\/api.w.org\/{rel}","templated":true}]}}