{"id":2448,"date":"2017-03-24T18:15:15","date_gmt":"2017-03-24T18:15:15","guid":{"rendered":"http:\/\/sindiquimicabr.com.br\/?p=2448"},"modified":"2017-04-20T15:47:19","modified_gmt":"2017-04-20T15:47:19","slug":"new-york-times-diz-que-o-brasil-se-tornara-um-pais-de-pobres-e-miseraveis-com-temer-e-psdb","status":"publish","type":"post","link":"http:\/\/sindiquimicabr.com.br\/index.php\/2017\/03\/24\/new-york-times-diz-que-o-brasil-se-tornara-um-pais-de-pobres-e-miseraveis-com-temer-e-psdb\/","title":{"rendered":"New York Times diz que o Brasil se tornar\u00e1 um pa\u00eds de pobres e miser\u00e1veis com Temer e PSDB"},"content":{"rendered":"<p><a href=\"http:\/\/sindiquimicabr.com.br\/wp\/wp-content\/uploads\/2017\/03\/New-York-Times-diz-que-o-Brasil-se-tornar\u00e1-um-pa\u00eds-de-pobres-e-miser\u00e1veis-com-Temer-e-PSDB.jpg\"><img decoding=\"async\" loading=\"lazy\" class=\"alignnone size-full wp-image-2449\" src=\"http:\/\/sindiquimicabr.com.br\/wp\/wp-content\/uploads\/2017\/03\/New-York-Times-diz-que-o-Brasil-se-tornar\u00e1-um-pa\u00eds-de-pobres-e-miser\u00e1veis-com-Temer-e-PSDB.jpg\" alt=\"\" width=\"468\" height=\"312\" srcset=\"http:\/\/sindiquimicabr.com.br\/wp\/wp-content\/uploads\/2017\/03\/New-York-Times-diz-que-o-Brasil-se-tornar\u00e1-um-pa\u00eds-de-pobres-e-miser\u00e1veis-com-Temer-e-PSDB.jpg 468w, http:\/\/sindiquimicabr.com.br\/wp\/wp-content\/uploads\/2017\/03\/New-York-Times-diz-que-o-Brasil-se-tornar\u00e1-um-pa\u00eds-de-pobres-e-miser\u00e1veis-com-Temer-e-PSDB-300x200.jpg 300w, http:\/\/sindiquimicabr.com.br\/wp\/wp-content\/uploads\/2017\/03\/New-York-Times-diz-que-o-Brasil-se-tornar\u00e1-um-pa\u00eds-de-pobres-e-miser\u00e1veis-com-Temer-e-PSDB-272x182.jpg 272w\" sizes=\"(max-width: 468px) 100vw, 468px\" \/><\/a><\/p>\n<p>O jornal norte-americano The New York Times critica a \u201cdesigualdade\u201d nas reformas fiscais em curso no Brasil. Em reportagem publicada na sexta-feira, 3, o jornal relata que, enquanto os trabalhadores ter\u00e3o benef\u00edcios cortados, ju\u00edzes e pol\u00edticos t\u00eam aumentos de sal\u00e1rios e cita que o Congresso, \u201cem vias de aprovar uma reforma previdenci\u00e1ria\u201d, agora est\u00e1 permitindo que seus membros obtenham pens\u00e3o vital\u00edcia depois de apenas dois anos.<\/p>\n<p>O texto lembra que Michel Temer defende o corte de gastos, mas n\u00e3o ajudou a sua popularidade realizar um \u201cbanquete pago com dinheiro de contribuintes\u201d para persuadir os deputados a aprovarem suas reformas. Para o NYT, embora alguns sinais de recupera\u00e7\u00e3o econ\u00f4mica tenham surgido, a situa\u00e7\u00e3o do povo nas ruas \u201cconta uma hist\u00f3ria diferente\u201d.<\/p>\n<p>A partir do depoimento de personagens, o jornal afirma que o governo defende que todos precisam aderir ao programa de austeridade, mas sua postura indica que \u201ca press\u00e3o \u00e9 sobre os menos favorecidos\u201d. Menciona que uma das principais \u201cconquistas\u201d do governo Temer \u2013 a aprova\u00e7\u00e3o de um teto para os gastos p\u00fablicos \u2013 \u00e9 tamb\u00e9m um dos seus calcanhares de Aquiles.<\/p>\n<p>\u201cO sistema tem tudo para aumentar a desigualdade, mas Temer est\u00e1 minimizando a ideia de que o Brasil precisa de uma reforma no estilo grego\u201d, comenta Pedro Paulo Zahluth Bastos, economista da Unicamp. A falta de cobran\u00e7a de impostos sobre os rendimentos de propriet\u00e1rios de a\u00e7\u00f5es tamb\u00e9m \u00e9 citada como um dos pontos cr\u00edticos.<\/p>\n<p>A reportagem do correspondente Simon Romero tamb\u00e9m cita a situa\u00e7\u00e3o financeira do Rio de Janeiro, que \u00e9 vista como um \u201ccase\u201d da seriedade do problema no Brasil. Em fun\u00e7\u00e3o do descontentamento da popula\u00e7\u00e3o, completa o jornal, pol\u00edticos ultraconservadores como Jair Bolsonaro vem ganhando espa\u00e7o no Pa\u00eds.<\/p>\n<p>Fonte: <a href=\"https:\/\/falandoverdades.com.br\/2017\/03\/22\/new-york-times-diz-que-o-brasil-se-tornara-um-pais-de-pobres-e-miseraveis-com-temer-e-psdb\/\" target=\"_blank\">Falando Verdades<\/a><\/p>\n","protected":false},"excerpt":{"rendered":"<p>O jornal norte-americano The New York Times critica a \u201cdesigualdade\u201d nas reformas fiscais em curso no Brasil. Em reportagem publicada na sexta-feira, 3, o jornal relata que, enquanto os trabalhadores ter\u00e3o benef\u00edcios cortados, ju\u00edzes e pol\u00edticos t\u00eam aumentos de sal\u00e1rios e cita que o Congresso, \u201cem vias de aprovar uma reforma previdenci\u00e1ria\u201d, agora est\u00e1 permitindo<a class=\"moretag\" href=\"http:\/\/sindiquimicabr.com.br\/index.php\/2017\/03\/24\/new-york-times-diz-que-o-brasil-se-tornara-um-pais-de-pobres-e-miseraveis-com-temer-e-psdb\/\"> [&#8230;]<\/a><\/p>\n","protected":false},"author":2,"featured_media":2449,"comment_status":"closed","ping_status":"closed","sticky":false,"template":"","format":"standard","meta":[],"categories":[10],"tags":[],"_links":{"self":[{"href":"http:\/\/sindiquimicabr.com.br\/index.php\/wp-json\/wp\/v2\/posts\/2448"}],"collection":[{"href":"http:\/\/sindiquimicabr.com.br\/index.php\/wp-json\/wp\/v2\/posts"}],"about":[{"href":"http:\/\/sindiquimicabr.com.br\/index.php\/wp-json\/wp\/v2\/types\/post"}],"author":[{"embeddable":true,"href":"http:\/\/sindiquimicabr.com.br\/index.php\/wp-json\/wp\/v2\/users\/2"}],"replies":[{"embeddable":true,"href":"http:\/\/sindiquimicabr.com.br\/index.php\/wp-json\/wp\/v2\/comments?post=2448"}],"version-history":[{"count":1,"href":"http:\/\/sindiquimicabr.com.br\/index.php\/wp-json\/wp\/v2\/posts\/2448\/revisions"}],"predecessor-version":[{"id":2450,"href":"http:\/\/sindiquimicabr.com.br\/index.php\/wp-json\/wp\/v2\/posts\/2448\/revisions\/2450"}],"wp:featuredmedia":[{"embeddable":true,"href":"http:\/\/sindiquimicabr.com.br\/index.php\/wp-json\/wp\/v2\/media\/2449"}],"wp:attachment":[{"href":"http:\/\/sindiquimicabr.com.br\/index.php\/wp-json\/wp\/v2\/media?parent=2448"}],"wp:term":[{"taxonomy":"category","embeddable":true,"href":"http:\/\/sindiquimicabr.com.br\/index.php\/wp-json\/wp\/v2\/categories?post=2448"},{"taxonomy":"post_tag","embeddable":true,"href":"http:\/\/sindiquimicabr.com.br\/index.php\/wp-json\/wp\/v2\/tags?post=2448"}],"curies":[{"name":"wp","href":"https:\/\/api.w.org\/{rel}","templated":true}]}}