{"id":2632,"date":"2017-05-23T13:15:04","date_gmt":"2017-05-23T13:15:04","guid":{"rendered":"http:\/\/sindiquimicabr.com.br\/?p=2632"},"modified":"2017-05-23T13:26:27","modified_gmt":"2017-05-23T13:26:27","slug":"maia-entre-5-e-12-de-junho-comeca-votacao-da-reforma-da-previdencia","status":"publish","type":"post","link":"http:\/\/sindiquimicabr.com.br\/index.php\/2017\/05\/23\/maia-entre-5-e-12-de-junho-comeca-votacao-da-reforma-da-previdencia\/","title":{"rendered":"Maia: entre 5 e 12 de junho come\u00e7a vota\u00e7\u00e3o da reforma da Previd\u00eancia"},"content":{"rendered":"<h4 class=\"headline\">Por se tratar de uma mudan\u00e7a na Constitui\u00e7\u00e3o, a proposta precisa passar por duas vota\u00e7\u00f5es no plen\u00e1rio e, para ser aprovada, precisa de pelo menos 308 votos favor\u00e1veis<\/h4>\n<p><a href=\"http:\/\/sindiquimicabr.com.br\/wp\/wp-content\/uploads\/2017\/05\/Maia-entre-5-e-12-de-junho-come\u00e7a-vota\u00e7\u00e3o-da-reforma-da-Previd\u00eancia.jpg\"><img decoding=\"async\" loading=\"lazy\" class=\"alignnone size-full wp-image-2634\" src=\"http:\/\/sindiquimicabr.com.br\/wp\/wp-content\/uploads\/2017\/05\/Maia-entre-5-e-12-de-junho-come\u00e7a-vota\u00e7\u00e3o-da-reforma-da-Previd\u00eancia.jpg\" alt=\"\" width=\"1370\" height=\"587\" srcset=\"http:\/\/sindiquimicabr.com.br\/wp\/wp-content\/uploads\/2017\/05\/Maia-entre-5-e-12-de-junho-come\u00e7a-vota\u00e7\u00e3o-da-reforma-da-Previd\u00eancia.jpg 1370w, http:\/\/sindiquimicabr.com.br\/wp\/wp-content\/uploads\/2017\/05\/Maia-entre-5-e-12-de-junho-come\u00e7a-vota\u00e7\u00e3o-da-reforma-da-Previd\u00eancia-300x129.jpg 300w, http:\/\/sindiquimicabr.com.br\/wp\/wp-content\/uploads\/2017\/05\/Maia-entre-5-e-12-de-junho-come\u00e7a-vota\u00e7\u00e3o-da-reforma-da-Previd\u00eancia-768x329.jpg 768w, http:\/\/sindiquimicabr.com.br\/wp\/wp-content\/uploads\/2017\/05\/Maia-entre-5-e-12-de-junho-come\u00e7a-vota\u00e7\u00e3o-da-reforma-da-Previd\u00eancia-1024x439.jpg 1024w, http:\/\/sindiquimicabr.com.br\/wp\/wp-content\/uploads\/2017\/05\/Maia-entre-5-e-12-de-junho-come\u00e7a-vota\u00e7\u00e3o-da-reforma-da-Previd\u00eancia-600x257.jpg 600w\" sizes=\"(max-width: 1370px) 100vw, 1370px\" \/><\/a><\/p>\n<p>O presidente da C\u00e2mara dos Deputados, Rodrigo Maia (DEM-RJ), anunciou na tarde desta segunda-feira, 22, que a reforma da Previd\u00eancia come\u00e7ar\u00e1 a ser votada no plen\u00e1rio da Casa entre os dias 5 e 12 de junho. Por se tratar de uma mudan\u00e7a na Constitui\u00e7\u00e3o, a proposta precisa passar por duas vota\u00e7\u00f5es no plen\u00e1rio e, para ser aprovada, precisa de pelo menos 308 votos favor\u00e1veis.<\/p>\n<p>Maia reconheceu que, desde quarta-feira, o Brasil vive uma crise &#8220;muito grande&#8221;, ap\u00f3s o presidente Michel Temer ser citado pela dela\u00e7\u00e3o de executivos do grupo JBS. Crise que, na avalia\u00e7\u00e3o dele, precisa ser superada com &#8220;muita paci\u00eancia e di\u00e1logo&#8221;. Segundo ele, esse \u00e9 um momento &#8220;delicado&#8221;, mas cabe aos presidentes dos poderes cumprirem seus pap\u00e9is. &#8220;\u00c0 C\u00e2mara, cabe legislar e vamos legislar para garantir a estabilidade do Pa\u00eds&#8221;, disse.<\/p>\n<p>O presidente da C\u00e2mara afirmou que, mesmo em meio \u00e0 crise, espera votar nesta semana mat\u00e9rias econ\u00f4micas importantes, entre elas o projeto que trata da convalida\u00e7\u00e3o de incentivos fiscais concedidos por Estados a empresas sem autoriza\u00e7\u00e3o do Conselho Nacional de Pol\u00edtica Fazend\u00e1ria (Confaz), a chamada &#8220;guerra fiscal&#8221;. Outra pauta que deve ser votada, segundo ele, ser\u00e1 a medida provis\u00f3ria (MP) do Refis.<\/p>\n<p>Fonte: <a href=\"https:\/\/www.noticiasaominuto.com.br\/economia\/390666\/maia-entre-5-e-12-de-junho-comeca-votacao-da-reforma-da-previdencia\" target=\"_blank\" rel=\"noopener noreferrer\">Not\u00edcias ao Minuto<\/a><\/p>\n<p>&nbsp;<\/p>\n<p>&nbsp;<\/p>\n","protected":false},"excerpt":{"rendered":"<p>Por se tratar de uma mudan\u00e7a na Constitui\u00e7\u00e3o, a proposta precisa passar por duas vota\u00e7\u00f5es no plen\u00e1rio e, para ser aprovada, precisa de pelo menos 308 votos favor\u00e1veis O presidente da C\u00e2mara dos Deputados, Rodrigo Maia (DEM-RJ), anunciou na tarde desta segunda-feira, 22, que a reforma da Previd\u00eancia come\u00e7ar\u00e1 a ser votada no plen\u00e1rio da<a class=\"moretag\" href=\"http:\/\/sindiquimicabr.com.br\/index.php\/2017\/05\/23\/maia-entre-5-e-12-de-junho-comeca-votacao-da-reforma-da-previdencia\/\"> [&#8230;]<\/a><\/p>\n","protected":false},"author":2,"featured_media":2634,"comment_status":"closed","ping_status":"closed","sticky":false,"template":"","format":"standard","meta":[],"categories":[10],"tags":[],"_links":{"self":[{"href":"http:\/\/sindiquimicabr.com.br\/index.php\/wp-json\/wp\/v2\/posts\/2632"}],"collection":[{"href":"http:\/\/sindiquimicabr.com.br\/index.php\/wp-json\/wp\/v2\/posts"}],"about":[{"href":"http:\/\/sindiquimicabr.com.br\/index.php\/wp-json\/wp\/v2\/types\/post"}],"author":[{"embeddable":true,"href":"http:\/\/sindiquimicabr.com.br\/index.php\/wp-json\/wp\/v2\/users\/2"}],"replies":[{"embeddable":true,"href":"http:\/\/sindiquimicabr.com.br\/index.php\/wp-json\/wp\/v2\/comments?post=2632"}],"version-history":[{"count":1,"href":"http:\/\/sindiquimicabr.com.br\/index.php\/wp-json\/wp\/v2\/posts\/2632\/revisions"}],"predecessor-version":[{"id":2635,"href":"http:\/\/sindiquimicabr.com.br\/index.php\/wp-json\/wp\/v2\/posts\/2632\/revisions\/2635"}],"wp:featuredmedia":[{"embeddable":true,"href":"http:\/\/sindiquimicabr.com.br\/index.php\/wp-json\/wp\/v2\/media\/2634"}],"wp:attachment":[{"href":"http:\/\/sindiquimicabr.com.br\/index.php\/wp-json\/wp\/v2\/media?parent=2632"}],"wp:term":[{"taxonomy":"category","embeddable":true,"href":"http:\/\/sindiquimicabr.com.br\/index.php\/wp-json\/wp\/v2\/categories?post=2632"},{"taxonomy":"post_tag","embeddable":true,"href":"http:\/\/sindiquimicabr.com.br\/index.php\/wp-json\/wp\/v2\/tags?post=2632"}],"curies":[{"name":"wp","href":"https:\/\/api.w.org\/{rel}","templated":true}]}}