{"id":2969,"date":"2017-09-20T13:35:46","date_gmt":"2017-09-20T13:35:46","guid":{"rendered":"http:\/\/sindiquimicabr.com.br\/?p=2969"},"modified":"2017-09-28T15:28:34","modified_gmt":"2017-09-28T15:28:34","slug":"temer-usa-dados-nao-oficiais-em-discurso-na-onu-diz-pesquisador","status":"publish","type":"post","link":"http:\/\/sindiquimicabr.com.br\/index.php\/2017\/09\/20\/temer-usa-dados-nao-oficiais-em-discurso-na-onu-diz-pesquisador\/","title":{"rendered":"Temer usa dados n\u00c3\u00a3o oficiais em discurso na ONU, diz pesquisador"},"content":{"rendered":"<h4 class=\"news-subheadline\">O instituto Imazon, que fez o levantamento citado pelo presidente, mede estat\u00edsticas mensalmente, o pode indicar uma tend\u00eancia, mas n\u00e3o uma certeza<\/h4>\n<p><a href=\"http:\/\/sindiquimicabr.com.br\/wp\/wp-content\/uploads\/2017\/09\/Temer-usa-dados-n\u00e3o-oficiais-em-discurso-na-ONU-diz-pesquisador.jpg\"><img decoding=\"async\" loading=\"lazy\" class=\"alignnone size-full wp-image-2970\" src=\"http:\/\/sindiquimicabr.com.br\/wp\/wp-content\/uploads\/2017\/09\/Temer-usa-dados-n\u00e3o-oficiais-em-discurso-na-ONU-diz-pesquisador.jpg\" alt=\"\" width=\"1920\" height=\"1080\" srcset=\"http:\/\/sindiquimicabr.com.br\/wp\/wp-content\/uploads\/2017\/09\/Temer-usa-dados-n\u00e3o-oficiais-em-discurso-na-ONU-diz-pesquisador.jpg 1920w, http:\/\/sindiquimicabr.com.br\/wp\/wp-content\/uploads\/2017\/09\/Temer-usa-dados-n\u00e3o-oficiais-em-discurso-na-ONU-diz-pesquisador-300x169.jpg 300w, http:\/\/sindiquimicabr.com.br\/wp\/wp-content\/uploads\/2017\/09\/Temer-usa-dados-n\u00e3o-oficiais-em-discurso-na-ONU-diz-pesquisador-768x432.jpg 768w, http:\/\/sindiquimicabr.com.br\/wp\/wp-content\/uploads\/2017\/09\/Temer-usa-dados-n\u00e3o-oficiais-em-discurso-na-ONU-diz-pesquisador-1024x576.jpg 1024w, http:\/\/sindiquimicabr.com.br\/wp\/wp-content\/uploads\/2017\/09\/Temer-usa-dados-n\u00e3o-oficiais-em-discurso-na-ONU-diz-pesquisador-600x338.jpg 600w\" sizes=\"(max-width: 1920px) 100vw, 1920px\" \/><\/a><\/p>\n<p>&nbsp;<\/p>\n<p><span class=\"news_capital_letter\">E<\/span>m discurso na abertura da Assembleia Geral da Organiza\u00e7\u00e3o das Na\u00e7\u00f5es Unidas (ONU), nessa ter\u00e7a-feira (19), o presidente da Rep\u00fablica, Michel Temer, usou um estudo do instituto de pesquisa Imazon, que realiza levantamentos mensais sobre tend\u00eancias de crescimento ou queda do desmatamento na Amaz\u00f4nia, para afirmar que houve uma redu\u00e7\u00e3o dos danos \u00e0 floresta.<\/p>\n<p>\u201cO Brasil orgulha-se de ter a maior cobertura de florestas tropicais do planeta. O desmatamento \u00e9 quest\u00e3o que nos preocupa, especialmente na Amaz\u00f4nia. Nessa quest\u00e3o temos concentrado aten\u00e7\u00e3o e recursos. Pois trago a boa not\u00edcia de que os primeiros dados dispon\u00edveis para o \u00faltimo ano j\u00e1 indicam diminui\u00e7\u00e3o de mais de 20% do desmatamento naquela regi\u00e3o. Retomamos o bom caminho e nesse caminho persistiremos\u201d, declarou Temer.<\/p>\n<p>No entanto, um dos pesquisadores do instituto disse que a informa\u00e7\u00e3o apresentada pelo presidente \u00e9 &#8220;imprecisa&#8221; e &#8220;inadequada&#8221;. &#8220;Os dados que o Imazon mede mensalmente podem indicar uma tend\u00eancia. Portanto, \u00e9 poss\u00edvel que o desmatamento caia. Mas n\u00e3o podemos dizer 20% porque n\u00e3o temos a precis\u00e3o que essa afirma\u00e7\u00e3o exige&#8221;, disse o engenheiro florestal Paulo Barreto, em entrevista \u00e0 BBC Brasil.<\/p>\n<p>&#8220;Estes n\u00e3o s\u00e3o dados oficiais. Os dados do governo ainda n\u00e3o foram divulgados e parece que o presidente est\u00e1 comparando dados oficiais do ano passado com os nossos, de agora, sendo que as metodologias s\u00e3o totalmente diferentes&#8221;, completou.<\/p>\n<p>Ele ainda destacou que pol\u00edticas recentes do governo federal devem agravar a destrui\u00e7\u00e3o na Amaz\u00f4nia. &#8220;O governo mandou projetos de lei para o Congresso para reduzir \u00e1reas de conserva\u00e7\u00e3o. Nossos estudos mostram que as taxas dobram com redu\u00e7\u00f5es como esta&#8221;, afirma Barreto. Outros pesquisadores do instituto tamb\u00e9m seguem a mesma linha de racioc\u00ednio dele.<\/p>\n<p>A declara\u00e7\u00e3o de Temer na ONU foi feita dias depois de ele assinar decreto que extingue a Reserva Nacional do Cobre e Associados (Renca) e libera a explora\u00e7\u00e3o mineral em parte da \u00e1rea. A decis\u00e3o foi alvo de cr\u00edticas de ambientalistas e da popula\u00e7\u00e3o.<\/p>\n<p>A assessoria da Presid\u00eancia confirmou ter usado dados do Imazon, mas n\u00e3o comentou a informa\u00e7\u00e3o de que os n\u00fameros n\u00e3o s\u00e3o oficiais.<\/p>\n<p>Fonte: <a href=\"https:\/\/www.noticiasaominuto.com.br\/politica\/448876\/temer-usa-dados-nao-oficiais-em-discurso-na-onu-diz-pesquisador\" target=\"_blank\" rel=\"noopener\">Not\u00edcias ao Minuto<\/a><\/p>\n","protected":false},"excerpt":{"rendered":"<p>O instituto Imazon, que fez o levantamento citado pelo presidente, mede estat\u00edsticas mensalmente, o pode indicar uma tend\u00eancia, mas n\u00e3o uma certeza &nbsp; Em discurso na abertura da Assembleia Geral da Organiza\u00e7\u00e3o das Na\u00e7\u00f5es Unidas (ONU), nessa ter\u00e7a-feira (19), o presidente da Rep\u00fablica, Michel Temer, usou um estudo do instituto de pesquisa Imazon, que realiza<a class=\"moretag\" href=\"http:\/\/sindiquimicabr.com.br\/index.php\/2017\/09\/20\/temer-usa-dados-nao-oficiais-em-discurso-na-onu-diz-pesquisador\/\"> [&#8230;]<\/a><\/p>\n","protected":false},"author":2,"featured_media":2970,"comment_status":"closed","ping_status":"closed","sticky":false,"template":"","format":"standard","meta":[],"categories":[9],"tags":[],"_links":{"self":[{"href":"http:\/\/sindiquimicabr.com.br\/index.php\/wp-json\/wp\/v2\/posts\/2969"}],"collection":[{"href":"http:\/\/sindiquimicabr.com.br\/index.php\/wp-json\/wp\/v2\/posts"}],"about":[{"href":"http:\/\/sindiquimicabr.com.br\/index.php\/wp-json\/wp\/v2\/types\/post"}],"author":[{"embeddable":true,"href":"http:\/\/sindiquimicabr.com.br\/index.php\/wp-json\/wp\/v2\/users\/2"}],"replies":[{"embeddable":true,"href":"http:\/\/sindiquimicabr.com.br\/index.php\/wp-json\/wp\/v2\/comments?post=2969"}],"version-history":[{"count":2,"href":"http:\/\/sindiquimicabr.com.br\/index.php\/wp-json\/wp\/v2\/posts\/2969\/revisions"}],"predecessor-version":[{"id":2978,"href":"http:\/\/sindiquimicabr.com.br\/index.php\/wp-json\/wp\/v2\/posts\/2969\/revisions\/2978"}],"wp:featuredmedia":[{"embeddable":true,"href":"http:\/\/sindiquimicabr.com.br\/index.php\/wp-json\/wp\/v2\/media\/2970"}],"wp:attachment":[{"href":"http:\/\/sindiquimicabr.com.br\/index.php\/wp-json\/wp\/v2\/media?parent=2969"}],"wp:term":[{"taxonomy":"category","embeddable":true,"href":"http:\/\/sindiquimicabr.com.br\/index.php\/wp-json\/wp\/v2\/categories?post=2969"},{"taxonomy":"post_tag","embeddable":true,"href":"http:\/\/sindiquimicabr.com.br\/index.php\/wp-json\/wp\/v2\/tags?post=2969"}],"curies":[{"name":"wp","href":"https:\/\/api.w.org\/{rel}","templated":true}]}}