{"id":3113,"date":"2018-05-09T12:12:26","date_gmt":"2018-05-09T12:12:26","guid":{"rendered":"http:\/\/sindiquimicabr.com.br\/?p=3113"},"modified":"2018-05-17T15:17:46","modified_gmt":"2018-05-17T15:17:46","slug":"pre-candidatos-lamentam-desistencia-de-barbosa-da-corrida-presidencial","status":"publish","type":"post","link":"http:\/\/sindiquimicabr.com.br\/index.php\/2018\/05\/09\/pre-candidatos-lamentam-desistencia-de-barbosa-da-corrida-presidencial\/","title":{"rendered":"Pr\u00e9-candidatos lamentam desist\u00eancia de Barbosa da corrida presidencial"},"content":{"rendered":"<h4 class=\"news-subheadline\">&#8220;\u00c9 uma perda, porque precisamos de novas lideran\u00e7as como ele, com mais participa\u00e7\u00e3o e servi\u00e7os para o Estado&#8221;, lamentou Alckmin<\/h4>\n<p>&nbsp;<\/p>\n<p><a href=\"http:\/\/sindiquimicabr.com.br\/wp\/wp-content\/uploads\/2018\/05\/Pr\u00e9-candidatos-lamentam-desist\u00eancia-de-Barbosa-da-corrida-presidencial.jpg\"><img decoding=\"async\" loading=\"lazy\" class=\"alignnone size-full wp-image-3114\" src=\"http:\/\/sindiquimicabr.com.br\/wp\/wp-content\/uploads\/2018\/05\/Pr\u00e9-candidatos-lamentam-desist\u00eancia-de-Barbosa-da-corrida-presidencial.jpg\" alt=\"\" width=\"1920\" height=\"1080\" srcset=\"http:\/\/sindiquimicabr.com.br\/wp\/wp-content\/uploads\/2018\/05\/Pr\u00e9-candidatos-lamentam-desist\u00eancia-de-Barbosa-da-corrida-presidencial.jpg 1920w, http:\/\/sindiquimicabr.com.br\/wp\/wp-content\/uploads\/2018\/05\/Pr\u00e9-candidatos-lamentam-desist\u00eancia-de-Barbosa-da-corrida-presidencial-300x169.jpg 300w, http:\/\/sindiquimicabr.com.br\/wp\/wp-content\/uploads\/2018\/05\/Pr\u00e9-candidatos-lamentam-desist\u00eancia-de-Barbosa-da-corrida-presidencial-768x432.jpg 768w, http:\/\/sindiquimicabr.com.br\/wp\/wp-content\/uploads\/2018\/05\/Pr\u00e9-candidatos-lamentam-desist\u00eancia-de-Barbosa-da-corrida-presidencial-1024x576.jpg 1024w, http:\/\/sindiquimicabr.com.br\/wp\/wp-content\/uploads\/2018\/05\/Pr\u00e9-candidatos-lamentam-desist\u00eancia-de-Barbosa-da-corrida-presidencial-600x338.jpg 600w\" sizes=\"(max-width: 1920px) 100vw, 1920px\" \/><\/a><\/p>\n<p>&nbsp;<\/p>\n<p><span class=\"news_capital_letter\">P<\/span>r\u00e9-candidatos \u00e0 Presid\u00eancia lamentaram nesta ter\u00e7a-feira, 8, a desist\u00eancia do ex-presidente do Supremo Tribunal Federal (STF) Joaquim Barbosa em disputar o cargo durante a 73\u00aa Reuni\u00e3o Geral da Frente Nacional de Prefeitos (FNP), em Niter\u00f3i, na Grande Rio.<\/p>\n<p>O pr\u00e9-candidato do PSDB, Geraldo Alckmin disse que Barbosa, poder\u00e1 participar de outra forma do processo eleitoral. Segundo o ex-governador paulista, h\u00e1 muitas conversas em curso sobre alian\u00e7as, mas isso s\u00f3 deve ser conclu\u00eddo em julho. O PSB, partido ao qual o ex-ministro \u00e9 filiado, \u00e9 aliado do PSDB em S\u00e3o Paulo.<\/p>\n<p>&#8220;\u00c9 uma perda, porque precisamos de novas lideran\u00e7as como ele, com mais participa\u00e7\u00e3o e servi\u00e7os para o Estado. Tenho certeza que, se n\u00e3o for como candidato, a participa\u00e7\u00e3o dele ser\u00e1 de outra forma&#8221;, afirmou Alckmin.<\/p>\n<p>A pr\u00e9-candidata do Rede, Marina Silva, disse que respeita o debate interno do PSB, mas destacou a &#8220;identidade program\u00e1tica&#8221; entre os dois partidos, que foram aliados na disputa presidencial de 2014. Ela ressaltou, por\u00e9m, que a decis\u00e3o do ex-ministro do STF Joaquim Barbosa ainda \u00e9 muito recente e \u00e9 preciso dar tempo ao PSB para debater a decis\u00e3o.<\/p>\n<p>&#8220;Boa parte da base da nossa proposta para 2018 est\u00e1 constru\u00edda em cima do programa de 2014, que fizemos juntos&#8221;, disse, lembrando que o ent\u00e3o candidato do PSB, Eduardo Campos, acolheu o Rede quando este n\u00e3o conseguiu o registro de partido pol\u00edtico e que ela assumiu a cabe\u00e7a de chapa ap\u00f3s a morte de Campos em um acidente a\u00e9reo.<\/p>\n<p>Outro presidenci\u00e1vel que comentou a desist\u00eancia de Barbosa durante a FNP foi Guilherme Afif Domingos, do PSD. &#8220;Empobrece a disputa, era um quadro importante para esse processo&#8221;, disse Afif, que tamb\u00e9m afirmou que a pris\u00e3o do ex-presidente Luiz In\u00e1cio Lula da Silva (PT) , condenado na Opera\u00e7\u00e3o Lava Jato, &#8220;embaralha bastante o jogo&#8221;.<\/p>\n<p><strong>Respeito<\/strong><\/p>\n<p>J\u00e1 Manuela D&#8217;\u00c1vila do PCdoB disse que respeita a decis\u00e3o do ex-presidente do STF Joaquim Barbosa de desistir da candidatura. &#8220;\u00c9 uma decis\u00e3o que passa por quest\u00f5es pessoais&#8221;, afirmou.<\/p>\n<p>Pr\u00e9-candidato do PRB \u00e0 Presid\u00eancia da Rep\u00fablica, o empres\u00e1rio Fl\u00e1vio Rocha disse ao Estad\u00e3o\/Broadcast que pode herdar votos que iriam para o ex-ministro Joaquim Barbosa (PSB). &#8220;Os votos que iriam para ele s\u00e3o de eleitores que demandam mudan\u00e7a e renova\u00e7\u00e3o. Nosso projeto pode ser o escoadouro desses votos&#8221;, disse Rocha.<\/p>\n<p>O empres\u00e1rio tamb\u00e9m elogiou Barbosa: &#8220;Joaquim \u00e9 uma das pessoas mais importantes da hist\u00f3ria recente do Brasil. Entendo os motivos dele desistir. Sei dos ataques que ele pode sofrer, como eu tenho sofrido em rela\u00e7\u00e3o a minha fam\u00edlia e religi\u00e3o&#8221;.<\/p>\n<p>Para o pr\u00e9-candidato \u00c1lvaro Dias (PODE) ainda \u00e9 dif\u00edcil avaliar qual candidato ganha com a decis\u00e3o de Barbosa de n\u00e3o entrar na disputa. Ele e o ex-governador Geraldo Alckmin (PSDB), pr\u00e9-candidato do PSDB, que \u00e9 aliado do PSB em S\u00e3o Paulo, sinalizaram para a possibilidade de que o ex-ministro possa colaborar em seus governos, citando especificamente projetos ligados a \u00e1rea de gest\u00e3o p\u00fablica.<\/p>\n<p>Questionados sobre a possibilidade de o ex-presidente do STF vir a ocupar a vaga de vice em suas chamas, tanto Alckmin quanto Dias e Marina foram reticentes e destacaram a import\u00e2ncia de respeitar a &#8220;decis\u00e3o pessoal&#8221; de Barbosa.<\/p>\n<p>Nos bastidores, a decis\u00e3o de Barbosa foi considerada positiva principalmente no campo da esquerda. Aliado do pr\u00e9-candidato do PDT, Ciro Gomes, o prefeito de Niter\u00f3i, Rodrigo Neves, disse que a decis\u00e3o abre espa\u00e7o para a uni\u00e3o dos setores progressistas.<\/p>\n<p>&#8220;A situa\u00e7\u00e3o do pa\u00eds \u00e9 dram\u00e1tica na economia, com desemprego e aumento da pobreza, na crise de confian\u00e7a e da democracia. A desist\u00eancia de Joaquim Barbosa abre uma enorme possibilidade de uni\u00e3o dos setores progressistas e de centro esquerda&#8221;, declarou, no intervalo da 73\u00aa Reuni\u00e3o Geral da Frente Nacional de Prefeitos (FNP), que acontece em sua cidade.<\/p>\n<p>Barbosa, cogitado h\u00e1 alguns meses como pr\u00e9-candidato do Partido Socialista Brasileiro (PSB) \u00e0 Presid\u00eancia , confirmou nesta ter\u00e7a-feira, 8, que n\u00e3o concorrer\u00e1 ao cargo. De acordo com ele, a decis\u00e3o \u00e9 &#8220;estritamente pessoal&#8221;. Na mais recente pesquisa Datafolha, do m\u00eas passado, Barbosa aparecia bem posicionado, em torno dos 10% das inten\u00e7\u00f5es de voto, enquanto Alckmin tinha entre 7% e 8%. O an\u00fancio foi feito pelo pr\u00f3prio ex-ministro em sua conta no Twitter. Com informa\u00e7\u00f5es do Estad\u00e3o\u00a0Conte\u00fado.<\/p>\n<p>&nbsp;<\/p>\n<p>Fonte: Not\u00edcias ao Minuto<\/p>\n","protected":false},"excerpt":{"rendered":"<p>&#8220;\u00c9 uma perda, porque precisamos de novas lideran\u00e7as como ele, com mais participa\u00e7\u00e3o e servi\u00e7os para o Estado&#8221;, lamentou Alckmin &nbsp; &nbsp; Pr\u00e9-candidatos \u00e0 Presid\u00eancia lamentaram nesta ter\u00e7a-feira, 8, a desist\u00eancia do ex-presidente do Supremo Tribunal Federal (STF) Joaquim Barbosa em disputar o cargo durante a 73\u00aa Reuni\u00e3o Geral da Frente Nacional de Prefeitos (FNP),<a class=\"moretag\" href=\"http:\/\/sindiquimicabr.com.br\/index.php\/2018\/05\/09\/pre-candidatos-lamentam-desistencia-de-barbosa-da-corrida-presidencial\/\"> [&#8230;]<\/a><\/p>\n","protected":false},"author":2,"featured_media":3114,"comment_status":"closed","ping_status":"closed","sticky":false,"template":"","format":"standard","meta":[],"categories":[9],"tags":[],"_links":{"self":[{"href":"http:\/\/sindiquimicabr.com.br\/index.php\/wp-json\/wp\/v2\/posts\/3113"}],"collection":[{"href":"http:\/\/sindiquimicabr.com.br\/index.php\/wp-json\/wp\/v2\/posts"}],"about":[{"href":"http:\/\/sindiquimicabr.com.br\/index.php\/wp-json\/wp\/v2\/types\/post"}],"author":[{"embeddable":true,"href":"http:\/\/sindiquimicabr.com.br\/index.php\/wp-json\/wp\/v2\/users\/2"}],"replies":[{"embeddable":true,"href":"http:\/\/sindiquimicabr.com.br\/index.php\/wp-json\/wp\/v2\/comments?post=3113"}],"version-history":[{"count":1,"href":"http:\/\/sindiquimicabr.com.br\/index.php\/wp-json\/wp\/v2\/posts\/3113\/revisions"}],"predecessor-version":[{"id":3115,"href":"http:\/\/sindiquimicabr.com.br\/index.php\/wp-json\/wp\/v2\/posts\/3113\/revisions\/3115"}],"wp:featuredmedia":[{"embeddable":true,"href":"http:\/\/sindiquimicabr.com.br\/index.php\/wp-json\/wp\/v2\/media\/3114"}],"wp:attachment":[{"href":"http:\/\/sindiquimicabr.com.br\/index.php\/wp-json\/wp\/v2\/media?parent=3113"}],"wp:term":[{"taxonomy":"category","embeddable":true,"href":"http:\/\/sindiquimicabr.com.br\/index.php\/wp-json\/wp\/v2\/categories?post=3113"},{"taxonomy":"post_tag","embeddable":true,"href":"http:\/\/sindiquimicabr.com.br\/index.php\/wp-json\/wp\/v2\/tags?post=3113"}],"curies":[{"name":"wp","href":"https:\/\/api.w.org\/{rel}","templated":true}]}}