{"id":3140,"date":"2018-05-23T15:27:43","date_gmt":"2018-05-23T15:27:43","guid":{"rendered":"http:\/\/sindiquimicabr.com.br\/?p=3140"},"modified":"2018-06-06T12:07:15","modified_gmt":"2018-06-06T12:07:15","slug":"greve-dos-caminhoneiros-faz-correios-suspenderem-envio-de-sedex","status":"publish","type":"post","link":"http:\/\/sindiquimicabr.com.br\/index.php\/2018\/05\/23\/greve-dos-caminhoneiros-faz-correios-suspenderem-envio-de-sedex\/","title":{"rendered":"Greve dos caminhoneiros faz Correios suspenderem envio de Sedex"},"content":{"rendered":"<h4 class=\"news-subheadline\">Em comunicado, companhia informou que a paralisa\u00e7\u00e3o tamb\u00e9m tem gerado &#8220;forte impacto&#8221; e atrasos nas opera\u00e7\u00f5es<\/h4>\n<p><a href=\"http:\/\/sindiquimicabr.com.br\/wp\/wp-content\/uploads\/2018\/05\/Greve-dos-caminhoneiros-faz-Correios-suspenderem-envio-de-Sedex.jpg\"><img decoding=\"async\" loading=\"lazy\" class=\"alignnone size-full wp-image-3141\" src=\"http:\/\/sindiquimicabr.com.br\/wp\/wp-content\/uploads\/2018\/05\/Greve-dos-caminhoneiros-faz-Correios-suspenderem-envio-de-Sedex.jpg\" alt=\"\" width=\"1920\" height=\"1080\" srcset=\"http:\/\/sindiquimicabr.com.br\/wp\/wp-content\/uploads\/2018\/05\/Greve-dos-caminhoneiros-faz-Correios-suspenderem-envio-de-Sedex.jpg 1920w, http:\/\/sindiquimicabr.com.br\/wp\/wp-content\/uploads\/2018\/05\/Greve-dos-caminhoneiros-faz-Correios-suspenderem-envio-de-Sedex-300x169.jpg 300w, http:\/\/sindiquimicabr.com.br\/wp\/wp-content\/uploads\/2018\/05\/Greve-dos-caminhoneiros-faz-Correios-suspenderem-envio-de-Sedex-768x432.jpg 768w, http:\/\/sindiquimicabr.com.br\/wp\/wp-content\/uploads\/2018\/05\/Greve-dos-caminhoneiros-faz-Correios-suspenderem-envio-de-Sedex-1024x576.jpg 1024w, http:\/\/sindiquimicabr.com.br\/wp\/wp-content\/uploads\/2018\/05\/Greve-dos-caminhoneiros-faz-Correios-suspenderem-envio-de-Sedex-600x338.jpg 600w\" sizes=\"(max-width: 1920px) 100vw, 1920px\" \/><\/a><\/p>\n<p><span class=\"news_capital_letter\">A<\/span> paralisa\u00e7\u00e3o dos caminhoneiros em mais de 20 estados atinge at\u00e9 as postagens nos Correios. A Empresa Brasileira de Correios e Tel\u00e9grafos suspendeu temporariamente as postagens das encomendas com dia e hora marcados (Sedex 10, 12 e Hoje). Em comunicado, os Correios informaram que a paralisa\u00e7\u00e3o tamb\u00e9m tem gerado &#8220;forte impacto&#8221; e atrasos nas opera\u00e7\u00f5es da empresa em todo o pa\u00eds.<\/p>\n<p>&#8220;Tendo em vista comprometer a distribui\u00e7\u00e3o, tamb\u00e9m haver\u00e1 o acr\u00e9scimo de dias no prazo de entrega dos servi\u00e7os Sedex e PAC [entrega n\u00e3o expressa], bem como das correspond\u00eancias enquanto perdurarem os efeitos desta greve&#8221;, diz o texto.<\/p>\n<p>No mesmo documento, os Correios informam que \u201ctoda a log\u00edstica brasileira\u201d sofre preju\u00edzos em decorr\u00eancia da paralisa\u00e7\u00e3o dos caminhoneiros, iniciada segunda-feira (21).<\/p>\n<p>A opera\u00e7\u00e3o dos Correios envolve mais de 25 mil ve\u00edculos, 1.500 linhas terrestres e 11 linhas a\u00e9reas de norte a sul do pa\u00eds. A empresa entrega mensalmente cerca de meio bilh\u00e3o de objetos postais, entre eles 25 milh\u00f5es de encomendas.<\/p>\n<p>&#8220;Os Correios est\u00e3o acompanhando os \u00edndices operacionais de qualidade de toda essa cadeia log\u00edstica e, t\u00e3o logo a situa\u00e7\u00e3o do tr\u00e1fego nas rodovias retorne \u00e0 normalidade, a empresa refor\u00e7ar\u00e1 os processos operacionais para minimizar os impactos \u00e0 popula\u00e7\u00e3o&#8221;, acrescenta a nota.<\/p>\n<p>Caminhoneiros voltaram a bloquear rodovias pelo pa\u00eds nesta ter\u00e7a-feira (23), pelo terceiro dia seguido, contra o aumento no pre\u00e7o dos combust\u00edveis. Com informa\u00e7\u00f5es da Ag\u00eancia Brasil.<\/p>\n<p>Fonte: <a href=\"https:\/\/www.noticiasaominuto.com.br\/economia\/595937\/greve-dos-caminhoneiros-faz-correios-suspenderem-envio-de-sedex\" target=\"_blank\" rel=\"noopener\">Not\u00edcias ao Minuto<\/a><\/p>\n","protected":false},"excerpt":{"rendered":"<p>Em comunicado, companhia informou que a paralisa\u00e7\u00e3o tamb\u00e9m tem gerado &#8220;forte impacto&#8221; e atrasos nas opera\u00e7\u00f5es A paralisa\u00e7\u00e3o dos caminhoneiros em mais de 20 estados atinge at\u00e9 as postagens nos Correios. A Empresa Brasileira de Correios e Tel\u00e9grafos suspendeu temporariamente as postagens das encomendas com dia e hora marcados (Sedex 10, 12 e Hoje). Em<a class=\"moretag\" href=\"http:\/\/sindiquimicabr.com.br\/index.php\/2018\/05\/23\/greve-dos-caminhoneiros-faz-correios-suspenderem-envio-de-sedex\/\"> [&#8230;]<\/a><\/p>\n","protected":false},"author":2,"featured_media":3141,"comment_status":"closed","ping_status":"closed","sticky":false,"template":"","format":"standard","meta":[],"categories":[9],"tags":[],"_links":{"self":[{"href":"http:\/\/sindiquimicabr.com.br\/index.php\/wp-json\/wp\/v2\/posts\/3140"}],"collection":[{"href":"http:\/\/sindiquimicabr.com.br\/index.php\/wp-json\/wp\/v2\/posts"}],"about":[{"href":"http:\/\/sindiquimicabr.com.br\/index.php\/wp-json\/wp\/v2\/types\/post"}],"author":[{"embeddable":true,"href":"http:\/\/sindiquimicabr.com.br\/index.php\/wp-json\/wp\/v2\/users\/2"}],"replies":[{"embeddable":true,"href":"http:\/\/sindiquimicabr.com.br\/index.php\/wp-json\/wp\/v2\/comments?post=3140"}],"version-history":[{"count":1,"href":"http:\/\/sindiquimicabr.com.br\/index.php\/wp-json\/wp\/v2\/posts\/3140\/revisions"}],"predecessor-version":[{"id":3142,"href":"http:\/\/sindiquimicabr.com.br\/index.php\/wp-json\/wp\/v2\/posts\/3140\/revisions\/3142"}],"wp:featuredmedia":[{"embeddable":true,"href":"http:\/\/sindiquimicabr.com.br\/index.php\/wp-json\/wp\/v2\/media\/3141"}],"wp:attachment":[{"href":"http:\/\/sindiquimicabr.com.br\/index.php\/wp-json\/wp\/v2\/media?parent=3140"}],"wp:term":[{"taxonomy":"category","embeddable":true,"href":"http:\/\/sindiquimicabr.com.br\/index.php\/wp-json\/wp\/v2\/categories?post=3140"},{"taxonomy":"post_tag","embeddable":true,"href":"http:\/\/sindiquimicabr.com.br\/index.php\/wp-json\/wp\/v2\/tags?post=3140"}],"curies":[{"name":"wp","href":"https:\/\/api.w.org\/{rel}","templated":true}]}}