{"id":3150,"date":"2018-06-05T12:27:24","date_gmt":"2018-06-05T12:27:24","guid":{"rendered":"http:\/\/sindiquimicabr.com.br\/?p=3150"},"modified":"2018-06-21T14:22:23","modified_gmt":"2018-06-21T14:22:23","slug":"justica-suspende-privatizacao-da-eletrobras","status":"publish","type":"post","link":"http:\/\/sindiquimicabr.com.br\/index.php\/2018\/06\/05\/justica-suspende-privatizacao-da-eletrobras\/","title":{"rendered":"Justi\u00e7a suspende privatiza\u00e7\u00e3o da Eletrobras"},"content":{"rendered":"<h4 class=\"news-subheadline\">TRT da 1\u00aa Regi\u00e3o determinou que a companhia e suas distribuidoras apresentem laudo sobre consequ\u00eancias da desestatiza\u00e7\u00e3o nos contratos de trabalho em curso<\/h4>\n<p><a href=\"http:\/\/sindiquimicabr.com.br\/wp\/wp-content\/uploads\/2018\/06\/Justi\u00e7a-suspende-privatiza\u00e7\u00e3o-da-Eletrobras.jpg\"><img decoding=\"async\" loading=\"lazy\" class=\"alignnone size-full wp-image-3151\" src=\"http:\/\/sindiquimicabr.com.br\/wp\/wp-content\/uploads\/2018\/06\/Justi\u00e7a-suspende-privatiza\u00e7\u00e3o-da-Eletrobras.jpg\" alt=\"\" width=\"1920\" height=\"1080\" srcset=\"http:\/\/sindiquimicabr.com.br\/wp\/wp-content\/uploads\/2018\/06\/Justi\u00e7a-suspende-privatiza\u00e7\u00e3o-da-Eletrobras.jpg 1920w, http:\/\/sindiquimicabr.com.br\/wp\/wp-content\/uploads\/2018\/06\/Justi\u00e7a-suspende-privatiza\u00e7\u00e3o-da-Eletrobras-300x169.jpg 300w, http:\/\/sindiquimicabr.com.br\/wp\/wp-content\/uploads\/2018\/06\/Justi\u00e7a-suspende-privatiza\u00e7\u00e3o-da-Eletrobras-768x432.jpg 768w, http:\/\/sindiquimicabr.com.br\/wp\/wp-content\/uploads\/2018\/06\/Justi\u00e7a-suspende-privatiza\u00e7\u00e3o-da-Eletrobras-1024x576.jpg 1024w, http:\/\/sindiquimicabr.com.br\/wp\/wp-content\/uploads\/2018\/06\/Justi\u00e7a-suspende-privatiza\u00e7\u00e3o-da-Eletrobras-600x338.jpg 600w\" sizes=\"(max-width: 1920px) 100vw, 1920px\" \/><\/a><\/p>\n<p><span class=\"news_capital_letter\">A<\/span> Eletrobras informou nesta ter\u00e7a-feira (5) que o Tribunal Regional do Trabalho 1\u00aa Regi\u00e3o, determinou que a companhia e suas distribuidoras \u201cse abstenham de dar prosseguimento ao processo de desestatiza\u00e7\u00e3o\u201c em decis\u00e3o de tutela de urg\u00eancia. As informa\u00e7\u00f5es s\u00e3o da ag\u00eancia Reuters.<\/p>\n<p>Segundo o comunicado da estatal, o Tribunal pediu que seja apresentado \u201cestudo sobre o impacto da privatiza\u00e7\u00e3o nos contratos de trabalho em curso\u201d no prazo de 90 dias.<\/p>\n<p>\u201cA companhia analisar\u00e1 as medidas cab\u00edveis e manter\u00e1 o mercado informado\u201d, destaca a nota da Eletrobras.<\/p>\n<p>Fonte: Not\u00edcias ao Minuto<\/p>\n","protected":false},"excerpt":{"rendered":"<p>TRT da 1\u00aa Regi\u00e3o determinou que a companhia e suas distribuidoras apresentem laudo sobre consequ\u00eancias da desestatiza\u00e7\u00e3o nos contratos de trabalho em curso A Eletrobras informou nesta ter\u00e7a-feira (5) que o Tribunal Regional do Trabalho 1\u00aa Regi\u00e3o, determinou que a companhia e suas distribuidoras \u201cse abstenham de dar prosseguimento ao processo de desestatiza\u00e7\u00e3o\u201c em decis\u00e3o<a class=\"moretag\" href=\"http:\/\/sindiquimicabr.com.br\/index.php\/2018\/06\/05\/justica-suspende-privatizacao-da-eletrobras\/\"> [&#8230;]<\/a><\/p>\n","protected":false},"author":2,"featured_media":3151,"comment_status":"closed","ping_status":"closed","sticky":false,"template":"","format":"standard","meta":[],"categories":[10],"tags":[],"_links":{"self":[{"href":"http:\/\/sindiquimicabr.com.br\/index.php\/wp-json\/wp\/v2\/posts\/3150"}],"collection":[{"href":"http:\/\/sindiquimicabr.com.br\/index.php\/wp-json\/wp\/v2\/posts"}],"about":[{"href":"http:\/\/sindiquimicabr.com.br\/index.php\/wp-json\/wp\/v2\/types\/post"}],"author":[{"embeddable":true,"href":"http:\/\/sindiquimicabr.com.br\/index.php\/wp-json\/wp\/v2\/users\/2"}],"replies":[{"embeddable":true,"href":"http:\/\/sindiquimicabr.com.br\/index.php\/wp-json\/wp\/v2\/comments?post=3150"}],"version-history":[{"count":1,"href":"http:\/\/sindiquimicabr.com.br\/index.php\/wp-json\/wp\/v2\/posts\/3150\/revisions"}],"predecessor-version":[{"id":3152,"href":"http:\/\/sindiquimicabr.com.br\/index.php\/wp-json\/wp\/v2\/posts\/3150\/revisions\/3152"}],"wp:featuredmedia":[{"embeddable":true,"href":"http:\/\/sindiquimicabr.com.br\/index.php\/wp-json\/wp\/v2\/media\/3151"}],"wp:attachment":[{"href":"http:\/\/sindiquimicabr.com.br\/index.php\/wp-json\/wp\/v2\/media?parent=3150"}],"wp:term":[{"taxonomy":"category","embeddable":true,"href":"http:\/\/sindiquimicabr.com.br\/index.php\/wp-json\/wp\/v2\/categories?post=3150"},{"taxonomy":"post_tag","embeddable":true,"href":"http:\/\/sindiquimicabr.com.br\/index.php\/wp-json\/wp\/v2\/tags?post=3150"}],"curies":[{"name":"wp","href":"https:\/\/api.w.org\/{rel}","templated":true}]}}