{"id":3235,"date":"2018-07-17T12:33:24","date_gmt":"2018-07-17T12:33:24","guid":{"rendered":"http:\/\/sindiquimicabr.com.br\/?p=3235"},"modified":"2018-07-30T13:12:00","modified_gmt":"2018-07-30T13:12:00","slug":"governo-antecipa-primeira-parcela-do-13o-de-aposentados-e-pensionistas","status":"publish","type":"post","link":"http:\/\/sindiquimicabr.com.br\/index.php\/2018\/07\/17\/governo-antecipa-primeira-parcela-do-13o-de-aposentados-e-pensionistas\/","title":{"rendered":"Governo antecipa primeira parcela do 13\u00ba de aposentados e pensionistas"},"content":{"rendered":"<h4>A parcela ser\u00e1 paga em agosto junto com o benef\u00edcio do m\u00eas<\/h4>\n<p><a href=\"http:\/\/sindiquimicabr.com.br\/wp\/wp-content\/uploads\/2018\/07\/Governo-antecipa-primeira-parcela-do-13\u00ba-de-aposentados-e-pensionistas.jpg\"><img decoding=\"async\" loading=\"lazy\" class=\"alignnone size-full wp-image-3236\" src=\"http:\/\/sindiquimicabr.com.br\/wp\/wp-content\/uploads\/2018\/07\/Governo-antecipa-primeira-parcela-do-13\u00ba-de-aposentados-e-pensionistas.jpg\" alt=\"\" width=\"1920\" height=\"1080\" srcset=\"http:\/\/sindiquimicabr.com.br\/wp\/wp-content\/uploads\/2018\/07\/Governo-antecipa-primeira-parcela-do-13\u00ba-de-aposentados-e-pensionistas.jpg 1920w, http:\/\/sindiquimicabr.com.br\/wp\/wp-content\/uploads\/2018\/07\/Governo-antecipa-primeira-parcela-do-13\u00ba-de-aposentados-e-pensionistas-300x169.jpg 300w, http:\/\/sindiquimicabr.com.br\/wp\/wp-content\/uploads\/2018\/07\/Governo-antecipa-primeira-parcela-do-13\u00ba-de-aposentados-e-pensionistas-768x432.jpg 768w, http:\/\/sindiquimicabr.com.br\/wp\/wp-content\/uploads\/2018\/07\/Governo-antecipa-primeira-parcela-do-13\u00ba-de-aposentados-e-pensionistas-1024x576.jpg 1024w, http:\/\/sindiquimicabr.com.br\/wp\/wp-content\/uploads\/2018\/07\/Governo-antecipa-primeira-parcela-do-13\u00ba-de-aposentados-e-pensionistas-600x338.jpg 600w\" sizes=\"(max-width: 1920px) 100vw, 1920px\" \/><\/a><\/p>\n<p>Aposentados e pensionistas do\u00a0Instituto Nacional do Seguro Social (INSS) receber\u00e3o a primeira parte do 13\u00ba sal\u00e1rio junto com a remunera\u00e7\u00e3o de agosto.\u00a0A primeira parcela do abono anual corresponder\u00e1 a at\u00e9 50% do valor do benef\u00edcio.<\/p>\n<p>O decreto autorizando a antecipa\u00e7\u00e3o foi assinado ontem (16)\u00a0pelo\u00a0presidente Michel Temer, mas ainda n\u00e3o foi publicado no <em>Di\u00e1rio Oficial da Uni\u00e3o<\/em>. A medida deve injetar R$ 21 bilh\u00f5es na economia do pa\u00eds e movimentar o com\u00e9rcio e outros setores.<\/p>\n<p>Como determina a legisla\u00e7\u00e3o, n\u00e3o haver\u00e1 desconto de Imposto de Renda na primeira parcela paga a aposentados e pensionistas do INSS. O imposto sobre o valor\u00a0somente pode ser cobrado na segunda parcela da gratifica\u00e7\u00e3o natalina, a ser paga junto com a remunera\u00e7\u00e3o de novembro.<\/p>\n<p>Desde 2006, o governo antecipa a primeira parcela do 13\u00ba\u00a0sal\u00e1rio dos aposentados e pensionistas na folha de agosto.<\/p>\n<p>Somente em 2015, o pagamento foi adiado para setembro, por causa do ritmo fraco da economia e da queda da arrecada\u00e7\u00e3o.<\/p>\n<p>Fonte: <a href=\"http:\/\/agenciabrasil.ebc.com.br\/politica\/noticia\/2018-07\/governo-antecipa-primeira-parcela-do-13o-de-aposentados-e-pensionistas\" target=\"_blank\" rel=\"noopener\">Ag\u00eancia Brasil<\/a><\/p>\n<p>&nbsp;<\/p>\n","protected":false},"excerpt":{"rendered":"<p>A parcela ser\u00e1 paga em agosto junto com o benef\u00edcio do m\u00eas Aposentados e pensionistas do\u00a0Instituto Nacional do Seguro Social (INSS) receber\u00e3o a primeira parte do 13\u00ba sal\u00e1rio junto com a remunera\u00e7\u00e3o de agosto.\u00a0A primeira parcela do abono anual corresponder\u00e1 a at\u00e9 50% do valor do benef\u00edcio. O decreto autorizando a antecipa\u00e7\u00e3o foi assinado ontem<a class=\"moretag\" href=\"http:\/\/sindiquimicabr.com.br\/index.php\/2018\/07\/17\/governo-antecipa-primeira-parcela-do-13o-de-aposentados-e-pensionistas\/\"> [&#8230;]<\/a><\/p>\n","protected":false},"author":2,"featured_media":3236,"comment_status":"closed","ping_status":"closed","sticky":false,"template":"","format":"standard","meta":[],"categories":[9],"tags":[],"_links":{"self":[{"href":"http:\/\/sindiquimicabr.com.br\/index.php\/wp-json\/wp\/v2\/posts\/3235"}],"collection":[{"href":"http:\/\/sindiquimicabr.com.br\/index.php\/wp-json\/wp\/v2\/posts"}],"about":[{"href":"http:\/\/sindiquimicabr.com.br\/index.php\/wp-json\/wp\/v2\/types\/post"}],"author":[{"embeddable":true,"href":"http:\/\/sindiquimicabr.com.br\/index.php\/wp-json\/wp\/v2\/users\/2"}],"replies":[{"embeddable":true,"href":"http:\/\/sindiquimicabr.com.br\/index.php\/wp-json\/wp\/v2\/comments?post=3235"}],"version-history":[{"count":2,"href":"http:\/\/sindiquimicabr.com.br\/index.php\/wp-json\/wp\/v2\/posts\/3235\/revisions"}],"predecessor-version":[{"id":3238,"href":"http:\/\/sindiquimicabr.com.br\/index.php\/wp-json\/wp\/v2\/posts\/3235\/revisions\/3238"}],"wp:featuredmedia":[{"embeddable":true,"href":"http:\/\/sindiquimicabr.com.br\/index.php\/wp-json\/wp\/v2\/media\/3236"}],"wp:attachment":[{"href":"http:\/\/sindiquimicabr.com.br\/index.php\/wp-json\/wp\/v2\/media?parent=3235"}],"wp:term":[{"taxonomy":"category","embeddable":true,"href":"http:\/\/sindiquimicabr.com.br\/index.php\/wp-json\/wp\/v2\/categories?post=3235"},{"taxonomy":"post_tag","embeddable":true,"href":"http:\/\/sindiquimicabr.com.br\/index.php\/wp-json\/wp\/v2\/tags?post=3235"}],"curies":[{"name":"wp","href":"https:\/\/api.w.org\/{rel}","templated":true}]}}