{"id":3258,"date":"2018-07-31T17:46:23","date_gmt":"2018-07-31T17:46:23","guid":{"rendered":"http:\/\/sindiquimicabr.com.br\/?p=3258"},"modified":"2018-09-12T17:48:18","modified_gmt":"2018-09-12T17:48:18","slug":"pagamento-da-primeira-parcela-do-13o-de-aposentados-comeca-em-agosto","status":"publish","type":"post","link":"http:\/\/sindiquimicabr.com.br\/index.php\/2018\/07\/31\/pagamento-da-primeira-parcela-do-13o-de-aposentados-comeca-em-agosto\/","title":{"rendered":"Pagamento da primeira parcela do 13\u00ba de aposentados come\u00e7a em agosto"},"content":{"rendered":"<p><a href=\"http:\/\/sindiquimicabr.com.br\/wp\/wp-content\/uploads\/2018\/07\/Pagamento-da-primeira-parcela-do-13\u00ba-de-aposentados-come\u00e7a-em-agosto.jpg\"><img decoding=\"async\" loading=\"lazy\" class=\"size-full wp-image-3259\" src=\"http:\/\/sindiquimicabr.com.br\/wp\/wp-content\/uploads\/2018\/07\/Pagamento-da-primeira-parcela-do-13\u00ba-de-aposentados-come\u00e7a-em-agosto.jpg\" alt=\"\" width=\"1140\" height=\"760\" srcset=\"http:\/\/sindiquimicabr.com.br\/wp\/wp-content\/uploads\/2018\/07\/Pagamento-da-primeira-parcela-do-13\u00ba-de-aposentados-come\u00e7a-em-agosto.jpg 1140w, http:\/\/sindiquimicabr.com.br\/wp\/wp-content\/uploads\/2018\/07\/Pagamento-da-primeira-parcela-do-13\u00ba-de-aposentados-come\u00e7a-em-agosto-300x200.jpg 300w, http:\/\/sindiquimicabr.com.br\/wp\/wp-content\/uploads\/2018\/07\/Pagamento-da-primeira-parcela-do-13\u00ba-de-aposentados-come\u00e7a-em-agosto-768x512.jpg 768w, http:\/\/sindiquimicabr.com.br\/wp\/wp-content\/uploads\/2018\/07\/Pagamento-da-primeira-parcela-do-13\u00ba-de-aposentados-come\u00e7a-em-agosto-1024x683.jpg 1024w, http:\/\/sindiquimicabr.com.br\/wp\/wp-content\/uploads\/2018\/07\/Pagamento-da-primeira-parcela-do-13\u00ba-de-aposentados-come\u00e7a-em-agosto-600x400.jpg 600w, http:\/\/sindiquimicabr.com.br\/wp\/wp-content\/uploads\/2018\/07\/Pagamento-da-primeira-parcela-do-13\u00ba-de-aposentados-come\u00e7a-em-agosto-272x182.jpg 272w\" sizes=\"(max-width: 1140px) 100vw, 1140px\" \/><\/a><\/p>\n<p>Aposentados e pensionistas come\u00e7ar\u00e3o a receber, a partir de agosto, a antecipa\u00e7\u00e3o da primeira parcela do 13\u00ba sal\u00e1rio. De acordo com a Secretaria de Previd\u00eancia, o dep\u00f3sito ser\u00e1 realizado junto com a folha mensal de pagamentos do Instituto Nacional do Seguro Social (INSS), entre os dias 27 de agosto e 10 de setembro, conforme a <a href=\"https:\/\/www.inss.gov.br\/wp-content\/uploads\/2017\/11\/Tabela-de-pagamento-2018-5.png\" target=\"_blank\" rel=\"noopener\">Tabela de Pagamentos de Benef\u00edcios 2018<\/a>.<\/p>\n<p>A estimativa \u00e9 que essa antecipa\u00e7\u00e3o chegue a R$ 20,6 bilh\u00f5es nos meses de agosto e setembro. Cerca de 30 milh\u00f5es de benefici\u00e1rios ter\u00e3o direito \u00e0 primeira parcela do abono anual, que corresponde a metade do valor do benef\u00edcio. A exce\u00e7\u00e3o \u00e9 para quem passou a receber o benef\u00edcio depois de janeiro de 2018. Nesse caso, o valor ser\u00e1 calculado proporcionalmente.<\/p>\n<p>N\u00e3o haver\u00e1 desconto de Imposto de Renda nessa primeira parcela, que ser\u00e1 cobrado apenas em novembro e dezembro, quando for paga a segunda parcela.<\/p>\n<p>Tem direito ao 13\u00ba quem, durante o ano, recebeu benef\u00edcio previdenci\u00e1rio de aposentadoria, pens\u00e3o por morte, aux\u00edlio-doen\u00e7a, aux\u00edlio-acidente, aux\u00edlio-reclus\u00e3o ou sal\u00e1rio-maternidade. Aqueles que recebem benef\u00edcios assistenciais, como Benef\u00edcio de Presta\u00e7\u00e3o Continuada e Renda Mensal Vital\u00edcia, n\u00e3o t\u00eam direito ao abono anual.<\/p>\n<p>Fonte: <a href=\"http:\/\/agenciabrasil.ebc.com.br\/economia\/noticia\/2018-07\/pagamento-da-primeira-parcela-do-13o-de-aposentados-comeca-em-agosto\" target=\"_blank\" rel=\"noopener\">Ag\u00eancia Brasil<\/a><\/p>\n","protected":false},"excerpt":{"rendered":"<p>Aposentados e pensionistas come\u00e7ar\u00e3o a receber, a partir de agosto, a antecipa\u00e7\u00e3o da primeira parcela do 13\u00ba sal\u00e1rio. De acordo com a Secretaria de Previd\u00eancia, o dep\u00f3sito ser\u00e1 realizado junto com a folha mensal de pagamentos do Instituto Nacional do Seguro Social (INSS), entre os dias 27 de agosto e 10 de setembro, conforme a<a class=\"moretag\" href=\"http:\/\/sindiquimicabr.com.br\/index.php\/2018\/07\/31\/pagamento-da-primeira-parcela-do-13o-de-aposentados-comeca-em-agosto\/\"> [&#8230;]<\/a><\/p>\n","protected":false},"author":2,"featured_media":3259,"comment_status":"closed","ping_status":"closed","sticky":false,"template":"","format":"standard","meta":[],"categories":[9],"tags":[],"_links":{"self":[{"href":"http:\/\/sindiquimicabr.com.br\/index.php\/wp-json\/wp\/v2\/posts\/3258"}],"collection":[{"href":"http:\/\/sindiquimicabr.com.br\/index.php\/wp-json\/wp\/v2\/posts"}],"about":[{"href":"http:\/\/sindiquimicabr.com.br\/index.php\/wp-json\/wp\/v2\/types\/post"}],"author":[{"embeddable":true,"href":"http:\/\/sindiquimicabr.com.br\/index.php\/wp-json\/wp\/v2\/users\/2"}],"replies":[{"embeddable":true,"href":"http:\/\/sindiquimicabr.com.br\/index.php\/wp-json\/wp\/v2\/comments?post=3258"}],"version-history":[{"count":1,"href":"http:\/\/sindiquimicabr.com.br\/index.php\/wp-json\/wp\/v2\/posts\/3258\/revisions"}],"predecessor-version":[{"id":3261,"href":"http:\/\/sindiquimicabr.com.br\/index.php\/wp-json\/wp\/v2\/posts\/3258\/revisions\/3261"}],"wp:featuredmedia":[{"embeddable":true,"href":"http:\/\/sindiquimicabr.com.br\/index.php\/wp-json\/wp\/v2\/media\/3259"}],"wp:attachment":[{"href":"http:\/\/sindiquimicabr.com.br\/index.php\/wp-json\/wp\/v2\/media?parent=3258"}],"wp:term":[{"taxonomy":"category","embeddable":true,"href":"http:\/\/sindiquimicabr.com.br\/index.php\/wp-json\/wp\/v2\/categories?post=3258"},{"taxonomy":"post_tag","embeddable":true,"href":"http:\/\/sindiquimicabr.com.br\/index.php\/wp-json\/wp\/v2\/tags?post=3258"}],"curies":[{"name":"wp","href":"https:\/\/api.w.org\/{rel}","templated":true}]}}