{"id":3262,"date":"2018-08-02T15:21:56","date_gmt":"2018-08-02T15:21:56","guid":{"rendered":"http:\/\/sindiquimicabr.com.br\/?p=3262"},"modified":"2018-10-17T20:37:46","modified_gmt":"2018-10-17T20:37:46","slug":"bc-mantem-juros-basicos-em-65-ao-ano-pela-terceira-vez-seguida","status":"publish","type":"post","link":"http:\/\/sindiquimicabr.com.br\/index.php\/2018\/08\/02\/bc-mantem-juros-basicos-em-65-ao-ano-pela-terceira-vez-seguida\/","title":{"rendered":"BC mant\u00e9m juros b\u00e1sicos em 6,5% ao ano pela terceira vez seguida"},"content":{"rendered":"<p><a href=\"http:\/\/sindiquimicabr.com.br\/wp\/wp-content\/uploads\/2018\/08\/Banco-Central-mant\u00e9m-taxa-de-juros-em-65-ao-ano.jpg\"><img decoding=\"async\" loading=\"lazy\" class=\"alignnone size-full wp-image-3263\" src=\"http:\/\/sindiquimicabr.com.br\/wp\/wp-content\/uploads\/2018\/08\/Banco-Central-mant\u00e9m-taxa-de-juros-em-65-ao-ano.jpg\" alt=\"\" width=\"1920\" height=\"1080\" srcset=\"http:\/\/sindiquimicabr.com.br\/wp\/wp-content\/uploads\/2018\/08\/Banco-Central-mant\u00e9m-taxa-de-juros-em-65-ao-ano.jpg 1920w, http:\/\/sindiquimicabr.com.br\/wp\/wp-content\/uploads\/2018\/08\/Banco-Central-mant\u00e9m-taxa-de-juros-em-65-ao-ano-300x169.jpg 300w, http:\/\/sindiquimicabr.com.br\/wp\/wp-content\/uploads\/2018\/08\/Banco-Central-mant\u00e9m-taxa-de-juros-em-65-ao-ano-768x432.jpg 768w, http:\/\/sindiquimicabr.com.br\/wp\/wp-content\/uploads\/2018\/08\/Banco-Central-mant\u00e9m-taxa-de-juros-em-65-ao-ano-1024x576.jpg 1024w, http:\/\/sindiquimicabr.com.br\/wp\/wp-content\/uploads\/2018\/08\/Banco-Central-mant\u00e9m-taxa-de-juros-em-65-ao-ano-600x338.jpg 600w\" sizes=\"(max-width: 1920px) 100vw, 1920px\" \/><\/a><\/p>\n<p>Pela terceira vez seguida, o Banco Central (BC) n\u00e3o alterou os juros b\u00e1sicos da economia. Por unanimidade, o Comit\u00ea de Pol\u00edtica Monet\u00e1ria (Copom) manteve hoje (1\u00ba) a taxa Selic em 6,5% ao ano. A decis\u00e3o era <a href=\"http:\/\/agenciabrasil.ebc.com.br\/economia\/noticia\/2018-07\/mercado-financeiro-espera-por-manutencao-da-selic\" target=\"_blank\" rel=\"noopener\">esperada pelos analistas financeiros<\/a>.<\/p>\n<p>Em comunicado, o Copom informou que indicadores recentes mostram que a economia est\u00e1 se recuperando ap\u00f3s a greve dos caminhoneiros, mas em ritmo mais lento que o esperado antes da paralisa\u00e7\u00e3o. Em rela\u00e7\u00e3o \u00e0 economia internacional, o Copom ressaltou que, mesmo com certa acomoda\u00e7\u00e3o recente do mercado, os riscos de eleva\u00e7\u00e3o dos juros em pa\u00edses avan\u00e7ados e incertezas sobre o com\u00e9rcio global continuam.<\/p>\n<p>Com a decis\u00e3o de hoje, a Selic continua no menor n\u00edvel desde o in\u00edcio da s\u00e9rie hist\u00f3rica do Banco Central, em 1986. De outubro de 2012 a abril de 2013, a taxa foi mantida em 7,25% ao ano e passou a ser reajustada gradualmente at\u00e9 alcan\u00e7ar 14,25% ao ano em julho de 2015. Em outubro de 2016, o Copom voltou a reduzir os juros b\u00e1sicos da economia at\u00e9 que a taxa chegasse a 6,5% ao ano em mar\u00e7o de 2018.<\/p>\n<p>Em maio, o BC interrompeu uma sequ\u00eancia de quedas da Selic e manteve a taxa em 6,5% ao ano, numa decis\u00e3o que <a href=\"http:\/\/agenciabrasil.ebc.com.br\/economia\/noticia\/2018-05\/banco-central-mantem-taxa-basica-de-juros-em-65-ao-ano\" target=\"_blank\" rel=\"noopener\">surpreendeu o mercado financeiro<\/a>. Na ocasi\u00e3o, o BC alegou que a instabilidade internacional, que se manifestou na valoriza\u00e7\u00e3o do d\u00f3lar nos \u00faltimos meses, influenciou a decis\u00e3o.<\/p>\n<p>A Selic \u00e9 o principal instrumento do Banco Central para manter sob controle a infla\u00e7\u00e3o oficial, medida pelo \u00cdndice Nacional de Pre\u00e7os ao Consumidor Amplo (IPCA). Segundo o Instituto Brasileiro de Geografia e Estat\u00edstica (IBGE), o IPCA acumula <a href=\"http:\/\/agenciabrasil.ebc.com.br\/economia\/noticia\/2018-07\/alimentos-levam-inflacao-oficial-maior-alta-para-junho-desde-1995\" target=\"_blank\" rel=\"noopener\">4,39% nos 12 meses terminados em junho<\/a>, abaixo do centro\u00a0da meta de infla\u00e7\u00e3o, que \u00e9 de 4,5%. O \u00edndice, no entanto, foi o maior para meses de junho desde 1995 por causa da greve dos caminhoneiros, que provocou escassez de produtos e alta de pre\u00e7os. O IPCA de julho s\u00f3 ser\u00e1 divulgado nos pr\u00f3ximos dias.<\/p>\n<p>Segundo a nota do Copom, os dados recentes indicam que o impacto da infla\u00e7\u00e3o de junho foi tempor\u00e1rio e que o efeito da paralisa\u00e7\u00e3o dos caminhoneiros sobre os pre\u00e7os deve se diluir nos pr\u00f3ximos meses. De acordo com o texto, ao retirar os fatores relacionados \u00e0 greve, a infla\u00e7\u00e3o continua baixa. \u201cAs medidas de infla\u00e7\u00e3o subjacente ainda seguem em n\u00edveis baixos, inclusive os componentes mais sens\u00edveis ao ciclo econ\u00f4mico e \u00e0 pol\u00edtica monet\u00e1ria\u201d, destacou o comunicado.<\/p>\n<p>At\u00e9 2016, o Conselho Monet\u00e1rio Nacional (CMN) estabelecia meta de infla\u00e7\u00e3o de 4,5%, com margem de toler\u00e2ncia de 2 pontos, podendo chegar a 6,5%. Para 2017 e 2018, o CMN reduziu a margem de toler\u00e2ncia para 1,5 ponto percentual. A infla\u00e7\u00e3o, portanto, n\u00e3o poder\u00e1 superar 6% neste ano nem ficar abaixo de 3%.<\/p>\n<h4>Infla\u00e7\u00e3o<\/h4>\n<p>No <em>Relat\u00f3rio de Infla\u00e7\u00e3o<\/em>, divulgado no fim de junho\u00a0pelo Banco Central, a autoridade monet\u00e1ria estima que o <a href=\"http:\/\/agenciabrasil.ebc.com.br\/economia\/noticia\/2018-06\/estimativa-de-inflacao-para-este-ano-sobe-para-42\" target=\"_blank\" rel=\"noopener\">IPCA encerrar\u00e1 2018 em 4,2%<\/a>. De acordo com o boletim <em>Focus<\/em>, pesquisa semanal com institui\u00e7\u00f5es financeiras divulgada pelo BC, a infla\u00e7\u00e3o oficial <a href=\"http:\/\/agenciabrasil.ebc.com.br\/economia\/noticia\/2018-07\/mercado-financeiro-espera-por-manutencao-da-selic\" target=\"_blank\" rel=\"noopener\">dever\u00e1 fechar o ano num n\u00edvel parecido: 4,11%<\/a>.<\/p>\n<p>Do fim de 2016 ao final de 2017, a infla\u00e7\u00e3o come\u00e7ou a diminuir por causa da recess\u00e3o econ\u00f4mica, da queda do d\u00f3lar e da supersafra de alimentos. Os \u00edndices haviam voltado a cair no in\u00edcio deste ano, afetados pela demora na recupera\u00e7\u00e3o da economia, mas voltaram a subir depois da greve dos caminhoneiros, que durou 11\u00a0dias e provocou desabastecimento\u00a0de alguns produtos no mercado.<\/p>\n<h4>Cr\u00e9dito mais barato<\/h4>\n<p>A redu\u00e7\u00e3o da taxa Selic estimula a economia porque juros menores barateiam o cr\u00e9dito e incentivam a produ\u00e7\u00e3o e o consumo em um cen\u00e1rio de baixa atividade econ\u00f4mica. No \u00faltimo <em>Relat\u00f3rio de Infla\u00e7\u00e3o<\/em>, divulgado em junho, o BC projetava expans\u00e3o da economia <a href=\"http:\/\/agenciabrasil.ebc.com.br\/economia\/noticia\/2018-06\/bc-reduz-previsao-de-crescimento-da-economia-este-ano-para-16\" target=\"_blank\" rel=\"noopener\">em 1,6% para este ano<\/a>, estimativa revista para baixo depois da greve dos caminhoneiros. Segundo o boletim <em>Focus<\/em>, os analistas econ\u00f4micos projetam crescimento de 1,76% do Produto Interno Bruto (PIB, soma dos bens e servi\u00e7os produzidos pelo pa\u00eds) em 2018.<\/p>\n<p>A taxa b\u00e1sica de juros \u00e9 usada nas negocia\u00e7\u00f5es de t\u00edtulos p\u00fablicos no Sistema Especial de Liquida\u00e7\u00e3o e Cust\u00f3dia (Selic) e serve de refer\u00eancia para as demais taxas de juros da economia. Ao reajust\u00e1-la para cima, o Banco Central segura o excesso de demanda que pressiona os pre\u00e7os, porque juros mais altos encarecem o cr\u00e9dito e estimulam a poupan\u00e7a. Ao reduzir os juros b\u00e1sicos, o Copom barateia o cr\u00e9dito e incentiva a produ\u00e7\u00e3o e o consumo, mas enfraquece o controle da infla\u00e7\u00e3o. Para cortar a Selic, a autoridade monet\u00e1ria precisa estar segura de que os pre\u00e7os est\u00e3o sob controle e n\u00e3o correm risco de subir.<\/p>\n<p>&nbsp;<\/p>\n<p>Fonte: <a href=\"http:\/\/agenciabrasil.ebc.com.br\/economia\/noticia\/2018-08\/bc-mantem-juros-basicos-da-economia-em-65-ao-ano\" target=\"_blank\" rel=\"noopener\">Ag\u00eancia Brasil<\/a><\/p>\n<p>&nbsp;<\/p>\n","protected":false},"excerpt":{"rendered":"<p>Pela terceira vez seguida, o Banco Central (BC) n\u00e3o alterou os juros b\u00e1sicos da economia. Por unanimidade, o Comit\u00ea de Pol\u00edtica Monet\u00e1ria (Copom) manteve hoje (1\u00ba) a taxa Selic em 6,5% ao ano. A decis\u00e3o era esperada pelos analistas financeiros. Em comunicado, o Copom informou que indicadores recentes mostram que a economia est\u00e1 se recuperando<a class=\"moretag\" href=\"http:\/\/sindiquimicabr.com.br\/index.php\/2018\/08\/02\/bc-mantem-juros-basicos-em-65-ao-ano-pela-terceira-vez-seguida\/\"> [&#8230;]<\/a><\/p>\n","protected":false},"author":2,"featured_media":3263,"comment_status":"closed","ping_status":"closed","sticky":false,"template":"","format":"standard","meta":[],"categories":[10],"tags":[],"_links":{"self":[{"href":"http:\/\/sindiquimicabr.com.br\/index.php\/wp-json\/wp\/v2\/posts\/3262"}],"collection":[{"href":"http:\/\/sindiquimicabr.com.br\/index.php\/wp-json\/wp\/v2\/posts"}],"about":[{"href":"http:\/\/sindiquimicabr.com.br\/index.php\/wp-json\/wp\/v2\/types\/post"}],"author":[{"embeddable":true,"href":"http:\/\/sindiquimicabr.com.br\/index.php\/wp-json\/wp\/v2\/users\/2"}],"replies":[{"embeddable":true,"href":"http:\/\/sindiquimicabr.com.br\/index.php\/wp-json\/wp\/v2\/comments?post=3262"}],"version-history":[{"count":1,"href":"http:\/\/sindiquimicabr.com.br\/index.php\/wp-json\/wp\/v2\/posts\/3262\/revisions"}],"predecessor-version":[{"id":3265,"href":"http:\/\/sindiquimicabr.com.br\/index.php\/wp-json\/wp\/v2\/posts\/3262\/revisions\/3265"}],"wp:featuredmedia":[{"embeddable":true,"href":"http:\/\/sindiquimicabr.com.br\/index.php\/wp-json\/wp\/v2\/media\/3263"}],"wp:attachment":[{"href":"http:\/\/sindiquimicabr.com.br\/index.php\/wp-json\/wp\/v2\/media?parent=3262"}],"wp:term":[{"taxonomy":"category","embeddable":true,"href":"http:\/\/sindiquimicabr.com.br\/index.php\/wp-json\/wp\/v2\/categories?post=3262"},{"taxonomy":"post_tag","embeddable":true,"href":"http:\/\/sindiquimicabr.com.br\/index.php\/wp-json\/wp\/v2\/tags?post=3262"}],"curies":[{"name":"wp","href":"https:\/\/api.w.org\/{rel}","templated":true}]}}