{"id":3271,"date":"2018-09-06T12:24:05","date_gmt":"2018-09-06T12:24:05","guid":{"rendered":"http:\/\/sindiquimicabr.com.br\/?p=3271"},"modified":"2018-10-30T18:06:14","modified_gmt":"2018-10-30T18:06:14","slug":"fachin-nega-pedido-da-defesa-de-lula-para-suspender-inelegibilidade","status":"publish","type":"post","link":"http:\/\/sindiquimicabr.com.br\/index.php\/2018\/09\/06\/fachin-nega-pedido-da-defesa-de-lula-para-suspender-inelegibilidade\/","title":{"rendered":"Fachin nega pedido da defesa de Lula para suspender inelegibilidade"},"content":{"rendered":"<h4 class=\"content-head__subtitle\">Argumento dos advogados era de que comit\u00ea da ONU pediu ao Brasil para garantir direitos pol\u00edticos do ex-presidente. Para o ministro, alega\u00e7\u00e3o n\u00e3o possui elementos suficientes.<\/h4>\n<p><a href=\"http:\/\/sindiquimicabr.com.br\/wp\/wp-content\/uploads\/2018\/09\/Fachin-nega-pedido-da-defesa-de-Lula-para-suspender-inelegibilidade.jpg\"><img decoding=\"async\" loading=\"lazy\" class=\"alignnone size-full wp-image-3272\" src=\"http:\/\/sindiquimicabr.com.br\/wp\/wp-content\/uploads\/2018\/09\/Fachin-nega-pedido-da-defesa-de-Lula-para-suspender-inelegibilidade.jpg\" alt=\"\" width=\"600\" height=\"397\" srcset=\"http:\/\/sindiquimicabr.com.br\/wp\/wp-content\/uploads\/2018\/09\/Fachin-nega-pedido-da-defesa-de-Lula-para-suspender-inelegibilidade.jpg 600w, http:\/\/sindiquimicabr.com.br\/wp\/wp-content\/uploads\/2018\/09\/Fachin-nega-pedido-da-defesa-de-Lula-para-suspender-inelegibilidade-300x199.jpg 300w\" sizes=\"(max-width: 600px) 100vw, 600px\" \/><\/a><\/p>\n<div class=\"mc-column content-text active-extra-styles active-capital-letter\" data-block-type=\"unstyled\" data-block-weight=\"32\" data-block-id=\"2\">\n<p class=\"content-text__container theme-color-primary-first-letter\" data-track-category=\"Link no Texto\" data-track-links=\"\">O ministro Luiz Edson Fachin, relator da Lava Jato no Supremo Tribunal Federal (STF), negou o pedido da defesa do ex-presidente Luiz In\u00e1cio Lula da Silva para\u00a0<a href=\"https:\/\/g1.globo.com\/politica\/eleicoes\/2018\/noticia\/2018\/09\/04\/defesa-pede-ao-stf-para-suspender-decisao-que-tornou-lula-inelegivel.ghtml\">suspender a inelegibilidade<\/a>\u00a0do petista.<\/p>\n<\/div>\n<div class=\"wall\">\n<div class=\"mc-column content-text active-extra-styles \" data-block-type=\"unstyled\" data-block-weight=\"33\" data-block-id=\"3\">\n<p class=\"content-text__container \" data-track-category=\"Link no Texto\" data-track-links=\"\">No pedido analisado por Fachin, a defesa pretendia que a condena\u00e7\u00e3o determinada pelo Tribunal Regional Federal da 4\u00aa Regi\u00e3o (TRF-4) no \u00e2mbito da Lava Jato, no\u00a0<a href=\"https:\/\/g1.globo.com\/politica\/noticia\/entenda-a-condenacao-de-lula-no-caso-do-triplex.ghtml\">caso do triplex do Guaruj\u00e1<\/a>, fosse suspensa.<\/p>\n<\/div>\n<div class=\"mc-column content-text active-extra-styles \" data-block-type=\"unstyled\" data-block-weight=\"31\" data-block-id=\"4\">\n<p class=\"content-text__container \" data-track-category=\"Link no Texto\" data-track-links=\"\">Os advogados apresentaram como argumento a decis\u00e3o liminar (provis\u00f3ria) do Comit\u00ea de Direitos Humanos da Organiza\u00e7\u00e3o das Na\u00e7\u00f5es Unidas (ONU), que pediu ao Brasil para garantir os direitos pol\u00edticos de Lula.<\/p>\n<\/div>\n<div class=\"mc-column content-text active-extra-styles \" data-block-type=\"unstyled\" data-block-weight=\"29\" data-block-id=\"5\">\n<p class=\"content-text__container \" data-track-category=\"Link no Texto\" data-track-links=\"\">Para o ministro, o pronunciamento do comit\u00ea da ONU n\u00e3o suspende a condena\u00e7\u00e3o de Lula. Fachin concluiu que a decis\u00e3o do comit\u00ea tem apenas efeito eleitoral, e n\u00e3o criminal.<\/p>\n<\/div>\n<div class=\"mc-column content-text active-extra-styles \" data-block-type=\"unstyled\" data-block-weight=\"35\" data-block-id=\"6\">\n<p class=\"content-text__container \" data-track-category=\"Link no Texto\" data-track-links=\"\">&#8220;O pronunciamento do Comit\u00ea dos Direitos Humanos da Organiza\u00e7\u00e3o das Na\u00e7\u00f5es Unidas n\u00e3o alcan\u00e7ou o sobrestamento do ac\u00f3rd\u00e3o recorrido, reservando-se \u00e0 sede pr\u00f3pria a tem\u00e1tica diretamente afeta \u00e0 candidatura eleitoral&#8221;, diz a decis\u00e3o do ministro.<\/p>\n<\/div>\n<div class=\"mc-column content-text active-extra-styles \" data-block-type=\"unstyled\" data-block-weight=\"40\" data-block-id=\"7\">\n<p class=\"content-text__container \" data-track-category=\"Link no Texto\" data-track-links=\"\">Fachin entendeu, ainda, que o argumento da defesa n\u00e3o possui elementos suficientes para garantir a concess\u00e3o do pedido. Fachin determinou o arquivamento do caso, mas a defesa de Lula ainda pode recorrer para que a quest\u00e3o seja julgada em plen\u00e1rio.<\/p>\n<\/div>\n<div class=\"mc-column content-text active-extra-styles \" data-block-type=\"unstyled\" data-block-weight=\"51\" data-block-id=\"8\">\n<p class=\"content-text__container \" data-track-category=\"Link no Texto\" data-track-links=\"\">&#8220;As alega\u00e7\u00f5es veiculadas pela defesa n\u00e3o traduzem plausibilidade de conhecimento e provimento do recurso extraordin\u00e1rio, requisito normativo indispens\u00e1vel \u00e0 excepcional concess\u00e3o da tutela cautelar pretendida. Registro que esta decis\u00e3o limita-se \u00e0 esfera cautelar, de modo que n\u00e3o traduz exame exauriente e definitivo da pretens\u00e3o recursal explicitada em sede extraordin\u00e1ria&#8221;, afirmou Fachin.<\/p>\n<\/div>\n<div class=\"mc-column content-text active-extra-styles \" data-block-type=\"unstyled\" data-block-weight=\"26\" data-block-id=\"9\">\n<p class=\"content-text__container \" data-track-category=\"Link no Texto\" data-track-links=\"\">O ministro destacou que suspender os efeitos da condena\u00e7\u00e3o indicaria a admissibilidade do recurso contra a decis\u00e3o do TRF-4, que ainda nem foi enviado ao STF.<\/p>\n<\/div>\n<div class=\"mc-column content-text active-extra-styles \" data-block-type=\"unstyled\" data-block-weight=\"60\" data-block-id=\"10\">\n<p class=\"content-text__container \" data-track-category=\"Link no Texto\" data-track-links=\"\">&#8220;N\u00e3o se trata de medida processual manejada a fim de impugnar o ac\u00f3rd\u00e3o, proferido pelo Tribunal Superior Eleitoral, que culminou no indeferimento do registro da candidatura do ora requerente. O que se tem em apre\u00e7o, em verdade, \u00e9 o debate acerca da manuten\u00e7\u00e3o ou sobrestamento dos efeitos do ac\u00f3rd\u00e3o proferido, na seara processual penal, pelo respectivo Tribunal Regional&#8221;, observou Fachin.<\/p>\n<div class=\"wall\">\n<div class=\"mc-column content-text active-extra-styles\" data-block-type=\"raw\" data-block-weight=\"1\" data-block-id=\"12\">\n<div class=\"content-intertitle\">\n<h4>Inelegibilidade<\/h4>\n<\/div>\n<\/div>\n<div class=\"mc-column content-text active-extra-styles \" data-block-type=\"unstyled\" data-block-weight=\"27\" data-block-id=\"13\">\n<p class=\"content-text__container \" data-track-category=\"Link no Texto\" data-track-links=\"\">Lula foi\u00a0<a href=\"https:\/\/g1.globo.com\/pr\/parana\/noticia\/lula-chega-a-curitiba-para-cumprir-pena-por-corrupcao-passiva-e-lavagem-de-dinheiro.ghtml\">preso no come\u00e7o de abril<\/a>\u00a0para come\u00e7ar a cumprir\u00a0<a href=\"https:\/\/g1.globo.com\/politica\/noticia\/julgamento-recurso-de-lula-no-trf-4-decisao-desembargadores-da-8-turma.ghtml\">pena de 12 anos e um m\u00eas<\/a>\u00a0pelos crimes de corrup\u00e7\u00e3o passiva e lavagem de dinheiro.<\/p>\n<\/div>\n<div class=\"mc-column content-text active-extra-styles \" data-block-type=\"unstyled\" data-block-weight=\"22\" data-block-id=\"14\">\n<p class=\"content-text__container \" data-track-category=\"Link no Texto\" data-track-links=\"\">Na semana passada, por seis votos a um, o\u00a0<a href=\"https:\/\/g1.globo.com\/politica\/eleicoes\/2018\/noticia\/2018\/08\/31\/maioria-dos-ministros-do-tse-vota-pela-rejeicao-da-candidatura-de-lula.ghtml\">TSE rejeitou a candidatura de Lula<\/a>\u00a0com base na Lei da Ficha Limpa.<\/p>\n<\/div>\n<div class=\"mc-column content-text active-extra-styles \" data-block-type=\"unstyled\" data-block-weight=\"28\" data-block-id=\"15\">\n<p class=\"content-text__container \" data-track-category=\"Link no Texto\" data-track-links=\"\">Neste julgamento, Fachin foi o\u00a0<a href=\"https:\/\/g1.globo.com\/politica\/eleicoes\/2018\/noticia\/2018\/08\/31\/fachin-diverge-de-relator-no-tse-e-libera-candidatura-de-lula.ghtml\">\u00fanico voto a favor da candidatura<\/a>\u00a0do ex-presidente. Para Fachin, a decis\u00e3o da ONU \u00e9 vinculante e permitiria a Lula concorrer mesmo preso.<\/p>\n<\/div>\n<div class=\"mc-column content-text active-extra-styles \" data-block-type=\"unstyled\" data-block-weight=\"16\" data-block-id=\"16\">\n<p class=\"content-text__container \" data-track-category=\"Link no Texto\" data-track-links=\"\">O partido tem at\u00e9 o dia 11 deste m\u00eas para substituir o candidato na corrida presidencial.<\/p>\n<\/div>\n<div class=\"mc-column content-text active-extra-styles\" data-block-type=\"raw\" data-block-weight=\"2\" data-block-id=\"17\">\n<div class=\"content-intertitle\">\n<h4>Outros recursos<\/h4>\n<\/div>\n<\/div>\n<div class=\"mc-column content-text active-extra-styles \" data-block-type=\"unstyled\" data-block-weight=\"40\" data-block-id=\"18\">\n<p class=\"content-text__container \" data-track-category=\"Link no Texto\" data-track-links=\"\">O pedido negado por Fachin n\u00e3o foi o \u00fanico recurso apresentado pela defesa do ex-presidente. Na quarta-feira (6), a defesa de Lula apresentou um pedido para que o STF suspenda a decis\u00e3o que barrou a candidatura do ex-presidente \u00e0 Presid\u00eancia.<\/p>\n<\/div>\n<div class=\"mc-column content-text active-extra-styles \" data-block-type=\"unstyled\" data-block-weight=\"24\" data-block-id=\"19\">\n<p class=\"content-text__container \" data-track-category=\"Link no Texto\" data-track-links=\"\">Este\u00a0<a href=\"https:\/\/g1.globo.com\/politica\/eleicoes\/2018\/noticia\/2018\/09\/05\/defesa-faz-novo-pedido-ao-stf-para-suspender-decisao-que-barrou-candidatura-de-lula-a-presidencia.ghtml\">novo pedido ser\u00e1 analisado<\/a>\u00a0pelo ministro Celso de Mello. Foi o terceiro pedido apresentado pelos advogados de Lula em menos de 24 horas.<\/p>\n<\/div>\n<\/div>\n<div data-track-category=\"fim do conteudo\" data-track-action=\"ultimo chunk conteudo\" data-track-noninteraction=\"false\" data-track-scroll=\"entrada completa viewport\">\n<div class=\"mc-column content-text active-extra-styles \" data-block-type=\"unstyled\" data-block-weight=\"31\" data-block-id=\"20\">\n<p class=\"content-text__container \" data-track-category=\"Link no Texto\" data-track-links=\"\">Na noite da ter\u00e7a-feira (4), um\u00a0<a href=\"https:\/\/g1.globo.com\/politica\/eleicoes\/2018\/noticia\/2018\/09\/05\/advogados-de-lula-recorrem-de-decisao-do-tse-que-rejeitou-candidatura.ghtml\">recurso foi apresentado no Tribunal Superior Eleitoral<\/a>\u00a0(TSE). Neste caso, a defesa de Lula recorreu da decis\u00e3o do TSE que rejeitou a candidutura do petista.<\/p>\n<p data-track-category=\"Link no Texto\" data-track-links=\"\">Fonte: <a href=\"https:\/\/g1.globo.com\/politica\/eleicoes\/2018\/noticia\/2018\/09\/06\/fachin-nega-pedido-da-defesa-de-lula-para-suspender-inelegibilidade.ghtml\" target=\"_blank\" rel=\"noopener\">G1<\/a><\/p>\n<\/div>\n<\/div>\n<\/div>\n<\/div>\n","protected":false},"excerpt":{"rendered":"<p>Argumento dos advogados era de que comit\u00ea da ONU pediu ao Brasil para garantir direitos pol\u00edticos do ex-presidente. Para o ministro, alega\u00e7\u00e3o n\u00e3o possui elementos suficientes. O ministro Luiz Edson Fachin, relator da Lava Jato no Supremo Tribunal Federal (STF), negou o pedido da defesa do ex-presidente Luiz In\u00e1cio Lula da Silva para\u00a0suspender a inelegibilidade\u00a0do<a class=\"moretag\" href=\"http:\/\/sindiquimicabr.com.br\/index.php\/2018\/09\/06\/fachin-nega-pedido-da-defesa-de-lula-para-suspender-inelegibilidade\/\"> [&#8230;]<\/a><\/p>\n","protected":false},"author":2,"featured_media":3272,"comment_status":"closed","ping_status":"closed","sticky":false,"template":"","format":"standard","meta":[],"categories":[10],"tags":[],"_links":{"self":[{"href":"http:\/\/sindiquimicabr.com.br\/index.php\/wp-json\/wp\/v2\/posts\/3271"}],"collection":[{"href":"http:\/\/sindiquimicabr.com.br\/index.php\/wp-json\/wp\/v2\/posts"}],"about":[{"href":"http:\/\/sindiquimicabr.com.br\/index.php\/wp-json\/wp\/v2\/types\/post"}],"author":[{"embeddable":true,"href":"http:\/\/sindiquimicabr.com.br\/index.php\/wp-json\/wp\/v2\/users\/2"}],"replies":[{"embeddable":true,"href":"http:\/\/sindiquimicabr.com.br\/index.php\/wp-json\/wp\/v2\/comments?post=3271"}],"version-history":[{"count":1,"href":"http:\/\/sindiquimicabr.com.br\/index.php\/wp-json\/wp\/v2\/posts\/3271\/revisions"}],"predecessor-version":[{"id":3275,"href":"http:\/\/sindiquimicabr.com.br\/index.php\/wp-json\/wp\/v2\/posts\/3271\/revisions\/3275"}],"wp:featuredmedia":[{"embeddable":true,"href":"http:\/\/sindiquimicabr.com.br\/index.php\/wp-json\/wp\/v2\/media\/3272"}],"wp:attachment":[{"href":"http:\/\/sindiquimicabr.com.br\/index.php\/wp-json\/wp\/v2\/media?parent=3271"}],"wp:term":[{"taxonomy":"category","embeddable":true,"href":"http:\/\/sindiquimicabr.com.br\/index.php\/wp-json\/wp\/v2\/categories?post=3271"},{"taxonomy":"post_tag","embeddable":true,"href":"http:\/\/sindiquimicabr.com.br\/index.php\/wp-json\/wp\/v2\/tags?post=3271"}],"curies":[{"name":"wp","href":"https:\/\/api.w.org\/{rel}","templated":true}]}}