{"id":3277,"date":"2018-09-12T17:44:59","date_gmt":"2018-09-12T17:44:59","guid":{"rendered":"http:\/\/sindiquimicabr.com.br\/?p=3277"},"modified":"2018-11-08T11:18:29","modified_gmt":"2018-11-08T11:18:29","slug":"novas-liderancas-da-bayer-no-brasil","status":"publish","type":"post","link":"http:\/\/sindiquimicabr.com.br\/index.php\/2018\/09\/12\/novas-liderancas-da-bayer-no-brasil\/","title":{"rendered":"Novas lideran\u00e7as da Bayer no Brasil"},"content":{"rendered":"<p><a href=\"http:\/\/sindiquimicabr.com.br\/wp\/wp-content\/uploads\/2018\/06\/Bayer-confirma-Marc-Reichardt-como-novo-presidente-da-empresa-no-Brasil.jpg\"><img decoding=\"async\" loading=\"lazy\" class=\"alignnone size-full wp-image-3202\" src=\"http:\/\/sindiquimicabr.com.br\/wp\/wp-content\/uploads\/2018\/06\/Bayer-confirma-Marc-Reichardt-como-novo-presidente-da-empresa-no-Brasil.jpg\" alt=\"\" width=\"620\" height=\"430\" srcset=\"http:\/\/sindiquimicabr.com.br\/wp\/wp-content\/uploads\/2018\/06\/Bayer-confirma-Marc-Reichardt-como-novo-presidente-da-empresa-no-Brasil.jpg 620w, http:\/\/sindiquimicabr.com.br\/wp\/wp-content\/uploads\/2018\/06\/Bayer-confirma-Marc-Reichardt-como-novo-presidente-da-empresa-no-Brasil-300x208.jpg 300w, http:\/\/sindiquimicabr.com.br\/wp\/wp-content\/uploads\/2018\/06\/Bayer-confirma-Marc-Reichardt-como-novo-presidente-da-empresa-no-Brasil-600x416.jpg 600w\" sizes=\"(max-width: 620px) 100vw, 620px\" \/><\/a><\/p>\n<div class=\"materia\">\n<p>Ap\u00f3s a conclus\u00e3o da aquisi\u00e7\u00e3o global da Monsanto, tornando a Bayer a maior empresa do agroneg\u00f3cio mundial, a companhia comunica que, a partir de setembro de 2018, o espanhol naturalizado brasileiro Marc Reichardt \u00e9 o novo presidente da Bayer no Brasil, e o paulista Gerhard Bohne o novo presidente da divis\u00e3o agr\u00edcola no pa\u00eds.<\/p>\n<p>Ambos possuem consolidada e experiente trajet\u00f3ria no Grupo Bayer na \u00e1rea da agricultura e nutri\u00e7\u00e3o.<\/p>\n<p>Anteriormente, Reichardt era membro do Conselho Executivo da divis\u00e3o Crop Science da Bayer, na Alemanha, respons\u00e1vel mundial pelas Opera\u00e7\u00f5es Comerciais Agr\u00edcolas. No Brasil, atuou como diretor de Opera\u00e7\u00f5es da divis\u00e3o agro entre 2006 e 2013. Na Bayer h\u00e1 33 anos, Marc \u00e9 formado em Engenharia Agron\u00f4mica pela Escuela T\u00e9cnica Superior de Ingenieria Agraria, na Espanha. &#8220;\u00c9 uma grande honra assumir a presid\u00eancia do Grupo Bayer no Brasil nesse momento t\u00e3o especial e relevante para a companhia. Com a aquisi\u00e7\u00e3o da Monsanto, o Brasil tornou-se o segundo maior mercado e pa\u00eds para a empresa no mundo. Temos desafios interessantes pela frente, mas com nossa equipe de profissionais talentosos e dedicados, estou muito confiante e otimista que construiremos um futuro brilhante para a empresa, para nossos clientes e para o nosso pa\u00eds&#8221;, explica o novo presidente da Bayer no Brasil, relembrando que a Bayer foi uma das primeiras empresas alem\u00e3s a se instalar no pa\u00eds. &#8220;A Bayer est\u00e1 h\u00e1 mais de 120 anos no Brasil e acredita fortemente no potencial do pa\u00eds, oferecendo um portf\u00f3lio robusto, inovador e completo em prote\u00e7\u00e3o de cultivos, sementes e biotecnologia&#8221;, completa Marc.<\/p>\n<p>J\u00e1 Bohne, com mais de 30 anos de atua\u00e7\u00e3o no grupo, ocupou diversas posi\u00e7\u00f5es nas \u00e1reas de Regulat\u00f3rio, Pesquisa, Desenvolvimento, Marketing e Opera\u00e7\u00f5es. Em 2015, tornou-se diretor Global de Marketing, dentro da estrutura de Opera\u00e7\u00f5es Comerciais, na Alemanha. Retornou ao Brasil no in\u00edcio de 2017 como Chief Operation Officer (COO) da divis\u00e3o Crop Science. O executivo \u00e9 formado em Engenharia Agron\u00f4mica pela Universidade Estadual de Botucatu (UNESP). &#8220;Em 2017, o investimento global da Bayer em Pesquisa e Desenvolvimento foi de \u20ac 4,5 bilh\u00f5es. Eu acredito que os pr\u00f3ximos anos ser\u00e3o um per\u00edodo muito promissor para a agricultura brasileira com novas tecnologias e lan\u00e7amentos de solu\u00e7\u00f5es para o campo. Nosso foco permanecer\u00e1 sendo nos clientes, na \u00e9tica, na inova\u00e7\u00e3o e na sustentabilidade.&#8221;, enfatiza Gerhard Bohne, presidente da divis\u00e3o Crop Science da Bayer no Brasil.<\/p>\n<p>Fonte: <a href=\"https:\/\/www.noticiasagricolas.com.br\/noticias\/agronegocio\/221084-novas-liderancas-da-bayer-no-brasil.html#.W5lPgBG1uM8\" target=\"_blank\" rel=\"noopener\">Not\u00edcias Agr\u00edcolas<\/a><\/p>\n<\/div>\n","protected":false},"excerpt":{"rendered":"<p>Ap\u00f3s a conclus\u00e3o da aquisi\u00e7\u00e3o global da Monsanto, tornando a Bayer a maior empresa do agroneg\u00f3cio mundial, a companhia comunica que, a partir de setembro de 2018, o espanhol naturalizado brasileiro Marc Reichardt \u00e9 o novo presidente da Bayer no Brasil, e o paulista Gerhard Bohne o novo presidente da divis\u00e3o agr\u00edcola no pa\u00eds. Ambos<a class=\"moretag\" href=\"http:\/\/sindiquimicabr.com.br\/index.php\/2018\/09\/12\/novas-liderancas-da-bayer-no-brasil\/\"> [&#8230;]<\/a><\/p>\n","protected":false},"author":2,"featured_media":3203,"comment_status":"closed","ping_status":"closed","sticky":false,"template":"","format":"standard","meta":[],"categories":[10],"tags":[],"_links":{"self":[{"href":"http:\/\/sindiquimicabr.com.br\/index.php\/wp-json\/wp\/v2\/posts\/3277"}],"collection":[{"href":"http:\/\/sindiquimicabr.com.br\/index.php\/wp-json\/wp\/v2\/posts"}],"about":[{"href":"http:\/\/sindiquimicabr.com.br\/index.php\/wp-json\/wp\/v2\/types\/post"}],"author":[{"embeddable":true,"href":"http:\/\/sindiquimicabr.com.br\/index.php\/wp-json\/wp\/v2\/users\/2"}],"replies":[{"embeddable":true,"href":"http:\/\/sindiquimicabr.com.br\/index.php\/wp-json\/wp\/v2\/comments?post=3277"}],"version-history":[{"count":1,"href":"http:\/\/sindiquimicabr.com.br\/index.php\/wp-json\/wp\/v2\/posts\/3277\/revisions"}],"predecessor-version":[{"id":3278,"href":"http:\/\/sindiquimicabr.com.br\/index.php\/wp-json\/wp\/v2\/posts\/3277\/revisions\/3278"}],"wp:featuredmedia":[{"embeddable":true,"href":"http:\/\/sindiquimicabr.com.br\/index.php\/wp-json\/wp\/v2\/media\/3203"}],"wp:attachment":[{"href":"http:\/\/sindiquimicabr.com.br\/index.php\/wp-json\/wp\/v2\/media?parent=3277"}],"wp:term":[{"taxonomy":"category","embeddable":true,"href":"http:\/\/sindiquimicabr.com.br\/index.php\/wp-json\/wp\/v2\/categories?post=3277"},{"taxonomy":"post_tag","embeddable":true,"href":"http:\/\/sindiquimicabr.com.br\/index.php\/wp-json\/wp\/v2\/tags?post=3277"}],"curies":[{"name":"wp","href":"https:\/\/api.w.org\/{rel}","templated":true}]}}