{"id":4319,"date":"2020-06-08T12:16:50","date_gmt":"2020-06-08T12:16:50","guid":{"rendered":"http:\/\/sindiquimicabr.com.br\/?p=4319"},"modified":"2020-06-08T12:31:28","modified_gmt":"2020-06-08T12:31:28","slug":"ipc-s-cai-036-na-primeira-quadrissemana-de-junho-revela-fgv","status":"publish","type":"post","link":"http:\/\/sindiquimicabr.com.br\/index.php\/2020\/06\/08\/ipc-s-cai-036-na-primeira-quadrissemana-de-junho-revela-fgv\/","title":{"rendered":"IPC-S cai 0,36% na primeira quadrissemana de junho, revela FGV"},"content":{"rendered":"<h4 class=\"txt-gray mb-0 h4\" style=\"text-align: left;\">Seis das oito classes de despesa que comp\u00f5em o indicador tiveram acr\u00e9scimo nas taxas<\/h4>\n<p><img decoding=\"async\" loading=\"lazy\" class=\"n3VNCb alignleft\" src=\"https:\/\/storage.finance.kz\/images\/2020\/03\/25\/6c73ea864702e862834ac4b5d6103980.jpg\" alt=\"\u0424\u043e\u043d\u0434\u043e\u0432\u044b\u0435 \u0438\u043d\u0434\u0435\u043a\u0441\u044b \u043f\u043e\u0434\u043d\u044f\u043b\u0438\u0441\u044c \u043d\u0430 \u0442\u043e\u0440\u0433\u0430\u0445 \u0432 \u0410\u0437\u0438\u0430\u0442\u0441\u043a\u043e-\u0422\u0438\u0445\u043e\u043e\u043a\u0435\u0430\u043d\u0441\u043a\u043e\u043c ...\" data-noaft=\"1\" width=\"2400\" height=\"1597\"><\/p>\n<p style=\"text-align: justify;\">O \u00cdndice de Pre\u00e7os ao Consumidor Semanal (IPC-S) reduziu a tend\u00eancia deflacion\u00e1ria e recuou 0,36% na primeira quadrissemana de junho, informou nesta segunda-feira (8) a Funda\u00e7\u00e3o Getulio Vargas (FGV). O indicador ficou 0,18 ponto porcentual acima da taxa registrada no fechamento de maio, quando houve defla\u00e7\u00e3o de 0,54%.<\/p>\n<p style=\"text-align: justify;\">Seis das oito classes de despesa que comp\u00f5em o indicador tiveram acr\u00e9scimo nas taxas. A maior contribui\u00e7\u00e3o partiu de Transportes, que saiu de queda de 2,06% para recuo de 1,42%, puxado pelo comportamento da gasolina (-7,08% para -5,06%).<\/p>\n<p style=\"text-align: justify;\">Tamb\u00e9m houve acr\u00e9scimo nas taxas de Alimenta\u00e7\u00e3o (0,37% para 0,50%), com hortali\u00e7as e legumes (4,97% para 5,75%); Educa\u00e7\u00e3o, Leitura e Recrea\u00e7\u00e3o (-2,12% para -1,95%), com cursos formais (-1,78% para -1,39%); Comunica\u00e7\u00e3o (0,01% para 0,14%), devido a combo de telefonia, internet e TV por assinatura (0,0% para 0,37%); Sa\u00fade e Cuidados Pessoais (0,21% para 0,24%), devido a medicamentos em geral (0,0% para 0,20%); e Vestu\u00e1rio (-0,23% para -0,22%), com acess\u00f3rios do vestu\u00e1rio (0,30% para 0,46%).<\/p>\n<p style=\"text-align: justify;\">Em contrapartida, houve desacelera\u00e7\u00e3o nas taxas de Despesas Diversas (0,10% para 0,06%) e Habita\u00e7\u00e3o (-0,19% para -0,20%), puxadas, respectivamente, por servi\u00e7os banc\u00e1rios (0,12% para 0,01%) e m\u00f3veis para resid\u00eancia (-0,46% para -0,51%).<\/p>\n<p>&nbsp;<\/p>\n<p>Fonte: <a href=\"https:\/\/www.correiobraziliense.com.br\/app\/noticia\/economia\/2020\/06\/08\/internas_economia,861985\/ipc-s-cai-0-36-na-primeira-quadrissemana-de-junho-revela-fgv.shtml\">Correio braziliense<\/a><\/p>\n","protected":false},"excerpt":{"rendered":"<p>Seis das oito classes de despesa que comp\u00f5em o indicador tiveram acr\u00e9scimo nas taxas O \u00cdndice de Pre\u00e7os ao Consumidor Semanal (IPC-S) reduziu a tend\u00eancia deflacion\u00e1ria e recuou 0,36% na primeira quadrissemana de junho, informou nesta segunda-feira (8) a Funda\u00e7\u00e3o Getulio Vargas (FGV). O indicador ficou 0,18 ponto porcentual acima da taxa registrada no fechamento<a class=\"moretag\" href=\"http:\/\/sindiquimicabr.com.br\/index.php\/2020\/06\/08\/ipc-s-cai-036-na-primeira-quadrissemana-de-junho-revela-fgv\/\"> [&#8230;]<\/a><\/p>\n","protected":false},"author":2,"featured_media":4324,"comment_status":"closed","ping_status":"closed","sticky":false,"template":"","format":"standard","meta":[],"categories":[9],"tags":[],"_links":{"self":[{"href":"http:\/\/sindiquimicabr.com.br\/index.php\/wp-json\/wp\/v2\/posts\/4319"}],"collection":[{"href":"http:\/\/sindiquimicabr.com.br\/index.php\/wp-json\/wp\/v2\/posts"}],"about":[{"href":"http:\/\/sindiquimicabr.com.br\/index.php\/wp-json\/wp\/v2\/types\/post"}],"author":[{"embeddable":true,"href":"http:\/\/sindiquimicabr.com.br\/index.php\/wp-json\/wp\/v2\/users\/2"}],"replies":[{"embeddable":true,"href":"http:\/\/sindiquimicabr.com.br\/index.php\/wp-json\/wp\/v2\/comments?post=4319"}],"version-history":[{"count":1,"href":"http:\/\/sindiquimicabr.com.br\/index.php\/wp-json\/wp\/v2\/posts\/4319\/revisions"}],"predecessor-version":[{"id":4326,"href":"http:\/\/sindiquimicabr.com.br\/index.php\/wp-json\/wp\/v2\/posts\/4319\/revisions\/4326"}],"wp:featuredmedia":[{"embeddable":true,"href":"http:\/\/sindiquimicabr.com.br\/index.php\/wp-json\/wp\/v2\/media\/4324"}],"wp:attachment":[{"href":"http:\/\/sindiquimicabr.com.br\/index.php\/wp-json\/wp\/v2\/media?parent=4319"}],"wp:term":[{"taxonomy":"category","embeddable":true,"href":"http:\/\/sindiquimicabr.com.br\/index.php\/wp-json\/wp\/v2\/categories?post=4319"},{"taxonomy":"post_tag","embeddable":true,"href":"http:\/\/sindiquimicabr.com.br\/index.php\/wp-json\/wp\/v2\/tags?post=4319"}],"curies":[{"name":"wp","href":"https:\/\/api.w.org\/{rel}","templated":true}]}}