{"id":4390,"date":"2020-06-10T12:17:23","date_gmt":"2020-06-10T12:17:23","guid":{"rendered":"http:\/\/sindiquimicabr.com.br\/?p=4390"},"modified":"2020-06-10T12:17:25","modified_gmt":"2020-06-10T12:17:25","slug":"a-tres-semanas-do-fim-do-prazo-144-milhoes-ainda-nao-declararam-imposto-de-renda","status":"publish","type":"post","link":"http:\/\/sindiquimicabr.com.br\/index.php\/2020\/06\/10\/a-tres-semanas-do-fim-do-prazo-144-milhoes-ainda-nao-declararam-imposto-de-renda\/","title":{"rendered":"A tr\u00eas semanas do fim do prazo, 14,4 milh\u00f5es ainda n\u00e3o declararam Imposto de Renda"},"content":{"rendered":"<div class=\"row content-head non-featured \">\n<div class=\"medium-centered subtitle\">\n<h4 class=\"content-head__subtitle\">\u00d3rg\u00e3o federal recebeu 17,6 milh\u00f5es de um total de 32 milh\u00f5es de declara\u00e7\u00f5es esperadas do Imposto de Renda da Pessoa F\u00edsica (IRPF) de 2020.<\/h4>\n<\/div>\n<\/div>\n<div class=\"content-publication-data__text\"><a href=\"http:\/\/sindiquimicabr.com.br\/wp\/wp-content\/uploads\/2020\/06\/A-tr\u00eas-semanas-do-fim-do-prazo-144-milh\u00f5es-ainda-n\u00e3o-declararam-Imposto-de-Renda.jpg\"><img decoding=\"async\" loading=\"lazy\" class=\"alignleft size-full wp-image-4391\" src=\"http:\/\/sindiquimicabr.com.br\/wp\/wp-content\/uploads\/2020\/06\/A-tr\u00eas-semanas-do-fim-do-prazo-144-milh\u00f5es-ainda-n\u00e3o-declararam-Imposto-de-Renda.jpg\" alt=\"\" width=\"1200\" height=\"675\" srcset=\"http:\/\/sindiquimicabr.com.br\/wp\/wp-content\/uploads\/2020\/06\/A-tr\u00eas-semanas-do-fim-do-prazo-144-milh\u00f5es-ainda-n\u00e3o-declararam-Imposto-de-Renda.jpg 1200w, http:\/\/sindiquimicabr.com.br\/wp\/wp-content\/uploads\/2020\/06\/A-tr\u00eas-semanas-do-fim-do-prazo-144-milh\u00f5es-ainda-n\u00e3o-declararam-Imposto-de-Renda-300x169.jpg 300w, http:\/\/sindiquimicabr.com.br\/wp\/wp-content\/uploads\/2020\/06\/A-tr\u00eas-semanas-do-fim-do-prazo-144-milh\u00f5es-ainda-n\u00e3o-declararam-Imposto-de-Renda-1024x576.jpg 1024w, http:\/\/sindiquimicabr.com.br\/wp\/wp-content\/uploads\/2020\/06\/A-tr\u00eas-semanas-do-fim-do-prazo-144-milh\u00f5es-ainda-n\u00e3o-declararam-Imposto-de-Renda-768x432.jpg 768w\" sizes=\"(max-width: 1200px) 100vw, 1200px\" \/><\/a><\/div>\n<div>\n<div class=\"mc-column content-text active-extra-styles active-capital-letter\" data-block-type=\"unstyled\" data-block-weight=\"55\" data-block-id=\"1\">\n<p class=\"content-text__container theme-color-primary-first-letter\" data-track-category=\"Link no Texto\" data-track-links=\"\">A tr\u00eas semanas do fim do prazo, 14,4 milh\u00f5es de contribuintes ainda n\u00e3o declararam o Imposto de Renda da Pessoa F\u00edsica (IRPF) de 2020. At\u00e9 as 11h dessa segunda-feira (1\u00ba), 17,6 mil declara\u00e7\u00f5es foram recebidas pelos sistemas da Receita Federal &#8211; equivalente a 55% de um total de 32 milh\u00f5es que o \u00f3rg\u00e3o espera receber.<\/p>\n<\/div>\n<div class=\"wall protected-content\">\n<div class=\"mc-column content-text active-extra-styles \" data-block-type=\"unstyled\" data-block-weight=\"48\" data-block-id=\"2\">\n<p class=\"content-text__container \" data-track-category=\"Link no Texto\" data-track-links=\"\">Em abril, a Receita estendeu prazo de entrega<a href=\"https:\/\/g1.globo.com\/economia\/imposto-de-renda\/noticia\/2020\/04\/02\/imposto-de-renda-calendario-de-restituicao-esta-mantido-informa-receita-federal.ghtml\">\u00a0do dia 30 de abril para 30 de junho<\/a>. A multa para o contribuinte que n\u00e3o fizer a declara\u00e7\u00e3o ou entreg\u00e1-la fora do prazo ser\u00e1 de, no m\u00ednimo, R$ 165,74. O valor m\u00e1ximo ser\u00e1 correspondente a 20% do imposto devido.<\/p>\n<\/div>\n<div class=\"mc-column content-text active-extra-styles \" data-block-type=\"unstyled\" data-block-weight=\"31\" data-block-id=\"3\">\n<p class=\"content-text__container \" data-track-category=\"Link no Texto\" data-track-links=\"\">O vencimento das cotas tamb\u00e9m foi prorrogado. A primeira ou \u00fanica cota vence no dia 30 de junho de 2020, enquanto as demais vencem no \u00faltimo dia \u00fatil dos meses subsequentes.<\/p>\n<div class=\"mc-column content-text active-extra-styles\" data-block-type=\"raw\" data-block-weight=\"5\" data-block-id=\"6\">\n<div class=\"content-intertitle\">\n<h4>Quem \u00e9 obrigado a declarar<\/h4>\n<\/div>\n<\/div>\n<div class=\"mc-column content-text active-extra-styles \" data-block-type=\"unstyled\" data-block-weight=\"28\" data-block-id=\"7\">\n<p class=\"content-text__container \" data-track-category=\"Link no Texto\" data-track-links=\"\">Deve declarar o IR neste ano quem recebeu rendimentos tribut\u00e1veis acima de R$ 28.559,70 em 2019. O valor \u00e9 o mesmo da declara\u00e7\u00e3o do IR do ano passado.<\/p>\n<\/div>\n<div class=\"mc-column content-text active-extra-styles \" data-block-type=\"unstyled\" data-block-weight=\"3\" data-block-id=\"8\">\n<p class=\"content-text__container \" data-track-category=\"Link no Texto\" data-track-links=\"\"><strong>Tamb\u00e9m devem declarar:<\/strong><\/p>\n<\/div>\n<div class=\"mc-column content-text active-extra-styles\" data-block-type=\"raw\" data-block-weight=\"165\" data-block-id=\"9\">\n<ul class=\"content-unordered-list\">\n<li>Contribuintes que receberam rendimentos isentos, n\u00e3o-tribut\u00e1veis ou tributados exclusivamente na fonte, cuja soma tenha sido superior a R$ 40 mil no ano passado;<\/li>\n<li>Quem obteve, em qualquer m\u00eas de 2019, ganho de capital na aliena\u00e7\u00e3o de bens ou direitos, sujeito \u00e0 incid\u00eancia do imposto, ou realizou opera\u00e7\u00f5es em bolsas de valores, de mercadorias, de futuros e assemelhadas;<\/li>\n<li>Quem teve, em 2019, receita bruta em valor superior a R$ 142.798,50 em atividade rural;<\/li>\n<li>Quem tinha, at\u00e9 31 de dezembro de 2019, a posse ou a propriedade de bens ou direitos, inclusive terra nua, de valor total superior a R$ 300 mil;<\/li>\n<li>Quem passou \u00e0 condi\u00e7\u00e3o de residente no Brasil em qualquer m\u00eas do ano passado e nessa condi\u00e7\u00e3o encontrava-se em 31 de dezembro de 2019;<\/li>\n<li>Quem optou pela isen\u00e7\u00e3o do imposto incidente em valor obtido na venda de im\u00f3veis residenciais cujo produto da venda seja aplicado na aquisi\u00e7\u00e3o de im\u00f3veis residenciais localizados no pa\u00eds, no prazo de 180 dias, contado da celebra\u00e7\u00e3o do contrato de venda.<\/li>\n<\/ul>\n<\/div>\n<div class=\"content-ads content-ads--reveal\" data-block-type=\"ads\" data-block-id=\"10\">Fonte: <a href=\"https:\/\/g1.globo.com\/economia\/imposto-de-renda\/2020\/noticia\/2020\/06\/08\/a-tres-semanas-do-fim-do-prazo-144-milhoes-ainda-nao-declararam-imposto-de-renda.ghtml\" target=\"_blank\" rel=\"noopener noreferrer\">G1<\/a><\/div>\n<div data-track-category=\"multicontent\" data-track-action=\"ultimo chunk conteudo\" data-track-noninteraction=\"false\" data-track-scroll=\"view\">\n<div class=\"block-podcast\"><\/div>\n<\/div>\n<\/div>\n<\/div>\n<\/div>\n","protected":false},"excerpt":{"rendered":"<p>\u00d3rg\u00e3o federal recebeu 17,6 milh\u00f5es de um total de 32 milh\u00f5es de declara\u00e7\u00f5es esperadas do Imposto de Renda da Pessoa F\u00edsica (IRPF) de 2020. A tr\u00eas semanas do fim do prazo, 14,4 milh\u00f5es de contribuintes ainda n\u00e3o declararam o Imposto de Renda da Pessoa F\u00edsica (IRPF) de 2020. At\u00e9 as 11h dessa segunda-feira (1\u00ba), 17,6<a class=\"moretag\" href=\"http:\/\/sindiquimicabr.com.br\/index.php\/2020\/06\/10\/a-tres-semanas-do-fim-do-prazo-144-milhoes-ainda-nao-declararam-imposto-de-renda\/\"> [&#8230;]<\/a><\/p>\n","protected":false},"author":2,"featured_media":4391,"comment_status":"closed","ping_status":"closed","sticky":false,"template":"","format":"standard","meta":[],"categories":[2],"tags":[],"_links":{"self":[{"href":"http:\/\/sindiquimicabr.com.br\/index.php\/wp-json\/wp\/v2\/posts\/4390"}],"collection":[{"href":"http:\/\/sindiquimicabr.com.br\/index.php\/wp-json\/wp\/v2\/posts"}],"about":[{"href":"http:\/\/sindiquimicabr.com.br\/index.php\/wp-json\/wp\/v2\/types\/post"}],"author":[{"embeddable":true,"href":"http:\/\/sindiquimicabr.com.br\/index.php\/wp-json\/wp\/v2\/users\/2"}],"replies":[{"embeddable":true,"href":"http:\/\/sindiquimicabr.com.br\/index.php\/wp-json\/wp\/v2\/comments?post=4390"}],"version-history":[{"count":1,"href":"http:\/\/sindiquimicabr.com.br\/index.php\/wp-json\/wp\/v2\/posts\/4390\/revisions"}],"predecessor-version":[{"id":4392,"href":"http:\/\/sindiquimicabr.com.br\/index.php\/wp-json\/wp\/v2\/posts\/4390\/revisions\/4392"}],"wp:featuredmedia":[{"embeddable":true,"href":"http:\/\/sindiquimicabr.com.br\/index.php\/wp-json\/wp\/v2\/media\/4391"}],"wp:attachment":[{"href":"http:\/\/sindiquimicabr.com.br\/index.php\/wp-json\/wp\/v2\/media?parent=4390"}],"wp:term":[{"taxonomy":"category","embeddable":true,"href":"http:\/\/sindiquimicabr.com.br\/index.php\/wp-json\/wp\/v2\/categories?post=4390"},{"taxonomy":"post_tag","embeddable":true,"href":"http:\/\/sindiquimicabr.com.br\/index.php\/wp-json\/wp\/v2\/tags?post=4390"}],"curies":[{"name":"wp","href":"https:\/\/api.w.org\/{rel}","templated":true}]}}