{"id":4594,"date":"2020-07-01T11:42:55","date_gmt":"2020-07-01T11:42:55","guid":{"rendered":"http:\/\/sindiquimicabr.com.br\/?p=4594"},"modified":"2020-07-01T12:03:21","modified_gmt":"2020-07-01T12:03:21","slug":"casos-e-mortes-por-coronavirus-no-brasil-1-de-julho-segundo-consorcio-de-veiculos-de-imprensa-atualizacao-das-8h","status":"publish","type":"post","link":"http:\/\/sindiquimicabr.com.br\/index.php\/2020\/07\/01\/casos-e-mortes-por-coronavirus-no-brasil-1-de-julho-segundo-consorcio-de-veiculos-de-imprensa-atualizacao-das-8h\/","title":{"rendered":"Casos e mortes por coronav\u00edrus no Brasil, 1 de julho, segundo cons\u00f3rcio de ve\u00edculos de imprensa (atualiza\u00e7\u00e3o das 8h)"},"content":{"rendered":"<div class=\"row content-head non-featured \">\n<div class=\"medium-centered subtitle\">\n<h4 class=\"content-head__subtitle\">Pa\u00eds tem 1.409.693 casos confirmados de Covid-19 e 59.745 \u00f3bitos.<\/h4>\n<\/div>\n<\/div>\n<p><a href=\"http:\/\/sindiquimicabr.com.br\/wp\/wp-content\/uploads\/2020\/07\/Casos-e-mortes-por-coronav\u00edrus-no-Brasil.jpg\"><img decoding=\"async\" loading=\"lazy\" class=\"alignnone wp-image-4595 size-full\" src=\"http:\/\/sindiquimicabr.com.br\/wp\/wp-content\/uploads\/2020\/07\/Casos-e-mortes-por-coronav\u00edrus-no-Brasil.jpg\" alt=\"\" width=\"984\" height=\"554\" srcset=\"http:\/\/sindiquimicabr.com.br\/wp\/wp-content\/uploads\/2020\/07\/Casos-e-mortes-por-coronav\u00edrus-no-Brasil.jpg 984w, http:\/\/sindiquimicabr.com.br\/wp\/wp-content\/uploads\/2020\/07\/Casos-e-mortes-por-coronav\u00edrus-no-Brasil-300x169.jpg 300w, http:\/\/sindiquimicabr.com.br\/wp\/wp-content\/uploads\/2020\/07\/Casos-e-mortes-por-coronav\u00edrus-no-Brasil-768x432.jpg 768w\" sizes=\"(max-width: 984px) 100vw, 984px\" \/><\/a><\/p>\n<div class=\"mc-column content-text active-extra-styles active-capital-letter\" data-block-type=\"unstyled\" data-block-weight=\"33\" data-block-id=\"1\">\n<p class=\"content-text__container theme-color-primary-first-letter\" data-track-category=\"Link no Texto\" data-track-links=\"\">O Brasil tem 59.745 mortes por coronav\u00edrus confirmadas at\u00e9 as 8h desta quarta-feira (1), aponta um levantamento feito pelo&nbsp;<a href=\"https:\/\/g1.globo.com\/politica\/noticia\/2020\/06\/08\/veiculos-de-comunicacao-formam-parceria-para-dar-transparencia-a-dados-de-covid-19.ghtml\">cons\u00f3rcio de ve\u00edculos de imprensa<\/a>&nbsp;a partir de dados das secretarias estaduais de Sa\u00fade.<\/p>\n<\/div>\n<div class=\"wall protected-content\">\n<div class=\"mc-column content-text active-extra-styles \" data-block-type=\"unstyled\" data-block-weight=\"9\" data-block-id=\"2\">\n<p class=\"content-text__container \" data-track-category=\"Link no Texto\" data-track-links=\"\">Veja os dados atualizados \u00e0s 8h desta quarta-feira (1):<\/p>\n<\/div>\n<div class=\"mc-column content-text active-extra-styles\" data-block-type=\"raw\" data-block-weight=\"5\" data-block-id=\"3\">\n<ul class=\"content-unordered-list\">\n<li>59.745 mortos<\/li>\n<li>1.409.693 casos confirmados<\/li>\n<\/ul>\n<\/div>\n<div class=\"mc-column content-text active-extra-styles \" data-block-type=\"unstyled\" data-block-weight=\"30\" data-block-id=\"4\">\n<p class=\"content-text__container \" data-track-category=\"Link no Texto\" data-track-links=\"\">O cons\u00f3rcio divulgou na ter\u00e7a-feira (30), \u00e0s 20h, o&nbsp;<a href=\"https:\/\/g1.globo.com\/bemestar\/coronavirus\/noticia\/2020\/06\/30\/casos-e-mortes-por-coronavirus-no-brasil-30-de-junho-segundo-consorcio-de-veiculos-de-imprensa.ghtml\">23\u00ba balan\u00e7o<\/a>, com os dados mais atualizados das secretarias estaduais naquele momento. Desde ent\u00e3o, GO, RN e RR divulgaram novos dados.<\/p>\n<\/div>\n<div class=\"mc-column content-text active-extra-styles \" data-block-type=\"unstyled\" data-block-weight=\"26\" data-block-id=\"5\">\n<p class=\"content-text__container \" data-track-category=\"Link no Texto\" data-track-links=\"\">(Na ter\u00e7a-feira, 30, \u00e0s 20h, o balan\u00e7o indicou:&nbsp;<a href=\"https:\/\/g1.globo.com\/bemestar\/coronavirus\/noticia\/2020\/06\/30\/casos-e-mortes-por-coronavirus-no-brasil-30-de-junho-segundo-consorcio-de-veiculos-de-imprensa.ghtml\">59.656 mortes, 1.271 em 24 horas<\/a>; e 1.408.485 casos confirmados. Desde ent\u00e3o, XX e YY divulgaram novos dados..)<\/p>\n<\/div>\n<div class=\"mc-column content-text active-extra-styles\" data-block-type=\"raw\" data-block-weight=\"5\" data-block-id=\"7\">\n<h4 class=\"content-intertitle\">Cons\u00f3rcio de ve\u00edculos de imprensa<\/h4>\n<\/div>\n<div class=\"mc-column content-text active-extra-styles \" data-block-type=\"unstyled\" data-block-weight=\"55\" data-block-id=\"8\">\n<p class=\"content-text__container \" data-track-category=\"Link no Texto\" data-track-links=\"\">Os dados sobre casos e mortes de coronav\u00edrus no Brasil foram obtidos ap\u00f3s uma parceria in\u00e9dita entre&nbsp;<strong>G1<\/strong>, O Globo, Extra, O Estado de S.Paulo, Folha de S.Paulo e UOL, que passaram a trabalhar, desde o dia 8 de junho, de forma colaborativa para reunir as informa\u00e7\u00f5es necess\u00e1rias nos 26 estados e no Distrito Federal.<\/p>\n<\/div>\n<div class=\"mc-column content-text active-extra-styles \" data-block-type=\"unstyled\" data-block-weight=\"35\" data-block-id=\"9\">\n<p class=\"content-text__container \" data-track-category=\"Link no Texto\" data-track-links=\"\">O objetivo \u00e9 que os brasileiros possam saber como est\u00e1 a evolu\u00e7\u00e3o e o total de \u00f3bitos provocados pela Covid-19, al\u00e9m dos n\u00fameros consolidados de casos testados e com resultado positivo para o novo coronav\u00edrus.<\/p>\n<\/div>\n<div class=\"mc-column content-text active-extra-styles \" data-block-type=\"unstyled\" data-block-weight=\"46\" data-block-id=\"10\">\n<p class=\"content-text__container \" data-track-category=\"Link no Texto\" data-track-links=\"\">A parceria entre os ve\u00edculos de comunica\u00e7\u00e3o foi feita em resposta \u00e0 decis\u00e3o do governo Jair Bolsonaro de restringir o acesso a dados sobre a pandemia da Covid-19. Personalidades do mundo pol\u00edtico e jur\u00eddico, juntamente com entidades representativas de profissionais e da imprensa,&nbsp;<a href=\"https:\/\/g1.globo.com\/politica\/noticia\/2020\/06\/08\/fundamental-bem-vinda-veja-repercussao-sobre-iniciativa-de-veiculos-de-comunicacao-de-consolidar-dados-da-covid-19.ghtml\">elogiaram a iniciativa<\/a>.<\/p>\n<\/div>\n<div class=\"mc-column content-text active-extra-styles \" data-block-type=\"unstyled\" data-block-weight=\"84\" data-block-id=\"11\">\n<p class=\"content-text__container \" data-track-category=\"Link no Texto\" data-track-links=\"\">Mudan\u00e7as feitas pelo Minist\u00e9rio da Sa\u00fade na publica\u00e7\u00e3o de seu balan\u00e7o da pandemia reduziram por alguns dias a quantidade e a qualidade dos dados. Primeiro, o hor\u00e1rio de divulga\u00e7\u00e3o, que era \u00e0s 17h na gest\u00e3o do ministro Luiz Henrique Mandetta (at\u00e9 17 de abril), passou para as 19h e depois para as 22h. Isso dificultou ou inviabilizou a publica\u00e7\u00e3o dos dados em telejornais e ve\u00edculos impressos.&nbsp;<a href=\"https:\/\/g1.globo.com\/politica\/noticia\/2020\/06\/05\/dados-do-coronavirus-bolsonaro-defende-excluir-de-balanco-numero-de-mortos-de-dias-anteriores.ghtml\">\u201cAcabou mat\u00e9ria no Jornal Nacional\u201d, disse o presidente Jair Bolsonaro<\/a>, em tom de deboche, ao comentar a mudan\u00e7a.<\/p>\n<\/div>\n<div class=\"mc-column content-text active-extra-styles \" data-block-type=\"unstyled\" data-block-weight=\"94\" data-block-id=\"13\">\n<p class=\"content-text__container \" data-track-category=\"Link no Texto\" data-track-links=\"\">A segunda altera\u00e7\u00e3o foi de car\u00e1ter qualitativo. O portal no qual o minist\u00e9rio divulga o n\u00famero de mortos e contaminados foi retirado do ar na noite de 4 de junho. Quando retornou, depois de mais de 19 horas, passou a apresentar apenas informa\u00e7\u00f5es sobre os casos \u201cnovos\u201d, ou seja, registrados no pr\u00f3prio dia.&nbsp;<a href=\"https:\/\/g1.globo.com\/politica\/noticia\/2020\/06\/06\/apos-reduzir-boletim-governo-bolsonaro-retira-dados-acumulados-da-covid-19-de-site-oficial.ghtml\">Desapareceram os n\u00fameros consolidados e o hist\u00f3rico da doen\u00e7a desde seu come\u00e7o<\/a>. Tamb\u00e9m foram eliminados do site os links para downloads de dados em formato de tabela, essenciais para an\u00e1lises de pesquisadores e jornalistas, e que alimentavam outras iniciativas de divulga\u00e7\u00e3o.<\/p>\n<\/div>\n<div class=\"mc-column content-text active-extra-styles \" data-block-type=\"unstyled\" data-block-weight=\"51\" data-block-id=\"14\">\n<p class=\"content-text__container \" data-track-category=\"Link no Texto\" data-track-links=\"\">Entre os itens que deixaram de ser publicados est\u00e3o: curva de casos novos por data de notifica\u00e7\u00e3o e por semana epidemiol\u00f3gica; casos acumulados por data de notifica\u00e7\u00e3o e por semana epidemiol\u00f3gica; mortes por data de notifica\u00e7\u00e3o e por semana epidemiol\u00f3gica; e \u00f3bitos acumulados por data de notifica\u00e7\u00e3o e por semana epidemiol\u00f3gica.<\/p>\n<\/div>\n<div class=\"mc-column content-text active-extra-styles \" data-block-type=\"unstyled\" data-block-weight=\"27\" data-block-id=\"15\">\n<p class=\"content-text__container \" data-track-category=\"Link no Texto\" data-track-links=\"\">No dia 7 de junho, o governo anunciou que voltaria a informar seus balan\u00e7os sobre a doen\u00e7a.&nbsp;<a href=\"https:\/\/g1.globo.com\/bemestar\/coronavirus\/noticia\/2020\/06\/07\/ministerio-divulga-dados-divergentes-de-casos-e-de-mortes-sobre-coronavirus.ghtml\">Mas mostrou n\u00fameros conflitantes<\/a>, divulgados no intervalo de poucas horas.<\/p>\n<\/div>\n<div class=\"mc-column content-text active-extra-styles \" data-block-type=\"unstyled\" data-block-weight=\"19\" data-block-id=\"16\">\n<p class=\"content-text__container \" data-track-category=\"Link no Texto\" data-track-links=\"\">Apenas no dia 9 de junho, o minist\u00e9rio voltou a divulgar os dados completos,&nbsp;<a href=\"https:\/\/g1.globo.com\/politica\/noticia\/2020\/06\/09\/ministerio-da-saude-volta-a-divulgar-no-site-oficial-dados-acumulados-da-covid-19.ghtml\">obedecendo a ordem do STF<\/a>.<\/p>\n<\/div>\n<div class=\"mc-column content-text active-extra-styles \" data-block-type=\"unstyled\" data-block-weight=\"33\" data-block-id=\"17\">\n<p class=\"content-text__container \" data-track-category=\"Link no Texto\" data-track-links=\"\">Nesta ter\u00e7a (30), o&nbsp;<a href=\"https:\/\/g1.globo.com\/bemestar\/coronavirus\/noticia\/2020\/06\/30\/brasil-tem-59594-mortes-por-coronavirus-diz-ministerio-da-saude.ghtml\">\u00f3rg\u00e3o divulgou um novo balan\u00e7o<\/a>. Segundo a pasta, houve 1.280 novos \u00f3bitos e 33.846 novos casos, somando 59.594 mortes e 1.402.041 casos desde o come\u00e7o da pandemia.<\/p>\n<p data-track-category=\"Link no Texto\" data-track-links=\"\">Fonte: <a href=\"https:\/\/g1.globo.com\/bemestar\/coronavirus\/noticia\/2020\/07\/01\/casos-e-mortes-por-coronavirus-no-brasil-1o-de-julho-segundo-consorcio-de-veiculos-de-imprensa.ghtml\" target=\"_blank\" rel=\"noopener noreferrer\">G1<\/a><\/p>\n<\/div>\n<\/div>\n<div class=\"content__signa-share\">\n<div class=\"content__signature\">\n<div class=\"content-publication-data\">\n<div class=\"content-publication-data__text\"><\/div>\n<\/div>\n<\/div>\n<\/div>\n","protected":false},"excerpt":{"rendered":"<p>Pa\u00eds tem 1.409.693 casos confirmados de Covid-19 e 59.745 \u00f3bitos. O Brasil tem 59.745 mortes por coronav\u00edrus confirmadas at\u00e9 as 8h desta quarta-feira (1), aponta um levantamento feito pelo&nbsp;cons\u00f3rcio de ve\u00edculos de imprensa&nbsp;a partir de dados das secretarias estaduais de Sa\u00fade. Veja os dados atualizados \u00e0s 8h desta quarta-feira (1): 59.745 mortos 1.409.693 casos confirmados<a class=\"moretag\" href=\"http:\/\/sindiquimicabr.com.br\/index.php\/2020\/07\/01\/casos-e-mortes-por-coronavirus-no-brasil-1-de-julho-segundo-consorcio-de-veiculos-de-imprensa-atualizacao-das-8h\/\"> [&#8230;]<\/a><\/p>\n","protected":false},"author":2,"featured_media":4595,"comment_status":"closed","ping_status":"closed","sticky":false,"template":"","format":"standard","meta":[],"categories":[10],"tags":[],"_links":{"self":[{"href":"http:\/\/sindiquimicabr.com.br\/index.php\/wp-json\/wp\/v2\/posts\/4594"}],"collection":[{"href":"http:\/\/sindiquimicabr.com.br\/index.php\/wp-json\/wp\/v2\/posts"}],"about":[{"href":"http:\/\/sindiquimicabr.com.br\/index.php\/wp-json\/wp\/v2\/types\/post"}],"author":[{"embeddable":true,"href":"http:\/\/sindiquimicabr.com.br\/index.php\/wp-json\/wp\/v2\/users\/2"}],"replies":[{"embeddable":true,"href":"http:\/\/sindiquimicabr.com.br\/index.php\/wp-json\/wp\/v2\/comments?post=4594"}],"version-history":[{"count":1,"href":"http:\/\/sindiquimicabr.com.br\/index.php\/wp-json\/wp\/v2\/posts\/4594\/revisions"}],"predecessor-version":[{"id":4596,"href":"http:\/\/sindiquimicabr.com.br\/index.php\/wp-json\/wp\/v2\/posts\/4594\/revisions\/4596"}],"wp:featuredmedia":[{"embeddable":true,"href":"http:\/\/sindiquimicabr.com.br\/index.php\/wp-json\/wp\/v2\/media\/4595"}],"wp:attachment":[{"href":"http:\/\/sindiquimicabr.com.br\/index.php\/wp-json\/wp\/v2\/media?parent=4594"}],"wp:term":[{"taxonomy":"category","embeddable":true,"href":"http:\/\/sindiquimicabr.com.br\/index.php\/wp-json\/wp\/v2\/categories?post=4594"},{"taxonomy":"post_tag","embeddable":true,"href":"http:\/\/sindiquimicabr.com.br\/index.php\/wp-json\/wp\/v2\/tags?post=4594"}],"curies":[{"name":"wp","href":"https:\/\/api.w.org\/{rel}","templated":true}]}}