{"id":4771,"date":"2020-07-09T12:48:43","date_gmt":"2020-07-09T12:48:43","guid":{"rendered":"http:\/\/sindiquimicabr.com.br\/?p=4771"},"modified":"2020-07-09T12:48:45","modified_gmt":"2020-07-09T12:48:45","slug":"witzel-deve-prestar-depoimento-na-sede-da-pf-no-rj-nesta-quinta-sobre-contratos-na-saude","status":"publish","type":"post","link":"http:\/\/sindiquimicabr.com.br\/index.php\/2020\/07\/09\/witzel-deve-prestar-depoimento-na-sede-da-pf-no-rj-nesta-quinta-sobre-contratos-na-saude\/","title":{"rendered":"Witzel deve prestar depoimento na sede da PF no RJ nesta quinta sobre contratos na sa\u00fade"},"content":{"rendered":"<div class=\"row content-head non-featured \">\n<div class=\"medium-centered subtitle\">\n<h4 class=\"content-head__subtitle\">Depoimento ser\u00e1 sobre a suspeita de corrup\u00e7\u00e3o na \u00e1rea de sa\u00fade em contratos emergenciais durante a pandemia do coronav\u00edrus. Witzel tamb\u00e9m deve ser ouvido na sexta-feira (10)<\/h4>\n<\/div>\n<\/div>\n<p><a href=\"http:\/\/sindiquimicabr.com.br\/wp\/wp-content\/uploads\/2020\/07\/Witzel-deve-prestar-depoimento-na-sede-da-PF-no-RJ-nesta-quinta-sobre-contratos-na-sa\u00fade.jpg\"><img decoding=\"async\" loading=\"lazy\" class=\"alignnone wp-image-4773 size-full\" src=\"http:\/\/sindiquimicabr.com.br\/wp\/wp-content\/uploads\/2020\/07\/Witzel-deve-prestar-depoimento-na-sede-da-PF-no-RJ-nesta-quinta-sobre-contratos-na-sa\u00fade.jpg\" alt=\"\" width=\"427\" height=\"240\" srcset=\"http:\/\/sindiquimicabr.com.br\/wp\/wp-content\/uploads\/2020\/07\/Witzel-deve-prestar-depoimento-na-sede-da-PF-no-RJ-nesta-quinta-sobre-contratos-na-sa\u00fade.jpg 427w, http:\/\/sindiquimicabr.com.br\/wp\/wp-content\/uploads\/2020\/07\/Witzel-deve-prestar-depoimento-na-sede-da-PF-no-RJ-nesta-quinta-sobre-contratos-na-sa\u00fade-300x169.jpg 300w\" sizes=\"(max-width: 427px) 100vw, 427px\" \/><\/a><\/p>\n<div class=\"mc-column content-text active-extra-styles \" data-block-type=\"unstyled\" data-block-weight=\"60\" data-block-id=\"2\">\n<p class=\"content-text__container \" style=\"text-align: justify;\" data-track-category=\"Link no Texto\" data-track-links=\"\">O governador do Estado do Rio de Janeiro,&nbsp;<a href=\"https:\/\/g1.globo.com\/politica\/politico\/wilson-witzel\/\">Wilson Witzel,<\/a>&nbsp;\u00e9 esperado para prestar depoimento \u00e0 Pol\u00edcia Federal na manh\u00e3 desta quinta-feira (9) na sede da PF no Rio, na Pra\u00e7a Mau\u00e1. O depoimento ser\u00e1 sobre a suspeita de corrup\u00e7\u00e3o na \u00e1rea de sa\u00fade em contratos emergenciais durante a pandemia do coronav\u00edrus. Witzel tamb\u00e9m deve ser ouvido na sexta (10).<\/p>\n<\/div>\n<div class=\"wall protected-content\">\n<div class=\"mc-column content-text active-extra-styles \" style=\"text-align: justify;\" data-block-type=\"unstyled\" data-block-weight=\"48\" data-block-id=\"3\">\n<p class=\"content-text__container \" data-track-category=\"Link no Texto\" data-track-links=\"\">No dia 26 de maio, a Pol\u00edcia Federal&nbsp;<a href=\"https:\/\/g1.globo.com\/rj\/rio-de-janeiro\/noticia\/2020\/05\/26\/agentes-da-pf-estao-no-palacio-laranjeiras-residencia-oficial-do-governador-do-rj.ghtml\">desencadeou a Opera\u00e7\u00e3o Placebo,&nbsp;<\/a>que investiga desvios de verba na sa\u00fade em a\u00e7\u00f5es que visavam o combate \u00e0 Covid-19. Foram 12 mandados de busca e apreens\u00e3o, um deles no Pal\u00e1cio Laranjeiras, resid\u00eancia oficial do governador e da fam\u00edlia dele.<\/p>\n<\/div>\n<div class=\"mc-column content-text active-extra-styles \" data-block-type=\"unstyled\" data-block-weight=\"12\" data-block-id=\"4\">\n<p class=\"content-text__container \" style=\"text-align: justify;\" data-track-category=\"Link no Texto\" data-track-links=\"\">Outro mandado foi cumprido na casa dele, no Graja\u00fa, na Zona Norte.<\/p>\n<\/div>\n<\/div>\n<p data-track-category=\"Link no Texto\" data-track-links=\"\"><a href=\"http:\/\/sindiquimicabr.com.br\/wp\/wp-content\/uploads\/2020\/07\/Movimenta\u00e7\u00e3o-da-Pol\u00edcia-Federal-no-Pal\u00e1cio-Laranjeiras.jpeg\"><img decoding=\"async\" loading=\"lazy\" class=\"alignnone wp-image-4772 size-full\" src=\"http:\/\/sindiquimicabr.com.br\/wp\/wp-content\/uploads\/2020\/07\/Movimenta\u00e7\u00e3o-da-Pol\u00edcia-Federal-no-Pal\u00e1cio-Laranjeiras.jpeg\" alt=\"\" width=\"984\" height=\"554\" srcset=\"http:\/\/sindiquimicabr.com.br\/wp\/wp-content\/uploads\/2020\/07\/Movimenta\u00e7\u00e3o-da-Pol\u00edcia-Federal-no-Pal\u00e1cio-Laranjeiras.jpeg 984w, http:\/\/sindiquimicabr.com.br\/wp\/wp-content\/uploads\/2020\/07\/Movimenta\u00e7\u00e3o-da-Pol\u00edcia-Federal-no-Pal\u00e1cio-Laranjeiras-300x169.jpeg 300w, http:\/\/sindiquimicabr.com.br\/wp\/wp-content\/uploads\/2020\/07\/Movimenta\u00e7\u00e3o-da-Pol\u00edcia-Federal-no-Pal\u00e1cio-Laranjeiras-768x432.jpeg 768w\" sizes=\"(max-width: 984px) 100vw, 984px\" \/><\/a><\/p>\n<div class=\"mc-column content-text active-extra-styles \" data-block-type=\"unstyled\" data-block-weight=\"17\" data-block-id=\"7\">\n<p class=\"content-text__container \" style=\"text-align: justify;\" data-track-category=\"Link no Texto\" data-track-links=\"\">Al\u00e9m de documentos, os policiais federais apreenderam os celulares de Witzel e da esposa dele, Helena Witzel.<\/p>\n<\/div>\n<div class=\"mc-column content-text active-extra-styles \" style=\"text-align: justify;\" data-block-type=\"unstyled\" data-block-weight=\"34\" data-block-id=\"8\">\n<p class=\"content-text__container \" data-track-category=\"Link no Texto\" data-track-links=\"\">A investiga\u00e7\u00e3o aponta que o contrato com a Organiza\u00e7\u00e3o Social Iabas, de R$ 835 milh\u00f5es, tem irregularidades. A OS foi contratada de maneira emergencial para construir sete hospitais de campanha em meio \u00e0 pandemia.<\/p>\n<\/div>\n<div class=\"mc-column content-text active-extra-styles \" style=\"text-align: justify;\" data-block-type=\"unstyled\" data-block-weight=\"34\" data-block-id=\"9\">\n<p class=\"content-text__container \" data-track-category=\"Link no Texto\" data-track-links=\"\">Al\u00e9m do depoimento do governador, nesta quinta tamb\u00e9m&nbsp;<a href=\"https:\/\/g1.globo.com\/rj\/rio-de-janeiro\/noticia\/2020\/07\/06\/alerj-decide-por-novo-prazo-de-10-sessoes-para-a-defesa-do-impeachment-de-witzel.ghtml\">come\u00e7a a contagem do prazo<\/a>&nbsp;para que Witzel apresente a sua defesa no processo de impeachment aberto pela Assembleia Legislativa do Rio de Janeiro (Alerj).<\/p>\n<\/div>\n<div class=\"mc-column content-text active-extra-styles \" data-block-type=\"unstyled\" data-block-weight=\"19\" data-block-id=\"10\">\n<p class=\"content-text__container \" style=\"text-align: justify;\" data-track-category=\"Link no Texto\" data-track-links=\"\">Ele tem o prazo de dez sess\u00f5es plen\u00e1rias para apresentar a defesa. O prazo acaba dia 30 de julho.<\/p>\n<p data-track-category=\"Link no Texto\" data-track-links=\"\">Fonte: <a href=\"https:\/\/g1.globo.com\/rj\/rio-de-janeiro\/noticia\/2020\/07\/09\/witzel-deve-prestar-depoimento-na-sede-da-pf-no-rj-nesta-quinta-sobre-contratos-na-saude.ghtml\" target=\"_blank\" rel=\"noopener noreferrer\">G1<\/a><\/p>\n<\/div>\n<p data-track-category=\"Link no Texto\" data-track-links=\"\">\n<p data-track-category=\"Link no Texto\" data-track-links=\"\">\n","protected":false},"excerpt":{"rendered":"<p>Depoimento ser\u00e1 sobre a suspeita de corrup\u00e7\u00e3o na \u00e1rea de sa\u00fade em contratos emergenciais durante a pandemia do coronav\u00edrus. Witzel tamb\u00e9m deve ser ouvido na sexta-feira (10) O governador do Estado do Rio de Janeiro,&nbsp;Wilson Witzel,&nbsp;\u00e9 esperado para prestar depoimento \u00e0 Pol\u00edcia Federal na manh\u00e3 desta quinta-feira (9) na sede da PF no Rio, na<a class=\"moretag\" href=\"http:\/\/sindiquimicabr.com.br\/index.php\/2020\/07\/09\/witzel-deve-prestar-depoimento-na-sede-da-pf-no-rj-nesta-quinta-sobre-contratos-na-saude\/\"> [&#8230;]<\/a><\/p>\n","protected":false},"author":2,"featured_media":4773,"comment_status":"closed","ping_status":"closed","sticky":false,"template":"","format":"standard","meta":[],"categories":[2],"tags":[],"_links":{"self":[{"href":"http:\/\/sindiquimicabr.com.br\/index.php\/wp-json\/wp\/v2\/posts\/4771"}],"collection":[{"href":"http:\/\/sindiquimicabr.com.br\/index.php\/wp-json\/wp\/v2\/posts"}],"about":[{"href":"http:\/\/sindiquimicabr.com.br\/index.php\/wp-json\/wp\/v2\/types\/post"}],"author":[{"embeddable":true,"href":"http:\/\/sindiquimicabr.com.br\/index.php\/wp-json\/wp\/v2\/users\/2"}],"replies":[{"embeddable":true,"href":"http:\/\/sindiquimicabr.com.br\/index.php\/wp-json\/wp\/v2\/comments?post=4771"}],"version-history":[{"count":1,"href":"http:\/\/sindiquimicabr.com.br\/index.php\/wp-json\/wp\/v2\/posts\/4771\/revisions"}],"predecessor-version":[{"id":4774,"href":"http:\/\/sindiquimicabr.com.br\/index.php\/wp-json\/wp\/v2\/posts\/4771\/revisions\/4774"}],"wp:featuredmedia":[{"embeddable":true,"href":"http:\/\/sindiquimicabr.com.br\/index.php\/wp-json\/wp\/v2\/media\/4773"}],"wp:attachment":[{"href":"http:\/\/sindiquimicabr.com.br\/index.php\/wp-json\/wp\/v2\/media?parent=4771"}],"wp:term":[{"taxonomy":"category","embeddable":true,"href":"http:\/\/sindiquimicabr.com.br\/index.php\/wp-json\/wp\/v2\/categories?post=4771"},{"taxonomy":"post_tag","embeddable":true,"href":"http:\/\/sindiquimicabr.com.br\/index.php\/wp-json\/wp\/v2\/tags?post=4771"}],"curies":[{"name":"wp","href":"https:\/\/api.w.org\/{rel}","templated":true}]}}