{"id":4818,"date":"2020-07-13T12:03:31","date_gmt":"2020-07-13T12:03:31","guid":{"rendered":"http:\/\/sindiquimicabr.com.br\/?p=4818"},"modified":"2020-07-13T12:03:35","modified_gmt":"2020-07-13T12:03:35","slug":"cresce-na-europa-pressao-contra-produtos-brasileiros","status":"publish","type":"post","link":"http:\/\/sindiquimicabr.com.br\/index.php\/2020\/07\/13\/cresce-na-europa-pressao-contra-produtos-brasileiros\/","title":{"rendered":"Cresce na Europa press\u00e3o contra produtos brasileiros"},"content":{"rendered":"<h4 class=\"news-subheadline\">Uma a\u00e7\u00e3o pede que supermercados europeus parem de comprar alimentos brasileiros<\/h4>\n<p><a href=\"http:\/\/sindiquimicabr.com.br\/wp\/wp-content\/uploads\/2020\/07\/Cresce-na-Europa-press\u00e3o-contra-produtos-brasileiros.jpg\"><img decoding=\"async\" loading=\"lazy\" class=\"alignnone wp-image-4819 size-full\" src=\"http:\/\/sindiquimicabr.com.br\/wp\/wp-content\/uploads\/2020\/07\/Cresce-na-Europa-press\u00e3o-contra-produtos-brasileiros.jpg\" alt=\"\" width=\"1920\" height=\"1080\" srcset=\"http:\/\/sindiquimicabr.com.br\/wp\/wp-content\/uploads\/2020\/07\/Cresce-na-Europa-press\u00e3o-contra-produtos-brasileiros.jpg 1920w, http:\/\/sindiquimicabr.com.br\/wp\/wp-content\/uploads\/2020\/07\/Cresce-na-Europa-press\u00e3o-contra-produtos-brasileiros-300x169.jpg 300w, http:\/\/sindiquimicabr.com.br\/wp\/wp-content\/uploads\/2020\/07\/Cresce-na-Europa-press\u00e3o-contra-produtos-brasileiros-1024x576.jpg 1024w, http:\/\/sindiquimicabr.com.br\/wp\/wp-content\/uploads\/2020\/07\/Cresce-na-Europa-press\u00e3o-contra-produtos-brasileiros-768x432.jpg 768w, http:\/\/sindiquimicabr.com.br\/wp\/wp-content\/uploads\/2020\/07\/Cresce-na-Europa-press\u00e3o-contra-produtos-brasileiros-1536x864.jpg 1536w\" sizes=\"(max-width: 1920px) 100vw, 1920px\" \/><\/a><\/p>\n<p style=\"text-align: justify;\"><span class=\"news_capital_letter\">V<\/span>ARS\u00d3VIA, POL\u00d4NIA (FOLHAPRESS) &#8211; De terno e gravata, o presidente Jair Bolsonaro segura um gigantesco palito de f\u00f3sforo aceso e ri, enquanto a floresta queima a fundo. &#8220;Boicote Bolsonaro&#8221;, diz o t\u00edtulo no site de campanha hom\u00f4nima \u2013que at\u00e9 as 20h desta sexta (10) j\u00e1 tinha sido assinada por 384.704 pessoas.<\/p>\n<p style=\"text-align: justify;\">Lan\u00e7ada pela Campact!, a a\u00e7\u00e3o pede que supermercados europeus parem de comprar alimentos brasileiros de empresas que &#8220;queimam a floresta com a maior crueldade dos \u00faltimos dez anos&#8221;. &#8220;Apenas a press\u00e3o econ\u00f4mica ajuda&#8221;, diz o texto da campanha, que se dirige nominalmente a grandes redes europeias como Aldi Nord, Edeka e Lidl.<\/p>\n<p style=\"text-align: justify;\">As companhias n\u00e3o ficam surdas. &#8220;S\u00f3 adquirimos carne fresca do Brasil de matadouros que aderiram ao Acordo sobre Bovinos. Podemos descartar qualquer associa\u00e7\u00e3o com o desmatamento da Amaz\u00f4nia&#8221;, escreve a alem\u00e3 Aldi Nord em sua Pol\u00edtica de Compras de Produtos Animais.<\/p>\n<p style=\"text-align: justify;\">O documento garante tamb\u00e9m que mercadorias brasileiras vendidas em suas lojas &#8220;levam em considera\u00e7\u00e3o aspectos sociais como trabalho for\u00e7ado, direitos dos povos ind\u00edgenas e prote\u00e7\u00e3o das reservas&#8221;.<\/p>\n<p style=\"text-align: justify;\">A quest\u00e3o fundi\u00e1ria \u00e9 a preocupa\u00e7\u00e3o priorit\u00e1ria de a\u00e7\u00f5es europeias recentes, mais especificamente o projeto de lei 2.633\/2020, que facilita a regulariza\u00e7\u00e3o fundi\u00e1ria no pa\u00eds, apelidado de &#8220;Lei da Grilagem&#8221;.<\/p>\n<p style=\"text-align: justify;\">Em maio, 40 grandes empresas europeias de varejo mandaram carta ao Congresso dizendo que deixariam de comprar produtos brasileiros se o texto for aprovado.<\/p>\n<p style=\"text-align: justify;\">Elas afirmam que, ao legalizar a produ\u00e7\u00e3o privada em terras p\u00fablicas, a proposta &#8220;encoraja mais invas\u00f5es e incentiva o desflorestamento&#8221;.<\/p>\n<p style=\"text-align: justify;\">O projeto de lei motivou tamb\u00e9m a a\u00e7\u00e3o de grandes fundos de pens\u00e3o e de investimento privado europeus que escreveram para embaixadas na semana passada pedindo uma reuni\u00e3o para tratar do desmatamento e deixando impl\u00edcito o risco de retirar dinheiro do Brasil.<\/p>\n<p style=\"text-align: justify;\">O volume investido no pa\u00eds por essas entidades, de algumas centenas de milh\u00f5es de d\u00f3lares, n\u00e3o \u00e9 significativo se comparado aos trilh\u00f5es que elas administram globalmente, mas, como disse em entrevista \u00e0 Folha Jan Erik Saugestad, principal executivo do fundo noruegu\u00eas Storebrand, que liderou a a\u00e7\u00e3o, &#8220;importa mais a a\u00e7\u00e3o conjunta de v\u00e1rias companhias, o setor amplo dos fundos atuando na mesma dire\u00e7\u00e3o&#8221;.<\/p>\n<p style=\"text-align: justify;\">Ao menos dois resultados ele j\u00e1 obteve. O primeiro foi uma rea\u00e7\u00e3o de brasileiros que administram as grandes companhias que recebem esses investimentos dos fundos. Em carta ao vice-presidente Hamilton Mour\u00e3o, 38 executivos de setores como agroneg\u00f3cio e minera\u00e7\u00e3o cobraram medidas concretas para frear o desmatamento e as queimadas.<\/p>\n<p style=\"text-align: justify;\">A segunda conquista de Saugestad foi ter seu grupo &#8220;recebido virtualmente&#8221; pelo vice-presidente, Hamilton Mour\u00e3o, numa conversa da qual participaram seis ministros: Braga Netto (Casa Civil), Ernesto Ara\u00fajo (Rela\u00e7\u00f5es Exteriores), Tereza Cristina (Agricultura), F\u00e1bio Farias (Comunica\u00e7\u00f5es), Ricardo Salles (Meio Ambiente) e o presidente do Banco Central, Roberto Campos Neto.<\/p>\n<p style=\"text-align: justify;\">Da reuni\u00e3o participou tamb\u00e9m o presidente da Apex (Ag\u00eancia Brasileira de Promo\u00e7\u00e3o de Exporta\u00e7\u00f5es e Investimentos), Sergio Segovia, a quem o governo delegou a responsabilidade de promover uma campanha para reverter os danos \u00e0 imagem do Brasil e de sua pol\u00edtica ambiental na Europa.<\/p>\n<p style=\"text-align: justify;\">J\u00e1 faz muito tempo, por\u00e9m, que o risco ambiental deixou de ser uma quest\u00e3o de comunica\u00e7\u00e3o. Os investidores, assim como os consumidores da campanha de boicote a supermercados e os eurodeputados que escreveram ao Congresso brasileiro, querem mais do que palavras e t\u00eam exig\u00eancias espec\u00edficas.<\/p>\n<p style=\"text-align: justify;\">Al\u00e9m do PL 2.633\/20, eles querem barrar a proposta de alterar o sistema de licenciamento ambiental (PL 3.729 \/ 2004) e a que trata de pesquisa e extra\u00e7\u00e3o de recursos em terras ind\u00edgenas (PL 191\/2020).<\/p>\n<p style=\"text-align: justify;\">A pauta ambientalista vem amadurecendo h\u00e1 anos na Uni\u00e3o Europeia e mobiliza hoje uma parcela consider\u00e1vel de consumidores \u2013e, em alguns pa\u00edses, de eleitores.<\/p>\n<p style=\"text-align: justify;\">O partido Verde alem\u00e3o j\u00e1 est\u00e1 estruturado h\u00e1 d\u00e9cadas, e os de outros pa\u00edses, embora n\u00e3o tenham o mesmo peso, j\u00e1 chegaram ao governo na \u00c1ustria (em coliga\u00e7\u00e3o com os conservadores), t\u00eam um bloco pr\u00f3prio no Parlamento Europeu e conseguiram um sucesso suficiente nas elei\u00e7\u00f5es municipais da Fran\u00e7a para incomodar o presidente Emmanuel Macron, que declarou priorit\u00e1rios temas de sustentabilidade.<\/p>\n<p style=\"text-align: justify;\">Mais do que uma expans\u00e3o ideol\u00f3gica, sustentabilidade na Uni\u00e3o Europeia significa pol\u00edtica p\u00fablica e regulamenta\u00e7\u00e3o, com efeitos pr\u00e1ticos na produ\u00e7\u00e3o agr\u00edcola e industrial, nas decis\u00f5es de investimento e na distribui\u00e7\u00e3o de verbas p\u00fablicas.<\/p>\n<p style=\"text-align: justify;\">O chamado Green Deal, um conjunto de a\u00e7\u00f5es estrat\u00e9gicas para tornar a economia europeia menos agressiva ao clima e \u00e0 biodiversidade lan\u00e7ado no final do ano passado, deve ser ainda mais refor\u00e7ado ap\u00f3s a pandemia de coronav\u00edrus.&#8221; Reconstru\u00e7\u00e3o sustent\u00e1vel&#8221; \u00e9 o lema da Comiss\u00e3o Europeia e do Conselho da UE, agora presidido pela chanceler alem\u00e3, Angela Merkel.<\/p>\n<p style=\"text-align: justify;\">Na pr\u00e1tica, isso quer dizer que, se o bloco vai levantar empr\u00e9stimos para impulsionar a economia ap\u00f3s a crise da Covid-19, n\u00e3o h\u00e1 melhor oportunidade para acelerar a transi\u00e7\u00e3o para energias mais limpas, neutralidade na emiss\u00e3o de g\u00e1s carb\u00f4nico e processos que protejam o ambiente.<\/p>\n<p style=\"text-align: justify;\">A estrat\u00e9gia impulsiona a regula\u00e7\u00e3o p\u00fablica \u2013criando limites mais restritos para o uso de qu\u00edmicos, por exemplo\u2013 e privada \u2013como a que impede que os fundos de investimento coloquem recursos em atividades que agridem o meio ambiente.<\/p>\n<p style=\"text-align: justify;\">&#8220;O verde \u00e9 o novo preto&#8221;, dizem analistas de neg\u00f3cios, colocando em alta as reurbaniza\u00e7\u00f5es e constru\u00e7\u00e3o de ciclovias, as reformas para melhorar o isolamento t\u00e9rmico de casas antigas, ve\u00edculos el\u00e9tricos, digitaliza\u00e7\u00e3o que economize deslocamentos, agricultura org\u00e2nica, redu\u00e7\u00e3o de res\u00edduos e outras atividades correlatas.<\/p>\n<p style=\"text-align: justify;\">Fonte: <a href=\"https:\/\/www.noticiasaominuto.com.br\/economia\/1543412\/cresce-na-europa-pressao-contra-produtos-brasileiros\" target=\"_blank\" rel=\"noopener noreferrer\">Not\u00edcias ao Minuto<\/a><\/p>\n","protected":false},"excerpt":{"rendered":"<p>Uma a\u00e7\u00e3o pede que supermercados europeus parem de comprar alimentos brasileiros VARS\u00d3VIA, POL\u00d4NIA (FOLHAPRESS) &#8211; De terno e gravata, o presidente Jair Bolsonaro segura um gigantesco palito de f\u00f3sforo aceso e ri, enquanto a floresta queima a fundo. &#8220;Boicote Bolsonaro&#8221;, diz o t\u00edtulo no site de campanha hom\u00f4nima \u2013que at\u00e9 as 20h desta sexta (10)<a class=\"moretag\" href=\"http:\/\/sindiquimicabr.com.br\/index.php\/2020\/07\/13\/cresce-na-europa-pressao-contra-produtos-brasileiros\/\"> [&#8230;]<\/a><\/p>\n","protected":false},"author":2,"featured_media":4819,"comment_status":"closed","ping_status":"closed","sticky":false,"template":"","format":"standard","meta":[],"categories":[9],"tags":[],"_links":{"self":[{"href":"http:\/\/sindiquimicabr.com.br\/index.php\/wp-json\/wp\/v2\/posts\/4818"}],"collection":[{"href":"http:\/\/sindiquimicabr.com.br\/index.php\/wp-json\/wp\/v2\/posts"}],"about":[{"href":"http:\/\/sindiquimicabr.com.br\/index.php\/wp-json\/wp\/v2\/types\/post"}],"author":[{"embeddable":true,"href":"http:\/\/sindiquimicabr.com.br\/index.php\/wp-json\/wp\/v2\/users\/2"}],"replies":[{"embeddable":true,"href":"http:\/\/sindiquimicabr.com.br\/index.php\/wp-json\/wp\/v2\/comments?post=4818"}],"version-history":[{"count":1,"href":"http:\/\/sindiquimicabr.com.br\/index.php\/wp-json\/wp\/v2\/posts\/4818\/revisions"}],"predecessor-version":[{"id":4820,"href":"http:\/\/sindiquimicabr.com.br\/index.php\/wp-json\/wp\/v2\/posts\/4818\/revisions\/4820"}],"wp:featuredmedia":[{"embeddable":true,"href":"http:\/\/sindiquimicabr.com.br\/index.php\/wp-json\/wp\/v2\/media\/4819"}],"wp:attachment":[{"href":"http:\/\/sindiquimicabr.com.br\/index.php\/wp-json\/wp\/v2\/media?parent=4818"}],"wp:term":[{"taxonomy":"category","embeddable":true,"href":"http:\/\/sindiquimicabr.com.br\/index.php\/wp-json\/wp\/v2\/categories?post=4818"},{"taxonomy":"post_tag","embeddable":true,"href":"http:\/\/sindiquimicabr.com.br\/index.php\/wp-json\/wp\/v2\/tags?post=4818"}],"curies":[{"name":"wp","href":"https:\/\/api.w.org\/{rel}","templated":true}]}}