{"id":4821,"date":"2020-07-13T12:13:45","date_gmt":"2020-07-13T12:13:45","guid":{"rendered":"http:\/\/sindiquimicabr.com.br\/?p=4821"},"modified":"2020-07-13T12:13:47","modified_gmt":"2020-07-13T12:13:47","slug":"covid-19-problema-em-sistema-faz-rio-registrar-so-9-casos-e-9-mortes","status":"publish","type":"post","link":"http:\/\/sindiquimicabr.com.br\/index.php\/2020\/07\/13\/covid-19-problema-em-sistema-faz-rio-registrar-so-9-casos-e-9-mortes\/","title":{"rendered":"Covid-19: problema em sistema faz Rio registrar s\u00f3 9 casos e 9 mortes"},"content":{"rendered":"<h4 class=\"news-subheadline\" style=\"text-align: justify;\">O balan\u00e7o divulgado pela pasta no in\u00edcio da noite de domingo (12) indicou apenas 9 mortes e 9 novos casos da doen\u00e7a no per\u00edodo de 24 horas<\/h4>\n<p><a href=\"http:\/\/sindiquimicabr.com.br\/wp\/wp-content\/uploads\/2020\/07\/Covid-19-problema-em-sistema-faz-Rio-registrar-s\u00f3-9-casos-e-9-mortes.jpg\"><img decoding=\"async\" loading=\"lazy\" class=\"alignleft size-full wp-image-4822\" src=\"http:\/\/sindiquimicabr.com.br\/wp\/wp-content\/uploads\/2020\/07\/Covid-19-problema-em-sistema-faz-Rio-registrar-s\u00f3-9-casos-e-9-mortes.jpg\" alt=\"\" width=\"1920\" height=\"1080\" srcset=\"http:\/\/sindiquimicabr.com.br\/wp\/wp-content\/uploads\/2020\/07\/Covid-19-problema-em-sistema-faz-Rio-registrar-s\u00f3-9-casos-e-9-mortes.jpg 1920w, http:\/\/sindiquimicabr.com.br\/wp\/wp-content\/uploads\/2020\/07\/Covid-19-problema-em-sistema-faz-Rio-registrar-s\u00f3-9-casos-e-9-mortes-300x169.jpg 300w, http:\/\/sindiquimicabr.com.br\/wp\/wp-content\/uploads\/2020\/07\/Covid-19-problema-em-sistema-faz-Rio-registrar-s\u00f3-9-casos-e-9-mortes-1024x576.jpg 1024w, http:\/\/sindiquimicabr.com.br\/wp\/wp-content\/uploads\/2020\/07\/Covid-19-problema-em-sistema-faz-Rio-registrar-s\u00f3-9-casos-e-9-mortes-768x432.jpg 768w, http:\/\/sindiquimicabr.com.br\/wp\/wp-content\/uploads\/2020\/07\/Covid-19-problema-em-sistema-faz-Rio-registrar-s\u00f3-9-casos-e-9-mortes-1536x864.jpg 1536w\" sizes=\"(max-width: 1920px) 100vw, 1920px\" \/><\/a><\/p>\n<p style=\"text-align: justify;\"><span class=\"news_capital_letter\">A<\/span> secretaria estadual de Sa\u00fade do Rio de Janeiro n\u00e3o conseguiu acessar neste domingo, 12, o sistema eletr\u00f4nico do Minist\u00e9rio da Sa\u00fade por meio do qual os munic\u00edpios registram novos casos e mortes confirmadas por covid-19. Por isso, o balan\u00e7o divulgado pela pasta no in\u00edcio da noite indicou apenas 9 mortes e 9 novos casos da doen\u00e7a no per\u00edodo de 24 horas.<\/p>\n<p style=\"text-align: justify;\">Esses dados foram obtidos por algum dos outros tr\u00eas sistemas complementares usados para coletar dados sobre a pandemia &#8211; a pasta n\u00e3o soube informar qual deles. Segundo nota divulgada pela secretaria \u00e0s 21h50, &#8220;neste domingo n\u00e3o foi poss\u00edvel baixar o sistema e-SUS, do Minist\u00e9rio da Sa\u00fade, o que explica o baixo n\u00famero de novos casos e \u00f3bitos. (&#8230;) As informa\u00e7\u00f5es que, por este motivo, n\u00e3o tenham sido computadas neste domingo ser\u00e3o inclu\u00eddas no pr\u00f3ximo boletim, corrigindo qualquer poss\u00edvel defasagem de informa\u00e7\u00e3o&#8221;.<\/p>\n<p style=\"text-align: justify;\">Antes, consultada pela reportagem, \u00e0s 19h17 deste domingo, o governo do Estado havia negado qualquer problema no registro de casos. Com a atualiza\u00e7\u00e3o m\u00ednima feita, o Estado do Rio registra 129.684 casos e 11.415 mortos em fun\u00e7\u00e3o do novo coronav\u00edrus. Mais 1.094 mortes est\u00e3o sendo investigadas, sob suspeita de terem sido causadas pela covid-19, e 110.061 pacientes se curaram.<\/p>\n<p style=\"text-align: justify;\">Os dez munic\u00edpios que concentram mais mortes por covid-19 no Estado do Rio de Janeiro s\u00e3o a capital (7.310), S\u00e3o Gon\u00e7alo (522), Duque de Caxias (481), Nova Igua\u00e7u (369), S\u00e3o Jo\u00e3o de Meriti (259), Niter\u00f3i (242), Belford Roxo (188), Mag\u00e9 (144), Itabora\u00ed (140) e Campos dos Goytacazes (133).<\/p>\n<p style=\"text-align: justify;\">Os dez munic\u00edpios com maior n\u00famero de casos s\u00e3o o Rio de Janeiro (64.110), Niter\u00f3i (7.139), S\u00e3o Gon\u00e7alo (6.183), Nova Igua\u00e7u (3.604), Duque de Caxias (3.545), Maca\u00e9 (3.213), Itabora\u00ed (2.747), Angra dos Reis (2.434), Campos dos Goytacazes (2.151) e Volta Redonda (2.106).<\/p>\n<p style=\"text-align: justify;\">Fonte: <a href=\"https:\/\/www.noticiasaominuto.com.br\/brasil\/1544645\/covid-19-problema-em-sistema-faz-rio-registrar-so-9-casos-e-9-mortes\" target=\"_blank\" rel=\"noopener noreferrer\">Not\u00edcias ao Minuto<\/a><\/p>\n","protected":false},"excerpt":{"rendered":"<p>O balan\u00e7o divulgado pela pasta no in\u00edcio da noite de domingo (12) indicou apenas 9 mortes e 9 novos casos da doen\u00e7a no per\u00edodo de 24 horas A secretaria estadual de Sa\u00fade do Rio de Janeiro n\u00e3o conseguiu acessar neste domingo, 12, o sistema eletr\u00f4nico do Minist\u00e9rio da Sa\u00fade por meio do qual os munic\u00edpios<a class=\"moretag\" href=\"http:\/\/sindiquimicabr.com.br\/index.php\/2020\/07\/13\/covid-19-problema-em-sistema-faz-rio-registrar-so-9-casos-e-9-mortes\/\"> [&#8230;]<\/a><\/p>\n","protected":false},"author":2,"featured_media":4822,"comment_status":"closed","ping_status":"closed","sticky":false,"template":"","format":"standard","meta":[],"categories":[2],"tags":[],"_links":{"self":[{"href":"http:\/\/sindiquimicabr.com.br\/index.php\/wp-json\/wp\/v2\/posts\/4821"}],"collection":[{"href":"http:\/\/sindiquimicabr.com.br\/index.php\/wp-json\/wp\/v2\/posts"}],"about":[{"href":"http:\/\/sindiquimicabr.com.br\/index.php\/wp-json\/wp\/v2\/types\/post"}],"author":[{"embeddable":true,"href":"http:\/\/sindiquimicabr.com.br\/index.php\/wp-json\/wp\/v2\/users\/2"}],"replies":[{"embeddable":true,"href":"http:\/\/sindiquimicabr.com.br\/index.php\/wp-json\/wp\/v2\/comments?post=4821"}],"version-history":[{"count":1,"href":"http:\/\/sindiquimicabr.com.br\/index.php\/wp-json\/wp\/v2\/posts\/4821\/revisions"}],"predecessor-version":[{"id":4824,"href":"http:\/\/sindiquimicabr.com.br\/index.php\/wp-json\/wp\/v2\/posts\/4821\/revisions\/4824"}],"wp:featuredmedia":[{"embeddable":true,"href":"http:\/\/sindiquimicabr.com.br\/index.php\/wp-json\/wp\/v2\/media\/4822"}],"wp:attachment":[{"href":"http:\/\/sindiquimicabr.com.br\/index.php\/wp-json\/wp\/v2\/media?parent=4821"}],"wp:term":[{"taxonomy":"category","embeddable":true,"href":"http:\/\/sindiquimicabr.com.br\/index.php\/wp-json\/wp\/v2\/categories?post=4821"},{"taxonomy":"post_tag","embeddable":true,"href":"http:\/\/sindiquimicabr.com.br\/index.php\/wp-json\/wp\/v2\/tags?post=4821"}],"curies":[{"name":"wp","href":"https:\/\/api.w.org\/{rel}","templated":true}]}}