{"id":5335,"date":"2020-08-12T11:39:13","date_gmt":"2020-08-12T11:39:13","guid":{"rendered":"http:\/\/sindiquimicabr.com.br\/?p=5335"},"modified":"2020-08-12T11:39:15","modified_gmt":"2020-08-12T11:39:15","slug":"teto-de-gastos-guedes-alerta-para-o-risco-de-impeachment-de-bolsonaro","status":"publish","type":"post","link":"http:\/\/sindiquimicabr.com.br\/index.php\/2020\/08\/12\/teto-de-gastos-guedes-alerta-para-o-risco-de-impeachment-de-bolsonaro\/","title":{"rendered":"Teto de gastos: Guedes alerta para o risco de impeachment de Bolsonaro"},"content":{"rendered":"<h4 style=\"text-align: justify;\">Titular da Economia diz que se Bolsonaro seguir recomenda\u00e7\u00e3o de ministros e furar teto de gastos ficar\u00e1 sujeito \u00e0 perda do mandato. Maia descarta &#8220;jeitinho&#8221; para burlar Constitui\u00e7\u00e3o<\/h4>\n<p style=\"text-align: justify;\"><a href=\"http:\/\/sindiquimicabr.com.br\/wp\/wp-content\/uploads\/2020\/08\/Teto-de-gastos-Guedes-alerta-para-o-risco-de-impeachment-de-Bolsonaro.jpg\"><img decoding=\"async\" loading=\"lazy\" class=\"alignnone wp-image-5338 size-full\" src=\"http:\/\/sindiquimicabr.com.br\/wp\/wp-content\/uploads\/2020\/08\/Teto-de-gastos-Guedes-alerta-para-o-risco-de-impeachment-de-Bolsonaro.jpg\" alt=\"\" width=\"820\" height=\"547\" srcset=\"http:\/\/sindiquimicabr.com.br\/wp\/wp-content\/uploads\/2020\/08\/Teto-de-gastos-Guedes-alerta-para-o-risco-de-impeachment-de-Bolsonaro.jpg 820w, http:\/\/sindiquimicabr.com.br\/wp\/wp-content\/uploads\/2020\/08\/Teto-de-gastos-Guedes-alerta-para-o-risco-de-impeachment-de-Bolsonaro-300x200.jpg 300w, http:\/\/sindiquimicabr.com.br\/wp\/wp-content\/uploads\/2020\/08\/Teto-de-gastos-Guedes-alerta-para-o-risco-de-impeachment-de-Bolsonaro-768x512.jpg 768w, http:\/\/sindiquimicabr.com.br\/wp\/wp-content\/uploads\/2020\/08\/Teto-de-gastos-Guedes-alerta-para-o-risco-de-impeachment-de-Bolsonaro-272x182.jpg 272w\" sizes=\"(max-width: 820px) 100vw, 820px\" \/><\/a><\/p>\n<p class=\"texto\" style=\"text-align: justify;\">O ministro da Economia, <a href=\"https:\/\/www.correiobraziliense.com.br\/economia\/2020\/08\/4867841-depois-de-encontro-com-guedes--maia-diz-nao-ver-espaco-para-prorrogar-o-auxilio-emergencial.html\">Paulo Guedes, e o presidente da C\u00e2mara, Rodrigo Maia (DEM-RJ), alinharam o discurso em defesa do teto de gastos e partiram para o ataque contra quem pretende romper o limite constitucional para as despesas p\u00fablicas<\/a>. O chefe da equipe econ\u00f4mica alertou para o risco de o presidente Jair Bolsonaro sofrer um processo de impeachment se seguir nessa dire\u00e7\u00e3o recomendada por alguns ministros.<\/p>\n<p class=\"texto\" style=\"text-align: justify;\">\u201cN\u00e3o haver\u00e1 nenhum apoio no Minist\u00e9rio da Economia a fura-tetos. Se tiver ministro fura-teto, eu vou brigar com ministros fura-tetos\u201d, afirmou Guedes, ontem, ap\u00f3s mais de uma hora de reuni\u00e3o da qual tamb\u00e9m participou o l\u00edder do bloc\u00e3o do Centr\u00e3o, o deputado Arthur Lira (PP-AL).<\/p>\n<p class=\"texto\" style=\"text-align: justify;\">Guedes, inclusive, confirmou que, durante uma reuni\u00e3o ministerial, um dos ministros aconselhou Bolsonaro que ele aumentaria as chances de reelei\u00e7\u00e3o \u201cfurando o teto e pulando cerca\u201d. O chefe da Economia contou que ele defendeu o contr\u00e1rio, enfatizando o respeito \u00e0 emenda constitucional do teto de gastos (EC-95), aprovada em 2016, que limita o crescimento das despesas \u00e0 infla\u00e7\u00e3o do ano anterior.<\/p>\n<p class=\"texto\" style=\"text-align: justify;\">\u201cSe o presidente quiser ser reeleito, temos de nos comportar dentro do Or\u00e7amento, fazendo a coisa certa, enfrentando os desafios de reformas. Essa \u00e9 a forma pela qual um governo pode dar certo e merece ser reeleito\u201d, disse Guedes. Ele destacou que, se desrespeitar o teto, Bolsonaro vai sofrer impeachment \u201cpor irresponsabilidade fiscal\u201d, porque estar\u00e1 adotando medidas emergenciais por tempo indeterminado, como ocorreu ap\u00f3s a crise global de 2008 e 2009. \u201cEsquecemos que aquilo eram despesas extraordin\u00e1rias por algum tempo. E, com a insist\u00eancia em continuar gastando, acabaram cavando um buraco fiscal enorme e sofreram impeachment por irresponsabilidade. E deu errado. Como \u00e9 que vai dar certo agora fazendo a mesma coisa errada?\u201d, questionou. Segundo ele, o presidente sabe disso e tem dado apoio a essa estrat\u00e9gia e n\u00e3o \u00e0 da zona sombria dos \u201cconselheiros que querem furar o teto\u201d.<\/p>\n<p class=\"texto\" style=\"text-align: justify;\">Maia refor\u00e7ou as declara\u00e7\u00f5es de Guedes em defesa do teto e destacou que n\u00e3o haver\u00e1 \u201cjeitinho\u201d para burlar a regra constitucional e, muito menos, prorrogar o estado de calamidade para 2021, como um \u201cinstrumento para furar o teto\u201d.<\/p>\n<p class=\"texto\" style=\"text-align: justify;\">O parlamentar destacou que a conversa foi positiva no sentido de desenhar \u201cum grande acordo\u201d para acelerar as demais pautas de reformas e do pacto federativo, como forma de ajudar na redu\u00e7\u00e3o de gastos p\u00fablicos e no aumento do investimento no pa\u00eds. \u201cEntendemos que, se queremos espa\u00e7o para investimento e dar maior retorno para a sociedade, n\u00e3o podemos olhar o endividamento p\u00fablico. Furar o teto como solu\u00e7\u00e3o. Precisamos voltar a discutir, primeiro, a quest\u00e3o do teto de gastos e seus gatilhos\u201d, frisou. Ele refor\u00e7ou a necessidade da regulamenta\u00e7\u00e3o desses gatilhos, medidas previstas na EC 95, que s\u00e3o adotadas no ano seguinte ao descumprimento do limite constitucional de despesas sujeitas ao teto.<\/p>\n<h4 style=\"text-align: justify;\"><strong>Incentivos fiscais<\/strong><\/h4>\n<p style=\"text-align: justify;\">Segundo Maia, o Or\u00e7amento do governo \u201c\u00e9 enorme\u201d e ser\u00e1 poss\u00edvel encontrar espa\u00e7o para o aumento do investimento p\u00fablico sem estourar o teto de gastos em 2021, como atacar os incentivos fiscais. \u201cTemos mais de R$ 300 bilh\u00f5es de subs\u00eddios tribut\u00e1rios. \u00c9 dentro dessa realidade que temos de encontrar espa\u00e7o fiscal, ainda mais num momento em que todos est\u00e3o sabendo da heran\u00e7a que vai ficar com a pandemia\u201d, destacou ele, sem defender a cria\u00e7\u00e3o de impostos. O parlamentar ainda reconheceu que n\u00e3o h\u00e1 espa\u00e7o para prorrogar novamente o aux\u00edlio emergencial de R$ 600.<\/p>\n<p class=\"texto\" style=\"text-align: justify;\">O secret\u00e1rio de Fazenda do Estado de S\u00e3o Paulo, Henrique Meirelles \u2014 l\u00edder da equipe que criou o teto de gastos quando era ministro da Fazenda durante o governo Michel Temer\u2014, n\u00e3o v\u00ea espa\u00e7o para flexibiliza\u00e7\u00e3o da regra, apesar de o Or\u00e7amento estar com pouca margem de manobra para o ano que vem e a medida sofrer cr\u00edticas de especialistas sugerindo flexibiliza\u00e7\u00e3o da regra. \u201c\u00c9 melhor manter o teto como est\u00e1. Uma mudan\u00e7a abriria a porta para concess\u00f5es que tenderiam a ser expandidas. Press\u00f5es sempre existem. Quando aprovamos o teto, elas eram intensas\u201d, disse o ex-ministro ao Correio. \u201cA manuten\u00e7\u00e3o do teto \u00e9 essencial e deve ser defendida perante qualquer \u00f3rg\u00e3o decis\u00f3rio.\u201d<\/p>\n<p style=\"text-align: justify;\">Fonte: <a href=\"https:\/\/www.correiobraziliense.com.br\/politica\/2020\/08\/4867903-guedes-alerta-para-o-risco-de-impeachment.html\" target=\"_blank\" rel=\"noopener noreferrer\">Correio Braziliense<\/a><\/p>\n","protected":false},"excerpt":{"rendered":"<p>Titular da Economia diz que se Bolsonaro seguir recomenda\u00e7\u00e3o de ministros e furar teto de gastos ficar\u00e1 sujeito \u00e0 perda do mandato. Maia descarta &#8220;jeitinho&#8221; para burlar Constitui\u00e7\u00e3o O ministro da Economia, Paulo Guedes, e o presidente da C\u00e2mara, Rodrigo Maia (DEM-RJ), alinharam o discurso em defesa do teto de gastos e partiram para o<a class=\"moretag\" href=\"http:\/\/sindiquimicabr.com.br\/index.php\/2020\/08\/12\/teto-de-gastos-guedes-alerta-para-o-risco-de-impeachment-de-bolsonaro\/\"> [&#8230;]<\/a><\/p>\n","protected":false},"author":2,"featured_media":5338,"comment_status":"closed","ping_status":"closed","sticky":false,"template":"","format":"standard","meta":[],"categories":[2],"tags":[],"_links":{"self":[{"href":"http:\/\/sindiquimicabr.com.br\/index.php\/wp-json\/wp\/v2\/posts\/5335"}],"collection":[{"href":"http:\/\/sindiquimicabr.com.br\/index.php\/wp-json\/wp\/v2\/posts"}],"about":[{"href":"http:\/\/sindiquimicabr.com.br\/index.php\/wp-json\/wp\/v2\/types\/post"}],"author":[{"embeddable":true,"href":"http:\/\/sindiquimicabr.com.br\/index.php\/wp-json\/wp\/v2\/users\/2"}],"replies":[{"embeddable":true,"href":"http:\/\/sindiquimicabr.com.br\/index.php\/wp-json\/wp\/v2\/comments?post=5335"}],"version-history":[{"count":1,"href":"http:\/\/sindiquimicabr.com.br\/index.php\/wp-json\/wp\/v2\/posts\/5335\/revisions"}],"predecessor-version":[{"id":5349,"href":"http:\/\/sindiquimicabr.com.br\/index.php\/wp-json\/wp\/v2\/posts\/5335\/revisions\/5349"}],"wp:featuredmedia":[{"embeddable":true,"href":"http:\/\/sindiquimicabr.com.br\/index.php\/wp-json\/wp\/v2\/media\/5338"}],"wp:attachment":[{"href":"http:\/\/sindiquimicabr.com.br\/index.php\/wp-json\/wp\/v2\/media?parent=5335"}],"wp:term":[{"taxonomy":"category","embeddable":true,"href":"http:\/\/sindiquimicabr.com.br\/index.php\/wp-json\/wp\/v2\/categories?post=5335"},{"taxonomy":"post_tag","embeddable":true,"href":"http:\/\/sindiquimicabr.com.br\/index.php\/wp-json\/wp\/v2\/tags?post=5335"}],"curies":[{"name":"wp","href":"https:\/\/api.w.org\/{rel}","templated":true}]}}