{"id":5451,"date":"2020-08-19T11:11:51","date_gmt":"2020-08-19T11:11:51","guid":{"rendered":"http:\/\/sindiquimicabr.com.br\/?p=5451"},"modified":"2020-08-19T11:27:20","modified_gmt":"2020-08-19T11:27:20","slug":"maia-sobre-mais-verba-para-defesa-do-que-educacao-nao-faz-sentido","status":"publish","type":"post","link":"http:\/\/sindiquimicabr.com.br\/index.php\/2020\/08\/19\/maia-sobre-mais-verba-para-defesa-do-que-educacao-nao-faz-sentido\/","title":{"rendered":"Maia sobre mais verba para Defesa do que Educa\u00e7\u00e3o: &#8216;N\u00e3o faz sentido&#8217;"},"content":{"rendered":"<h4 class=\"news-subheadline\">A proposta de or\u00e7amento do governo prev\u00ea menos verba para Educa\u00e7\u00e3o e mais para a Defesa<\/h4>\n<p><img decoding=\"async\" class=\"img-responsive \" src=\"https:\/\/media-manager.noticiasaominuto.com.br\/1920\/naom_57865c29114cb.jpg\" alt=\"Maia sobre mais verba para Defesa do que Educa\u00e7\u00e3o: 'N\u00e3o faz sentido'\" \/><\/p>\n<p style=\"text-align: justify;\"><span class=\"news_capital_letter\">O<\/span> presidente da C\u00e2mara, Rodrigo Maia (DEM-RJ), afirmou nesta ter\u00e7a-feira, 18, que &#8220;n\u00e3o faz sentido&#8221; o presidente Jair Bolsonaro destinar mais recursos para o Minist\u00e9rio da Defesa do que para o da Educa\u00e7\u00e3o no or\u00e7amento do pr\u00f3ximo ano. O Estad\u00e3o revelou que a proposta nas m\u00e3os do ministro da Economia, Paulo Guedes, prev\u00ea um valor R$ 5,8 bilh\u00f5es a mais para a pasta dos militares. O governo tem at\u00e9 o fim do m\u00eas para envi\u00e1-la ao Congresso.<\/p>\n<p style=\"text-align: justify;\">&#8220;O governo ainda n\u00e3o encaminhou a proposta. \u00c9 claro que os recursos para Educa\u00e7\u00e3o ser\u00e3o maiores que os recursos para Defesa. Isso \u00e9 \u00f3bvio. N\u00e3o tenho d\u00favida. Imagina se o presidente da Rep\u00fablica vai assinar uma proposta em que os recursos da Defesa sejam maiores que os recursos da Educa\u00e7\u00e3o. N\u00e3o faz nenhum sentido. Nem do ponto de vista pol\u00edtico. Para mim, n\u00e3o faz sentido&#8221;, disse Maia.<\/p>\n<p style=\"text-align: justify;\">Caso a proposta que est\u00e1 na Economia seja confirmada, ser\u00e1 a primeira vez em dez anos que o Minist\u00e9rio da Defesa ter\u00e1 um valor superior ao da pasta da Educa\u00e7\u00e3o. &#8220;Eu n\u00e3o quero ficar discutindo especula\u00e7\u00e3o. Eu acredito que o presidente da Rep\u00fablica, por \u00f3bvio, n\u00e3o vai encaminhar uma proposta onde voc\u00ea tem mais recursos para Defesa e menos recursos para Educa\u00e7\u00e3o. \u00c9 minha opini\u00e3o. Vou esperar a proposta do governo para que a gente discuta baseado em dados, n\u00e3o em especula\u00e7\u00f5es que \u00e0s vezes a gente fica discutindo o que n\u00e3o existe, o que n\u00e3o vai existir&#8221;, afirmou.<\/p>\n<p style=\"text-align: justify;\">Em nota divulgada ap\u00f3s a publica\u00e7\u00e3o da reportagem, o Minist\u00e9rio da Defesa afirmou que &#8220;n\u00e3o h\u00e1 qualquer indica\u00e7\u00e3o&#8221; de que seu or\u00e7amento ser\u00e1 maior do que o da Educa\u00e7\u00e3o em 2021. Os dados, por\u00e9m, constam em documentos enviados pelo Minist\u00e9rio da Economia ao ministro Fernando Azevedo.<\/p>\n<p style=\"text-align: justify;\">Of\u00edcios obtidos pelo <strong>Estad\u00e3o<\/strong> mostram que a equipe do ministro Paulo Guedes informa a previs\u00e3o de R$ 107,9 bilh\u00f5es para a Defesa no dia 23 de julho (conforme documento abaixo). Na semana passada, ap\u00f3s pedido de mais verba pelo minist\u00e9rio, a Junta de Execu\u00e7\u00e3o Or\u00e7ament\u00e1ria (JEO) &#8211; composta por Guedes, o ministro da Casa Civil, Walter Braga Netto, e t\u00e9cnicos do governo &#8211; aceitou acrescentar R$ 768,3 milh\u00f5es. O valor total previsto para o ano que vem, portanto, \u00e9 de R$ 108,74 bilh\u00f5es.<\/p>\n<p style=\"text-align: justify;\">Enquanto isso, a previs\u00e3o informada ao MEC na mesma data foi de R$ 101,9 bilh\u00f5es. Na reuni\u00e3o que liberou mais recursos para a Defesa, a Junta de Execu\u00e7\u00e3o Or\u00e7ament\u00e1ria tamb\u00e9m autorizou um acr\u00e9scimo de R$ 896,5 milh\u00f5es para a pasta comandada por Milton Ribeiro &#8211; elevando a previs\u00e3o de or\u00e7amento da pasta para R$ 102,9 bilh\u00f5es.<\/p>\n<p style=\"text-align: justify;\">Os documentos fazem parte da discuss\u00e3o interna do governo para elaborar o Projeto Or\u00e7ament\u00e1rio Anual (PLOA) de 2021, que deve ser enviado ao Congresso at\u00e9 o dia 31 de agosto.<\/p>\n<p>Fonte: <a href=\"https:\/\/www.noticiasaominuto.com.br\/economia\/1607614\/maia-sobre-mais-verba-para-defesa-do-que-educacao-nao-faz-sentido\">Noticias ao Minuto<\/a><\/p>\n","protected":false},"excerpt":{"rendered":"<p>A proposta de or\u00e7amento do governo prev\u00ea menos verba para Educa\u00e7\u00e3o e mais para a Defesa O presidente da C\u00e2mara, Rodrigo Maia (DEM-RJ), afirmou nesta ter\u00e7a-feira, 18, que &#8220;n\u00e3o faz sentido&#8221; o presidente Jair Bolsonaro destinar mais recursos para o Minist\u00e9rio da Defesa do que para o da Educa\u00e7\u00e3o no or\u00e7amento do pr\u00f3ximo ano. O<a class=\"moretag\" href=\"http:\/\/sindiquimicabr.com.br\/index.php\/2020\/08\/19\/maia-sobre-mais-verba-para-defesa-do-que-educacao-nao-faz-sentido\/\"> [&#8230;]<\/a><\/p>\n","protected":false},"author":2,"featured_media":5453,"comment_status":"closed","ping_status":"closed","sticky":false,"template":"","format":"standard","meta":[],"categories":[10],"tags":[],"_links":{"self":[{"href":"http:\/\/sindiquimicabr.com.br\/index.php\/wp-json\/wp\/v2\/posts\/5451"}],"collection":[{"href":"http:\/\/sindiquimicabr.com.br\/index.php\/wp-json\/wp\/v2\/posts"}],"about":[{"href":"http:\/\/sindiquimicabr.com.br\/index.php\/wp-json\/wp\/v2\/types\/post"}],"author":[{"embeddable":true,"href":"http:\/\/sindiquimicabr.com.br\/index.php\/wp-json\/wp\/v2\/users\/2"}],"replies":[{"embeddable":true,"href":"http:\/\/sindiquimicabr.com.br\/index.php\/wp-json\/wp\/v2\/comments?post=5451"}],"version-history":[{"count":1,"href":"http:\/\/sindiquimicabr.com.br\/index.php\/wp-json\/wp\/v2\/posts\/5451\/revisions"}],"predecessor-version":[{"id":5454,"href":"http:\/\/sindiquimicabr.com.br\/index.php\/wp-json\/wp\/v2\/posts\/5451\/revisions\/5454"}],"wp:featuredmedia":[{"embeddable":true,"href":"http:\/\/sindiquimicabr.com.br\/index.php\/wp-json\/wp\/v2\/media\/5453"}],"wp:attachment":[{"href":"http:\/\/sindiquimicabr.com.br\/index.php\/wp-json\/wp\/v2\/media?parent=5451"}],"wp:term":[{"taxonomy":"category","embeddable":true,"href":"http:\/\/sindiquimicabr.com.br\/index.php\/wp-json\/wp\/v2\/categories?post=5451"},{"taxonomy":"post_tag","embeddable":true,"href":"http:\/\/sindiquimicabr.com.br\/index.php\/wp-json\/wp\/v2\/tags?post=5451"}],"curies":[{"name":"wp","href":"https:\/\/api.w.org\/{rel}","templated":true}]}}