{"id":5813,"date":"2020-09-11T11:29:43","date_gmt":"2020-09-11T11:29:43","guid":{"rendered":"http:\/\/sindiquimicabr.com.br\/?p=5813"},"modified":"2020-09-11T11:30:26","modified_gmt":"2020-09-11T11:30:26","slug":"brasil-contabiliza-media-movel-diaria-de-692-mortes-por-covid-19","status":"publish","type":"post","link":"http:\/\/sindiquimicabr.com.br\/index.php\/2020\/09\/11\/brasil-contabiliza-media-movel-diaria-de-692-mortes-por-covid-19\/","title":{"rendered":"Brasil contabiliza m\u00e9dia m\u00f3vel di\u00e1ria de 692 mortes por covid-19"},"content":{"rendered":"<h4 class=\"news-subheadline\">O Pa\u00eds contabilizou nas \u00faltimas 24 horas 40.431 novos casos e 922 mortes<\/h4>\n<p><img decoding=\"async\" class=\"img-responsive  alignleft\" src=\"https:\/\/media-manager.noticiasaominuto.com.br\/1920\/naom_5f1f6086f3db7.jpg\" alt=\"Brasil contabiliza m\u00e9dia m\u00f3vel di\u00e1ria de 692 mortes por covid-19\"><\/p>\n<p style=\"text-align: justify;\"><span class=\"news_capital_letter\">O<\/span> Brasil registrou nesta quinta-feira, 10, uma m\u00e9dia m\u00f3vel di\u00e1ria de 692 \u00f3bitos causados pela covid-19, um leve aumento em rela\u00e7\u00e3o ao dia anterior. A m\u00e9dia m\u00f3vel registra as oscila\u00e7\u00f5es dos \u00faltimos sete dias e elimina distor\u00e7\u00f5es entre um n\u00famero alto de meio de semana e baixo de fim de semana.<\/p>\n<p style=\"text-align: justify;\">Segundo o cons\u00f3rcio dos ve\u00edculos de imprensa, formado por Estad\u00e3o, G1, O Globo, Extra, Folha e UOL, o Pa\u00eds contabilizou nas \u00faltimas 24 horas 40.431 novos casos e 922 mortes. O levantamento do cons\u00f3rcio \u00e9 feito em conjunto com as secretarias estaduais de Sa\u00fade.<\/p>\n<p style=\"text-align: justify;\">No total s\u00e3o 4.239.763 brasileiros contaminados pela doen\u00e7a e 129.575 mortes. De acordo com balan\u00e7o mais recente do Minist\u00e9rio da Sa\u00fade, desta quinta \u00e0s 17h30, 3.497.337 pessoas est\u00e3o recuperadas do coronav\u00edrus e outras 611.587 seguem em acompanhamento.<\/p>\n<p style=\"text-align: justify;\">O Estado de S\u00e3o Paulo, o mais atingido pela covid-19 no Pa\u00eds, registrou um total de 874.754 infec\u00e7\u00f5es diagnosticadas e 32.104 mortes desde o come\u00e7o da pandemia. J\u00e1 o Rio de Janeiro teve mais 101 \u00f3bitos e 940 casos confirmados nas \u00faltimas 24 horas. No total, o Estado soma 234.813 infectados e 16.871 pessoas que morreram em fun\u00e7\u00e3o do coronav\u00edrus. Conforme a secretaria de Sa\u00fade carioca, 213.962 pacientes se curaram.<\/p>\n<p style=\"text-align: justify;\">Em n\u00famero de contaminados, o Brasil \u00e9 o terceiro pa\u00eds mais afetado pela pandemia, atr\u00e1s apenas dos Estados Unidos e \u00cdndia, que ocupam a primeira e segunda posi\u00e7\u00e3o, respectivamente. Por\u00e9m, em rela\u00e7\u00e3o ao total de \u00f3bitos, o Pa\u00eds continua em segundo lugar.<\/p>\n<p style=\"text-align: justify;\"><strong>Parceria<\/strong><\/p>\n<p style=\"text-align: justify;\">O balan\u00e7o de \u00f3bitos e casos \u00e9 resultado da parceria entre os seis meios de comunica\u00e7\u00e3o que passaram a trabalhar, desde o dia 8 de junho, de forma colaborativa para reunir as informa\u00e7\u00f5es necess\u00e1rias nos 26 estados e no Distrito Federal. De forma in\u00e9dita, a iniciativa foi uma resposta \u00e0 decis\u00e3o do governo Bolsonaro de restringir o acesso a dados sobre a pandemia e se manteve mesmo ap\u00f3s a manuten\u00e7\u00e3o dos registros governamentais.<\/p>\n<p style=\"text-align: justify;\">Segundo o Minist\u00e9rio da Sa\u00fade, 40.557 casos de infec\u00e7\u00e3o pela covid-19 foram registrados nas \u00faltimas 24 horas, al\u00e9m de 983 \u00f3bitos. Ao todo, 4.238.446 pessoas j\u00e1 foram infectadas e 129.522 faleceram por conta da doen\u00e7a. Os n\u00fameros diferem dos compilados pelo cons\u00f3rcio de ve\u00edculos de imprensa principalmente por causa do hor\u00e1rio de coleta dos dados.<\/p>\n<p>&nbsp;<\/p>\n<p>Fonte: <a href=\"https:\/\/www.noticiasaominuto.com.br\/brasil\/1646984\/brasil-contabiliza-media-movel-diaria-de-692-mortes-por-covid-19\">Noticias ao Minuto<\/a><\/p>\n","protected":false},"excerpt":{"rendered":"<p>O Pa\u00eds contabilizou nas \u00faltimas 24 horas 40.431 novos casos e 922 mortes O Brasil registrou nesta quinta-feira, 10, uma m\u00e9dia m\u00f3vel di\u00e1ria de 692 \u00f3bitos causados pela covid-19, um leve aumento em rela\u00e7\u00e3o ao dia anterior. A m\u00e9dia m\u00f3vel registra as oscila\u00e7\u00f5es dos \u00faltimos sete dias e elimina distor\u00e7\u00f5es entre um n\u00famero alto de<a class=\"moretag\" href=\"http:\/\/sindiquimicabr.com.br\/index.php\/2020\/09\/11\/brasil-contabiliza-media-movel-diaria-de-692-mortes-por-covid-19\/\"> [&#8230;]<\/a><\/p>\n","protected":false},"author":2,"featured_media":5814,"comment_status":"closed","ping_status":"closed","sticky":false,"template":"","format":"standard","meta":[],"categories":[9],"tags":[],"_links":{"self":[{"href":"http:\/\/sindiquimicabr.com.br\/index.php\/wp-json\/wp\/v2\/posts\/5813"}],"collection":[{"href":"http:\/\/sindiquimicabr.com.br\/index.php\/wp-json\/wp\/v2\/posts"}],"about":[{"href":"http:\/\/sindiquimicabr.com.br\/index.php\/wp-json\/wp\/v2\/types\/post"}],"author":[{"embeddable":true,"href":"http:\/\/sindiquimicabr.com.br\/index.php\/wp-json\/wp\/v2\/users\/2"}],"replies":[{"embeddable":true,"href":"http:\/\/sindiquimicabr.com.br\/index.php\/wp-json\/wp\/v2\/comments?post=5813"}],"version-history":[{"count":1,"href":"http:\/\/sindiquimicabr.com.br\/index.php\/wp-json\/wp\/v2\/posts\/5813\/revisions"}],"predecessor-version":[{"id":5815,"href":"http:\/\/sindiquimicabr.com.br\/index.php\/wp-json\/wp\/v2\/posts\/5813\/revisions\/5815"}],"wp:featuredmedia":[{"embeddable":true,"href":"http:\/\/sindiquimicabr.com.br\/index.php\/wp-json\/wp\/v2\/media\/5814"}],"wp:attachment":[{"href":"http:\/\/sindiquimicabr.com.br\/index.php\/wp-json\/wp\/v2\/media?parent=5813"}],"wp:term":[{"taxonomy":"category","embeddable":true,"href":"http:\/\/sindiquimicabr.com.br\/index.php\/wp-json\/wp\/v2\/categories?post=5813"},{"taxonomy":"post_tag","embeddable":true,"href":"http:\/\/sindiquimicabr.com.br\/index.php\/wp-json\/wp\/v2\/tags?post=5813"}],"curies":[{"name":"wp","href":"https:\/\/api.w.org\/{rel}","templated":true}]}}