{"id":6046,"date":"2020-09-25T11:27:15","date_gmt":"2020-09-25T11:27:15","guid":{"rendered":"http:\/\/sindiquimicabr.com.br\/?p=6046"},"modified":"2020-09-25T11:30:28","modified_gmt":"2020-09-25T11:30:28","slug":"rio-vive-cenario-peculiar-em-2020-com-witzel-afastado-e-crivella-inelegivel","status":"publish","type":"post","link":"http:\/\/sindiquimicabr.com.br\/index.php\/2020\/09\/25\/rio-vive-cenario-peculiar-em-2020-com-witzel-afastado-e-crivella-inelegivel\/","title":{"rendered":"Rio vive cen\u00e1rio peculiar em 2020 com Witzel afastado e Crivella ineleg\u00edvel"},"content":{"rendered":"<h4 style=\"text-align: justify;\">Com um governador afastado e um prefeito ineleg\u00edvel at\u00e9 2026, o Rio de Janeiro se encontra em situa\u00e7\u00e3o pol\u00edtica peculiar. Em visita ao estado onde fez carreira como parlamentar, presidente Bolsonaro sinaliza que pretende aumentar influ\u00eancia no col\u00e9gio eleitoral<\/h4>\n<p style=\"text-align: justify;\"><a href=\"http:\/\/sindiquimicabr.com.br\/wp\/wp-content\/uploads\/2020\/09\/rio-vive-cenario.png\"><img decoding=\"async\" loading=\"lazy\" class=\"alignleft size-full wp-image-6049\" src=\"http:\/\/sindiquimicabr.com.br\/wp\/wp-content\/uploads\/2020\/09\/rio-vive-cenario.png\" alt=\"\" data-wp-editing=\"1\" width=\"673\" height=\"447\" srcset=\"http:\/\/sindiquimicabr.com.br\/wp\/wp-content\/uploads\/2020\/09\/rio-vive-cenario.png 673w, http:\/\/sindiquimicabr.com.br\/wp\/wp-content\/uploads\/2020\/09\/rio-vive-cenario-300x199.png 300w, http:\/\/sindiquimicabr.com.br\/wp\/wp-content\/uploads\/2020\/09\/rio-vive-cenario-272x182.png 272w\" sizes=\"(max-width: 673px) 100vw, 673px\" \/><\/a><\/p>\n<p class=\"texto\" style=\"text-align: justify;\">Um dos col\u00e9gios eleitorais mais importantes do pa\u00eds, o Rio de Janeiro vive uma situa\u00e7\u00e3o peculiar: est\u00e1 com <a href=\"https:\/\/www.correiobraziliense.com.br\/politica\/2020\/09\/4877348-witzel-deve-sofrer-mais-uma-derrota-em-processo-de-impeachment.html\" target=\"_blank\" rel=\"noopener noreferrer\">um governador afastado \u00e0 beira do impeachment<\/a> e o <a href=\"https:\/\/www.correiobraziliense.com.br\/politica\/2020\/09\/4877641-tre-torna-crivella-inelegivel-ate-2026-por-abuso-de-poder-politico.html\" target=\"_blank\" rel=\"noopener noreferrer\">prefeito da capital estadual ineleg\u00edvel at\u00e9 2026<\/a>. Mais do que uma situa\u00e7\u00e3o local, o futuro pol\u00edtico dos dois representantes do Executivo fluminense \u00e9 de grande interesse do Pal\u00e1cio do Planalto. Pol\u00edtico com longa carreira no Rio de Janeiro at\u00e9 se tornar presidente da Rep\u00fablica, Jair Bolsonaro dedica especial aten\u00e7\u00e3o em eliminar a trajet\u00f3ria do desafeto Witzel e aumenta a influ\u00eancia pol\u00edtica do cl\u00e3 no estado.<\/p>\n<p class=\"texto\" style=\"text-align: justify;\">Em junho, a Assembleia Legislativa do Rio de Janeiro (Alerj) aceitou, por unanimidade, o processo de impeachment contra o governador afastado Wilson Witzel (PSC). Mais de tr\u00eas meses depois, com o pol\u00edtico j\u00e1 afastado do cargo pelo Superior Tribunal de Justi\u00e7a (STJ) e mais informa\u00e7\u00f5es relativas ao suposto envolvimento dele em esquema na Sa\u00fade, os deputados estaduais repetiram o placar: 69 a 0. Em situa\u00e7\u00e3o bem diferente, o prefeito Marcelo Crivella (Republicanos), acossado por den\u00fancias de corrup\u00e7\u00e3o, conseguiu barrar dois pedidos de impeachment em um per\u00edodo de 15 dias. \u00c9 na Justi\u00e7a que o prefeito do Rio enfrenta s\u00e9rios obst\u00e1culos para o seu projeto pol\u00edtico.<\/p>\n<p class=\"texto\" style=\"text-align: justify;\">Analistas ouvidos pelo Correio apontam as diferen\u00e7as entre Crivella e Witzel. O primeiro foi senador por duas vezes, tem uma base s\u00f3lida entre evang\u00e9licos, ocupa a prefeitura h\u00e1 quase quatro anos e construiu uma base pol\u00edtica na C\u00e2mara dos Vereadores. Witzel, por outro lado, entrou para o governo quando ningu\u00e9m imaginava que pudesse ser eleito. Ex-magistrado e sem hist\u00f3rico na pol\u00edtica, conquistou o eleitorado com um discurso moralizador e venceu o veterano Eduardo Paes.<\/p>\n<p class=\"texto\" style=\"text-align: justify;\">Analista pol\u00edtico do portal Intelig\u00eancia Pol\u00edtica, Melillo Dinis desconhece o afastamento de um chefe do Executivo de forma t\u00e3o inequ\u00edvoca como a de Witzel. Para ele, o gesto da Assembleia Legislativa mostra que o governador afastado n\u00e3o teve nenhum tipo de rela\u00e7\u00e3o com parlamentares, nem mesmo com aqueles que se elegeram com ele. O ex-magistrado n\u00e3o possui, tampouco, um eleitorado fiel. Witzel, segundo Dinis, beneficiou-se da rejei\u00e7\u00e3o dos eleitores aos pol\u00edticos do \u201csistema\u201d \u2014 ou seja, aqueles que rejeitaram os outros candidatos e viram em Witzel uma possibilidade. \u201cNingu\u00e9m sabia quem ele era\u201d, comenta.<\/p>\n<p class=\"texto\" style=\"text-align: justify;\">Quase dois anos depois, os ventos favor\u00e1veis a Witzel acabaram. Na \u00faltima quarta-feira, o clima entre os deputados estaduais foi de unanimidade para dar prosseguimento ao processo de impeachment. Independentemente do que o acusado falasse em sua defesa, o entendimento era de que n\u00e3o havia clima pol\u00edtico para livrar o governador. At\u00e9 amigos pessoais de Witzel, como Bruno Dauaire (PSC) \u2014 que chegou a ser escolhido como l\u00edder do governo em julho, mas n\u00e3o assumiu \u2014, e Rodrigo Amorim (PSL), votaram contra ele. A aus\u00eancia de uma base fiel foi comentada pelos parlamentares. Chic\u00e3o Bulh\u00f5es (Novo) disse que o governador n\u00e3o se relacionou com a Alerj e \u201cnem sequer governou o estado do Rio\u201d.<\/p>\n<p class=\"texto\" style=\"text-align: justify;\">Apesar de pontuar tamb\u00e9m que a grande diferen\u00e7a entre Witzel e Crivella est\u00e1 na base pol\u00edtica nas Casas Legislativas, o cientista pol\u00edtico e professor da Pontif\u00edcia Universidade Cat\u00f3lica do Rio de Janeiro (PUC-RJ) Ricardo Ismael pondera que \u00e9 preciso diferenciar os casos de ambos. Enquanto as den\u00fancias contra Witzel s\u00e3o mais robustas, com afastamento no STJ, o de Crivella, relativa \u00e0 suspeita de \u201cQG\u201d de propina na prefeitura, por exemplo, teve at\u00e9 o momento uma busca e apreens\u00e3o contra o gestor municipal. \u201cIsso diferencia o caso do Witzel\u201d, afirma. Em rela\u00e7\u00e3o \u00e0 den\u00fancia dos \u201cGuardi\u00f5es do Crivella\u201d (servidores da prefeitura que iam a portas de unidades de sa\u00fade atrapalhar reportagens que denunciavam problemas), ele diz que apesar de grave, \u00e9 bem diferente do que \u00e9 imputado a Witzel.<\/p>\n<p class=\"texto\" style=\"text-align: justify;\">Blindado na C\u00e2mara, Crivella agora sofre no Tribunal Regional Eleitoral (TRE), que terminou, ontem, julgamento que decidiu por unanimidade, por 7 votos a 0, declar\u00e1-lo ineleg\u00edvel at\u00e9 2026 por abuso de poder pol\u00edtico e conduta vedada a agente p\u00fablico. Conforme decis\u00e3o, o juiz eleitoral respons\u00e1vel pelo registro das candidaturas precisa ser informado de forma imediata.<\/p>\n<p class=\"texto\" style=\"text-align: justify;\">Em nota, a defesa do prefeito, que j\u00e1 se lan\u00e7ou candidato \u00e0 reelei\u00e7\u00e3o, informou que estuda um pedido de anula\u00e7\u00e3o da vota\u00e7\u00e3o. A defesa ressaltou que o prefeito n\u00e3o est\u00e1 impedido de disputar as elei\u00e7\u00f5es e que vai recorrer \u00e0 reelei\u00e7\u00e3o. Especialista em direito eleitoral e membro da Academia Brasileira de Direito Eleitoral e Pol\u00edtico (Abradep), Luiz Eduardo Peccinin afirmou que, se houver recurso junto ao Tribunal Superior Eleitoral (TSE), Crivella deve, de fato, conseguir disputar as elei\u00e7\u00f5es. No entanto, caso seja eleito, ele precisar\u00e1 de uma liminar derrubando a decis\u00e3o do TRE ou a inelegibilidade para tomar posse.<\/p>\n<div class=\"materia-title\" style=\"text-align: justify;\">\n<h4>&#8220;Essa pol\u00edtica ser\u00e1 deixada para tr\u00e1s&#8221;<\/h4>\n<\/div>\n<p class=\"texto\" style=\"text-align: justify;\">Ap\u00f3s a proeminente queda de Wilson Witzel no cen\u00e1rio pol\u00edtico fluminense,<a href=\"https:\/\/blogs.correiobraziliense.com.br\/vicente\/bolsonaro-e-filhos-comemoraram-derrocada-de-witzel-ja-vai-tarde\/\" target=\"_blank\" rel=\"noopener noreferrer\"> o presidente Jair Bolsonaro vem acenando para o governador em exerc\u00edcio<\/a>, Cl\u00e1udio Castro. Na tarde de ontem, ambos participaram da inaugura\u00e7\u00e3o de estruturas e entregas de equipamentos \u00e0 Superintend\u00eancia da Pol\u00edcia Rodovi\u00e1ria Federal na capital.<\/p>\n<p class=\"texto\" style=\"text-align: justify;\">Durante o discurso, sem citar diretamente o governador Witzel, afastado em raz\u00e3o de um processo de impeachment, Bolsonaro disse que buscar\u00e1, em conjunto com a Assembleia do estado, uma maneira de tirar o Rio de Janeiro da dif\u00edcil situa\u00e7\u00e3o em que se encontra e deixar certos personagens de pol\u00edtica \u201cpara tr\u00e1s\u201d.<\/p>\n<p class=\"texto\" style=\"text-align: justify;\">\u201cObrigado a quem votou em mim e para quem n\u00e3o votou tamb\u00e9m, n\u00e3o tem problema. Juntamente com a Assembleia Legislativa e o nosso jovem governador (Cl\u00e1udio Castro), vamos buscar uma maneira de tirar o Rio de Janeiro da situa\u00e7\u00e3o dif\u00edcil que se encontra. N\u00f3s somos o estado maravilhoso e, se Deus quiser, essa pol\u00edtica ser\u00e1 deixada para tr\u00e1s\u201d, declarou, voltando a apostar em uma \u201cnova pol\u00edtica\u201d.<\/p>\n<p class=\"texto\" style=\"text-align: justify;\">M\u00eas passado, quando Witzel foi afastado, o presidente ironizou a situa\u00e7\u00e3o do opositor pol\u00edtico. \u201cO Rio est\u00e1 pegando&#8230; Est\u00e1 pegando hoje, hein?\u201d. No in\u00edcio das investiga\u00e7\u00f5es em junho, Bolsonaro j\u00e1 havia afirmado que n\u00e3o iria conversar com o governador por \u201csaber onde ele dever\u00e1 estar brevemente\u201d, insinuando que o ocupante do Pal\u00e1cio Guanabara seria preso em breve.<\/p>\n<p style=\"text-align: justify;\">Fonte: <a href=\"https:\/\/www.correiobraziliense.com.br\/politica\/2020\/09\/4877815-destinos-cruzados-de-witzel-e-crivella.html\" target=\"_blank\" rel=\"noopener noreferrer\">Correio Braziliense<\/a><\/p>\n","protected":false},"excerpt":{"rendered":"<p>Com um governador afastado e um prefeito ineleg\u00edvel at\u00e9 2026, o Rio de Janeiro se encontra em situa\u00e7\u00e3o pol\u00edtica peculiar. Em visita ao estado onde fez carreira como parlamentar, presidente Bolsonaro sinaliza que pretende aumentar influ\u00eancia no col\u00e9gio eleitoral Um dos col\u00e9gios eleitorais mais importantes do pa\u00eds, o Rio de Janeiro vive uma situa\u00e7\u00e3o peculiar:<a class=\"moretag\" href=\"http:\/\/sindiquimicabr.com.br\/index.php\/2020\/09\/25\/rio-vive-cenario-peculiar-em-2020-com-witzel-afastado-e-crivella-inelegivel\/\"> [&#8230;]<\/a><\/p>\n","protected":false},"author":2,"featured_media":6049,"comment_status":"closed","ping_status":"closed","sticky":false,"template":"","format":"standard","meta":[],"categories":[10],"tags":[],"_links":{"self":[{"href":"http:\/\/sindiquimicabr.com.br\/index.php\/wp-json\/wp\/v2\/posts\/6046"}],"collection":[{"href":"http:\/\/sindiquimicabr.com.br\/index.php\/wp-json\/wp\/v2\/posts"}],"about":[{"href":"http:\/\/sindiquimicabr.com.br\/index.php\/wp-json\/wp\/v2\/types\/post"}],"author":[{"embeddable":true,"href":"http:\/\/sindiquimicabr.com.br\/index.php\/wp-json\/wp\/v2\/users\/2"}],"replies":[{"embeddable":true,"href":"http:\/\/sindiquimicabr.com.br\/index.php\/wp-json\/wp\/v2\/comments?post=6046"}],"version-history":[{"count":1,"href":"http:\/\/sindiquimicabr.com.br\/index.php\/wp-json\/wp\/v2\/posts\/6046\/revisions"}],"predecessor-version":[{"id":6052,"href":"http:\/\/sindiquimicabr.com.br\/index.php\/wp-json\/wp\/v2\/posts\/6046\/revisions\/6052"}],"wp:featuredmedia":[{"embeddable":true,"href":"http:\/\/sindiquimicabr.com.br\/index.php\/wp-json\/wp\/v2\/media\/6049"}],"wp:attachment":[{"href":"http:\/\/sindiquimicabr.com.br\/index.php\/wp-json\/wp\/v2\/media?parent=6046"}],"wp:term":[{"taxonomy":"category","embeddable":true,"href":"http:\/\/sindiquimicabr.com.br\/index.php\/wp-json\/wp\/v2\/categories?post=6046"},{"taxonomy":"post_tag","embeddable":true,"href":"http:\/\/sindiquimicabr.com.br\/index.php\/wp-json\/wp\/v2\/tags?post=6046"}],"curies":[{"name":"wp","href":"https:\/\/api.w.org\/{rel}","templated":true}]}}