{"id":6100,"date":"2020-09-29T11:46:01","date_gmt":"2020-09-29T11:46:01","guid":{"rendered":"http:\/\/sindiquimicabr.com.br\/?p=6100"},"modified":"2020-09-29T11:47:31","modified_gmt":"2020-09-29T11:47:31","slug":"alcolumbre-ganha-apoio-de-lider-do-pt-para-se-reeleger-chefe-do-senado","status":"publish","type":"post","link":"http:\/\/sindiquimicabr.com.br\/index.php\/2020\/09\/29\/alcolumbre-ganha-apoio-de-lider-do-pt-para-se-reeleger-chefe-do-senado\/","title":{"rendered":"Alcolumbre ganha apoio de l\u00edder do PT para se reeleger chefe do Senado"},"content":{"rendered":"<h4 class=\"news-subheadline\" style=\"text-align: justify;\">Com a realiza\u00e7\u00e3o de sess\u00f5es semipresenciais, Alcolumbre aproveitou para visitar gabinetes e ganhou apoios at\u00e9 pouco tempo considerados improv\u00e1veis<\/h4>\n<p style=\"text-align: justify;\"><a href=\"http:\/\/sindiquimicabr.com.br\/wp\/wp-content\/uploads\/2020\/09\/Alcolumbre-ganha-apoio-de-l\u00edder-do-PT-para-se-reeleger-chefe-do-Senado.jpg\"><img decoding=\"async\" loading=\"lazy\" class=\"alignleft size-full wp-image-6103\" src=\"http:\/\/sindiquimicabr.com.br\/wp\/wp-content\/uploads\/2020\/09\/Alcolumbre-ganha-apoio-de-l\u00edder-do-PT-para-se-reeleger-chefe-do-Senado.jpg\" alt=\"\" width=\"1920\" height=\"1080\" srcset=\"http:\/\/sindiquimicabr.com.br\/wp\/wp-content\/uploads\/2020\/09\/Alcolumbre-ganha-apoio-de-l\u00edder-do-PT-para-se-reeleger-chefe-do-Senado.jpg 1920w, http:\/\/sindiquimicabr.com.br\/wp\/wp-content\/uploads\/2020\/09\/Alcolumbre-ganha-apoio-de-l\u00edder-do-PT-para-se-reeleger-chefe-do-Senado-300x169.jpg 300w, http:\/\/sindiquimicabr.com.br\/wp\/wp-content\/uploads\/2020\/09\/Alcolumbre-ganha-apoio-de-l\u00edder-do-PT-para-se-reeleger-chefe-do-Senado-1024x576.jpg 1024w, http:\/\/sindiquimicabr.com.br\/wp\/wp-content\/uploads\/2020\/09\/Alcolumbre-ganha-apoio-de-l\u00edder-do-PT-para-se-reeleger-chefe-do-Senado-768x432.jpg 768w, http:\/\/sindiquimicabr.com.br\/wp\/wp-content\/uploads\/2020\/09\/Alcolumbre-ganha-apoio-de-l\u00edder-do-PT-para-se-reeleger-chefe-do-Senado-1536x864.jpg 1536w\" sizes=\"(max-width: 1920px) 100vw, 1920px\" \/><\/a><\/p>\n<p style=\"text-align: justify;\"><span class=\"news_capital_letter\">B<\/span>RAS\u00cdLIA, DF (FOLHAPRESS) &#8211; As costuras para que o presidente do Senado, Davi Alcolumbre (DEM-AP), concorra \u00e0 reelei\u00e7\u00e3o ganharam for\u00e7a na Casa.Com a realiza\u00e7\u00e3o de sess\u00f5es semipresenciais, Alcolumbre aproveitou para visitar gabinetes e ganhou apoios at\u00e9 pouco tempo considerados improv\u00e1veis, como o do l\u00edder do PT no Senado, Rog\u00e9rio Carvalho (SE).<\/p>\n<p style=\"text-align: justify;\">&#8220;Se eu puder e tiver a oportunidade de dar um voto a Vossa Excel\u00eancia que eu n\u00e3o dei, darei com muito gosto. Sabe por qu\u00ea? Porque eu acredito \u00e9 na boa pol\u00edtica e n\u00e3o na nova pol\u00edtica fascista que quer dominar o Brasil&#8221;, afirmou o petista em plen\u00e1rio, na quarta-feira passada (23).<\/p>\n<p style=\"text-align: justify;\">No mesmo dia, Carvalho anunciou aos colegas que iria presidir, na sexta-feira (25), a sess\u00e3o de debates da Casa. Sentado na cadeira de presidente do Senado, reiterou a defesa de Alcolumbre:\u00a0&#8220;Refor\u00e7o a nossa admira\u00e7\u00e3o ao presidente Davi Alcolumbre por conduzir com tanta compet\u00eancia os trabalhos da Casa&#8221;, disse o petista.<\/p>\n<p style=\"text-align: justify;\">Nos \u00faltimos meses, Alcolumbre tenta se firmar como a op\u00e7\u00e3o de Jair Bolsonaro para ficar mais dois anos \u00e0 frente do Senado \u2013seu mandato vence em janeiro. Tem falado constantemente com ministros do Supremo Tribunal Federal, ex-presidentes da corte e ex-presidentes da Rep\u00fablica.A campanha com senadores tem sido t\u00e3o intensa que resultou at\u00e9 no apoio da senadora K\u00e1tia Abreu (PP-TO), que foi cr\u00edtica de Alcolumbre na elei\u00e7\u00e3o passada.<\/p>\n<p style=\"text-align: justify;\">K\u00e1tia protagonizou embate com ele no dia de sua elei\u00e7\u00e3o, em fevereiro de 2019. Ela, que apoiava Renan Calheiros (MDB-AL), se levantou, ocupou a Mesa Diretora e, aos berros, questionou Alcolumbre. &#8220;O senhor \u00e9 candidato, n\u00e3o pode presidir a sess\u00e3o!&#8221;, exclamou, antes de arrancar uma pasta de suas m\u00e3os.<\/p>\n<p style=\"text-align: justify;\">Para a elei\u00e7\u00e3o de fevereiro de 2021, j\u00e1 com voto declarado, K\u00e1tia brinca: &#8220;Eu n\u00e3o vou tomar pasta nenhuma desta vez. Eu vou dar \u00e9 um arquivo cheio de pasta para ele. Meu voto \u00e9 do Alcolumbre&#8221;.A Constitui\u00e7\u00e3o veda reelei\u00e7\u00f5es na mesma legislatura, como \u00e9 o caso agora, mas o presidente do Senado e seus aliados tentam emplacar no STF outra interpreta\u00e7\u00e3o, al\u00e9m de n\u00e3o descartarem a sa\u00edda mais dif\u00edcil de tentar aprovar uma emenda constitucional.<\/p>\n<p style=\"text-align: justify;\">No Senado, a PEC (proposta de emenda \u00e0 Constitui\u00e7\u00e3o) que pode permitir a reelei\u00e7\u00e3o recebeu apoio tamb\u00e9m de Fabiano Contarato (Rede-ES).A assinatura do senador no projeto gerou desconforto entre ele e o l\u00edder do partido na Casa, Randolfe Rodrigues (AP). Ap\u00f3s conversas, Randolfe afirmou que as arestas foram aparadas.&#8221;<\/p>\n<p style=\"text-align: justify;\">Ele [Contarato] disse que assinou a PEC sem compromisso de votar. Ele defende o direito de reelei\u00e7\u00e3o s\u00f3 por PEC. A nossa defesa, da Rede, \u00e9 pela defesa da Constitui\u00e7\u00e3o&#8221;, afirmou.Oficialmente, Alcolumbre diz que elei\u00e7\u00e3o \u00e9 assunto para o pr\u00f3ximo ano. Mas uma manifesta\u00e7\u00e3o da Consultoria Legislativa da Casa fez o presidente mudar a postura.<\/p>\n<p style=\"text-align: justify;\">Em nota oficial, Alcolumbre desautorizou a Consultoria Legislativa a emitir manifesta\u00e7\u00f5es a respeito da possibilidade de reelei\u00e7\u00e3o \u00e0 Mesa Diretora da Casa.Foi um resposta a uma nota t\u00e9cnica da consultoria, elaborada a pedido do senador Alessandro Vieira (Cidadania- SE).Vieira, que integra o grupo Muda Senado, questionou a Consultoria Legislativa sobre a possibilidade da reelei\u00e7\u00e3o.<\/p>\n<p style=\"text-align: justify;\">A consultoria do Senado \u00e9 um \u00f3rg\u00e3o t\u00e9cnico, formado por servidores de carreira da Casa, que t\u00eam por objetivo auxiliar os parlamentares em decis\u00f5es t\u00e9cnicas e jur\u00eddicas.A manifesta\u00e7\u00e3o do \u00f3rg\u00e3o foi contr\u00e1ria aos interesses de Alcolumbre. &#8220;Parece-nos inequ\u00edvoco que, no mandato subsequente, dentro da mesma legislatura, \u00e9 vedada a reelei\u00e7\u00e3o para os mesmos cargos&#8221;, disse a nota da consultoria.A resposta veio horas depois.<\/p>\n<p style=\"text-align: justify;\">&#8220;O Senado da Rep\u00fablica restringiu sua manifesta\u00e7\u00e3o no \u00e2mbito do Supremo Tribunal Federal sobre o tema, por interm\u00e9dio da Advocacia do Senado Federal&#8221;, disse a nota do presidente.A advocacia do Senado j\u00e1 defendeu no STF que os presidentes da Casa e tamb\u00e9m da C\u00e2mara possam ser reeleitos. A manifesta\u00e7\u00e3o do \u00f3rg\u00e3o do Senado foi feita numa a\u00e7\u00e3o em que o PTB questiona o tema no Supremo.<\/p>\n<p style=\"text-align: justify;\">Randolfe Rodrigues diz que o Senado nunca tinha passado por caso semelhante, em que a Consultoria Legislativa fosse criticada de forma p\u00fablica por suas manifesta\u00e7\u00f5es a pedido de senadores.&#8221;Os pareceres dos consultores sempre existiram para orientar a posi\u00e7\u00e3o dos senadores. \u00c9 um \u00f3rg\u00e3o aut\u00f4nomo.&#8221;Para Alessandro Vieira, que fez o questionamento \u00e0 consultoria, a \u00fanica forma de viabilizar a candidatura seria por meio de uma PEC.&#8221;<\/p>\n<p style=\"text-align: justify;\">A consultoria do Senado \u00e9 formada por profissionais da mais alta qualifica\u00e7\u00e3o e seriedade. Estamos falando de veda\u00e7\u00e3o constitucional expressa. A \u00fanica possibilidade de altera\u00e7\u00e3o se d\u00e1 por aprova\u00e7\u00e3o de emenda constitucional. Qualquer coisa diferente disso \u00e9 golpe contra a pr\u00f3pria democracia&#8221;, disse.A PEC enfrenta a oposi\u00e7\u00e3o de partidos que almejam n\u00e3o s\u00f3 a cadeira de Alcolumbre, mas a do deputado Rodrigo Maia (DEM-RJ) na presid\u00eancia da C\u00e2mara.<\/p>\n<p>Fonte: <a href=\"https:\/\/www.noticiasaominuto.com.br\/politica\/1678648\/alcolumbre-ganha-apoio-de-lider-do-pt-para-se-reeleger-chefe-do-senado\" target=\"_blank\" rel=\"noopener noreferrer\">Not\u00edcias ao Minuto<\/a><\/p>\n","protected":false},"excerpt":{"rendered":"<p>Com a realiza\u00e7\u00e3o de sess\u00f5es semipresenciais, Alcolumbre aproveitou para visitar gabinetes e ganhou apoios at\u00e9 pouco tempo considerados improv\u00e1veis BRAS\u00cdLIA, DF (FOLHAPRESS) &#8211; As costuras para que o presidente do Senado, Davi Alcolumbre (DEM-AP), concorra \u00e0 reelei\u00e7\u00e3o ganharam for\u00e7a na Casa.Com a realiza\u00e7\u00e3o de sess\u00f5es semipresenciais, Alcolumbre aproveitou para visitar gabinetes e ganhou apoios at\u00e9<a class=\"moretag\" href=\"http:\/\/sindiquimicabr.com.br\/index.php\/2020\/09\/29\/alcolumbre-ganha-apoio-de-lider-do-pt-para-se-reeleger-chefe-do-senado\/\"> [&#8230;]<\/a><\/p>\n","protected":false},"author":2,"featured_media":6103,"comment_status":"closed","ping_status":"closed","sticky":false,"template":"","format":"standard","meta":[],"categories":[9],"tags":[],"_links":{"self":[{"href":"http:\/\/sindiquimicabr.com.br\/index.php\/wp-json\/wp\/v2\/posts\/6100"}],"collection":[{"href":"http:\/\/sindiquimicabr.com.br\/index.php\/wp-json\/wp\/v2\/posts"}],"about":[{"href":"http:\/\/sindiquimicabr.com.br\/index.php\/wp-json\/wp\/v2\/types\/post"}],"author":[{"embeddable":true,"href":"http:\/\/sindiquimicabr.com.br\/index.php\/wp-json\/wp\/v2\/users\/2"}],"replies":[{"embeddable":true,"href":"http:\/\/sindiquimicabr.com.br\/index.php\/wp-json\/wp\/v2\/comments?post=6100"}],"version-history":[{"count":2,"href":"http:\/\/sindiquimicabr.com.br\/index.php\/wp-json\/wp\/v2\/posts\/6100\/revisions"}],"predecessor-version":[{"id":6105,"href":"http:\/\/sindiquimicabr.com.br\/index.php\/wp-json\/wp\/v2\/posts\/6100\/revisions\/6105"}],"wp:featuredmedia":[{"embeddable":true,"href":"http:\/\/sindiquimicabr.com.br\/index.php\/wp-json\/wp\/v2\/media\/6103"}],"wp:attachment":[{"href":"http:\/\/sindiquimicabr.com.br\/index.php\/wp-json\/wp\/v2\/media?parent=6100"}],"wp:term":[{"taxonomy":"category","embeddable":true,"href":"http:\/\/sindiquimicabr.com.br\/index.php\/wp-json\/wp\/v2\/categories?post=6100"},{"taxonomy":"post_tag","embeddable":true,"href":"http:\/\/sindiquimicabr.com.br\/index.php\/wp-json\/wp\/v2\/tags?post=6100"}],"curies":[{"name":"wp","href":"https:\/\/api.w.org\/{rel}","templated":true}]}}