{"id":6135,"date":"2020-10-01T12:45:14","date_gmt":"2020-10-01T12:45:14","guid":{"rendered":"http:\/\/sindiquimicabr.com.br\/?p=6135"},"modified":"2020-10-01T12:45:16","modified_gmt":"2020-10-01T12:45:16","slug":"rodrigo-maia-rebate-guedes-esta-desequilibrado","status":"publish","type":"post","link":"http:\/\/sindiquimicabr.com.br\/index.php\/2020\/10\/01\/rodrigo-maia-rebate-guedes-esta-desequilibrado\/","title":{"rendered":"Rodrigo Maia rebate Guedes: &#8216;est\u00e1 desequilibrado&#8217;"},"content":{"rendered":"<h4 class=\"news-subheadline\" style=\"text-align: justify;\">A troca de farpas \u00e9 mais um cap\u00edtulo da briga p\u00fablica entre os dois, que est\u00e3o rompidos desde o in\u00edcio do m\u00eas<\/h4>\n<p style=\"text-align: justify;\"><a href=\"http:\/\/sindiquimicabr.com.br\/wp\/wp-content\/uploads\/2020\/10\/Rodrigo-Maia-rebate-Guedes-est\u00e1-desequilibrado.jpg\"><img decoding=\"async\" loading=\"lazy\" class=\"alignleft size-full wp-image-6136\" src=\"http:\/\/sindiquimicabr.com.br\/wp\/wp-content\/uploads\/2020\/10\/Rodrigo-Maia-rebate-Guedes-est\u00e1-desequilibrado.jpg\" alt=\"\" width=\"1920\" height=\"1080\" srcset=\"http:\/\/sindiquimicabr.com.br\/wp\/wp-content\/uploads\/2020\/10\/Rodrigo-Maia-rebate-Guedes-est\u00e1-desequilibrado.jpg 1920w, http:\/\/sindiquimicabr.com.br\/wp\/wp-content\/uploads\/2020\/10\/Rodrigo-Maia-rebate-Guedes-est\u00e1-desequilibrado-300x169.jpg 300w, http:\/\/sindiquimicabr.com.br\/wp\/wp-content\/uploads\/2020\/10\/Rodrigo-Maia-rebate-Guedes-est\u00e1-desequilibrado-1024x576.jpg 1024w, http:\/\/sindiquimicabr.com.br\/wp\/wp-content\/uploads\/2020\/10\/Rodrigo-Maia-rebate-Guedes-est\u00e1-desequilibrado-768x432.jpg 768w, http:\/\/sindiquimicabr.com.br\/wp\/wp-content\/uploads\/2020\/10\/Rodrigo-Maia-rebate-Guedes-est\u00e1-desequilibrado-1536x864.jpg 1536w\" sizes=\"(max-width: 1920px) 100vw, 1920px\" \/><\/a><\/p>\n<p style=\"text-align: justify;\"><span class=\"news_capital_letter\">O<\/span> ministro da Economia, Paulo Guedes, disse nesta quarta-feira, 30, que h\u00e1 boatos de que o presidente da C\u00e2mara dos Deputados, Rodrigo Maia (DEM-RJ), fez um acordo com a esquerda para n\u00e3o pautar as privatiza\u00e7\u00f5es. &#8220;N\u00e3o h\u00e1 raz\u00e3o para interditar as privatiza\u00e7\u00f5es&#8221;, afirmou.<\/p>\n<p style=\"text-align: justify;\">Maia rebateu imediatamente ao Estad\u00e3o\/Broadcast: &#8220;Paulo Guedes est\u00e1 desequilibrado&#8221;.<\/p>\n<p style=\"text-align: justify;\">Na ter\u00e7a-feira, 29, o presidente da C\u00e2mara j\u00e1 tinha criticado Guedes por, na vis\u00e3o do deputado, ter interditado o debate sobre a reforma tribut\u00e1ria. Ele fez a declara\u00e7\u00e3o em uma rede social, um dia ap\u00f3s o governo desistir de enviar a segunda fase da reforma tribut\u00e1ria, que incluiria um imposto sobre transa\u00e7\u00f5es digitais semelhante \u00e0 CPMF. N\u00e3o houve consenso entre o governo e l\u00edderes partid\u00e1rios. &#8220;Por que Paulo Guedes interditou o debate da reforma tribut\u00e1ria?&#8221;, escreveu Maia em sua conta no Twitter.<\/p>\n<p style=\"text-align: justify;\">Nesta quarta, depois de um resultado positivo na gera\u00e7\u00e3o de empregos em agosto, Guedes apareceu de surpresa na entrevista marcada para comentar os dados do Cadastro Geral de Empregados e Desempregados (Caged), que mostrou a abertura de 249.388 vagas no m\u00eas de agosto.<\/p>\n<p style=\"text-align: justify;\">&#8220;Superamos a fase em que precis\u00e1vamos manter os sinais vitais da economia brasileira. Come\u00e7amos a retomada do crescimento econ\u00f4mico em V, apesar do pessimismo e das cr\u00edticas&#8221;, afirmou Guedes. Depois de cr\u00edticas de que teria abandonado a pauta liberal de olho na reelei\u00e7\u00e3o do presidente Jair Bolsonaro, a ser disputada em 2022, Guedes reafirmou seu compromisso com as reformas. &#8220;Estamos voltando para o trilho das reformas estruturantes. Vamos simplificar impostos e reduzir na reforma tribut\u00e1ria. Tem muita articula\u00e7\u00e3o pol\u00edtica em andamento ainda&#8221;, disse.<\/p>\n<p style=\"text-align: justify;\">De acordo com o ministro, os c\u00e1lculos s\u00e3o de que, em 10 anos, o Brasil receber\u00e1 R$ 1,2 trilh\u00e3o de investimentos. Ele citou como exemplo de sucesso o leil\u00e3o de saneamento feito nesta quarta-feira em Macei\u00f3.<\/p>\n<h4 style=\"text-align: justify;\"><strong>Guedes x Maia <\/strong><\/h4>\n<p style=\"text-align: justify;\">A troca de farpas \u00e9 mais um cap\u00edtulo da briga p\u00fablica entre os dois, que est\u00e3o rompidos desde o in\u00edcio do m\u00eas, quando Maia anunciou que passaria a tratar dos assuntos econ\u00f4micos apenas com o ministro da Secretaria de Governo, Luiz Eduardo Ramos, articulador oficial do Pal\u00e1cio do Planalto.<\/p>\n<p style=\"text-align: justify;\">Outro ponto da disc\u00f3rdia foi a discuss\u00e3o de dois fundos bilion\u00e1rios, cujos repasses podem chegar a R$ 485 bilh\u00f5es, para compensar os Estados e munic\u00edpios da perda da arrecada\u00e7\u00e3o com a aprova\u00e7\u00e3o de uma reforma tribut\u00e1ria.<\/p>\n<p style=\"text-align: justify;\">Fonte: <a href=\"https:\/\/www.noticiasaominuto.com.br\/economia\/1680994\/maia-rebate-guedes-sobre-acusacao-de-acordo-com-esquerda-esta-desequilibrado\" target=\"_blank\" rel=\"noopener noreferrer\">Not\u00edcias ao Minuto<\/a><\/p>\n","protected":false},"excerpt":{"rendered":"<p>A troca de farpas \u00e9 mais um cap\u00edtulo da briga p\u00fablica entre os dois, que est\u00e3o rompidos desde o in\u00edcio do m\u00eas O ministro da Economia, Paulo Guedes, disse nesta quarta-feira, 30, que h\u00e1 boatos de que o presidente da C\u00e2mara dos Deputados, Rodrigo Maia (DEM-RJ), fez um acordo com a esquerda para n\u00e3o pautar<a class=\"moretag\" href=\"http:\/\/sindiquimicabr.com.br\/index.php\/2020\/10\/01\/rodrigo-maia-rebate-guedes-esta-desequilibrado\/\"> [&#8230;]<\/a><\/p>\n","protected":false},"author":2,"featured_media":6136,"comment_status":"closed","ping_status":"closed","sticky":false,"template":"","format":"standard","meta":[],"categories":[2],"tags":[],"_links":{"self":[{"href":"http:\/\/sindiquimicabr.com.br\/index.php\/wp-json\/wp\/v2\/posts\/6135"}],"collection":[{"href":"http:\/\/sindiquimicabr.com.br\/index.php\/wp-json\/wp\/v2\/posts"}],"about":[{"href":"http:\/\/sindiquimicabr.com.br\/index.php\/wp-json\/wp\/v2\/types\/post"}],"author":[{"embeddable":true,"href":"http:\/\/sindiquimicabr.com.br\/index.php\/wp-json\/wp\/v2\/users\/2"}],"replies":[{"embeddable":true,"href":"http:\/\/sindiquimicabr.com.br\/index.php\/wp-json\/wp\/v2\/comments?post=6135"}],"version-history":[{"count":1,"href":"http:\/\/sindiquimicabr.com.br\/index.php\/wp-json\/wp\/v2\/posts\/6135\/revisions"}],"predecessor-version":[{"id":6139,"href":"http:\/\/sindiquimicabr.com.br\/index.php\/wp-json\/wp\/v2\/posts\/6135\/revisions\/6139"}],"wp:featuredmedia":[{"embeddable":true,"href":"http:\/\/sindiquimicabr.com.br\/index.php\/wp-json\/wp\/v2\/media\/6136"}],"wp:attachment":[{"href":"http:\/\/sindiquimicabr.com.br\/index.php\/wp-json\/wp\/v2\/media?parent=6135"}],"wp:term":[{"taxonomy":"category","embeddable":true,"href":"http:\/\/sindiquimicabr.com.br\/index.php\/wp-json\/wp\/v2\/categories?post=6135"},{"taxonomy":"post_tag","embeddable":true,"href":"http:\/\/sindiquimicabr.com.br\/index.php\/wp-json\/wp\/v2\/tags?post=6135"}],"curies":[{"name":"wp","href":"https:\/\/api.w.org\/{rel}","templated":true}]}}