{"id":6145,"date":"2020-10-01T13:16:57","date_gmt":"2020-10-01T13:16:57","guid":{"rendered":"http:\/\/sindiquimicabr.com.br\/?p=6145"},"modified":"2020-10-01T13:38:47","modified_gmt":"2020-10-01T13:38:47","slug":"governo-decide-prorrogar-acordos-de-suspensao-e-reducao-salarial","status":"publish","type":"post","link":"http:\/\/sindiquimicabr.com.br\/index.php\/2020\/10\/01\/governo-decide-prorrogar-acordos-de-suspensao-e-reducao-salarial\/","title":{"rendered":"Governo decide prorrogar acordos de suspens\u00e3o e redu\u00e7\u00e3o salarial"},"content":{"rendered":"<h4 style=\"text-align: justify;\">Esta \u00e9 a terceira prorroga\u00e7\u00e3o dos acordos, que foram permitidos pela MP 936 no in\u00edcio da pandemia. Mais de 11 milh\u00f5es de brasileiros est\u00e3o trabalhando nesse regime especial, segundo o governo. Secret\u00e1rio afirma que modelo n\u00e3o deve ir al\u00e9m de 2020<\/h4>\n<p><a href=\"http:\/\/sindiquimicabr.com.br\/wp\/wp-content\/uploads\/2020\/10\/governo.png\"><img decoding=\"async\" loading=\"lazy\" class=\"alignnone wp-image-6146 size-full\" src=\"http:\/\/sindiquimicabr.com.br\/wp\/wp-content\/uploads\/2020\/10\/governo.png\" alt=\"\" width=\"509\" height=\"337\" srcset=\"http:\/\/sindiquimicabr.com.br\/wp\/wp-content\/uploads\/2020\/10\/governo.png 509w, http:\/\/sindiquimicabr.com.br\/wp\/wp-content\/uploads\/2020\/10\/governo-300x199.png 300w\" sizes=\"(max-width: 509px) 100vw, 509px\" \/><\/a><\/p>\n<p class=\"texto\" style=\"text-align: justify;\">O Minist\u00e9rio da Economia&nbsp;decidiu prorrogar novamente os <a href=\"https:\/\/www.correiobraziliense.com.br\/economia\/2020\/08\/4870140-guedes-confirma-prorrogacao-dos-acordos-de-reducao-e-suspensao-de-contrato.html\">acordos de suspens\u00e3o do contrato de trabalho e redu\u00e7\u00e3o salarial<\/a>, permitidos na pandemia de covid-19 pela <a href=\"https:\/\/www.correiobraziliense.com.br\/app\/noticia\/economia\/2020\/04\/13\/internas_economia,844355\/mais-de-um-milhao-de-trabalhadores-ja-foram-afetados-pela-mp-936.shtml\">Medida Provis\u00f3ria (MP) 936<\/a>. A decis\u00e3o vai permitir que esses acordos sejam estendidos por mais dois meses e foi anunciada nesta quarta-feira (30\/09) pelo ministro da Economia, Paulo Guedes.<\/p>\n<p class=\"texto\" style=\"text-align: justify;\">&#8220;O programa foi extraordinariamente bem sucedido. Tanto que estamos prorrogando por mais dois meses&#8221;, anunciou Guedes, na apresenta\u00e7\u00e3o do Cadastro Geral de Empregados e Desempregados (Caged).<\/p>\n<p class=\"texto\" style=\"text-align: justify;\">Ele explicou que mais de <a href=\"https:\/\/www.correiobraziliense.com.br\/app\/noticia\/economia\/2020\/07\/07\/internas_economia,869929\/mp-que-permitiu-reducao-de-jornada-conseguiu-conter-demissoes-avalia.shtml\">11 milh\u00f5es de trabalhadores<\/a> fizeram acordos de suspens\u00e3o ou redu\u00e7\u00e3o salarial e a maior parte desses acordos foram renovados depois que o governo decidiu prorrogar os prazos iniciais da MP 936. Por isso, j\u00e1 s\u00e3o 18 milh\u00f5es de contratos no \u00e2mbito da MP 936.<\/p>\n<p class=\"texto\" style=\"text-align: justify;\">&#8220;Preservamos quase 11 milh\u00f5es de empregos. \u00c9 um ter\u00e7o dos empregos de carteira assinada do Brasil&#8221;, destacou o ministro, dizendo que, al\u00e9m de efetivo, o programa tem sido barato para o estado. At\u00e9 agora, o governo liberou R$ 25,5 bilh\u00f5es para o BEm, que prev\u00ea o pagamento de uma compensa\u00e7\u00e3o salarial para os trabalhadores que tiveram a renda reduzida.<\/p>\n<p class=\"texto\" style=\"text-align: justify;\">Boa parte desse acordos, contudo, iria expirar neste m\u00eas. Por isso, o governo vai permitir que empregados e empregadores prorroguem por mais dois meses os acordos, mediante a assinatura de mais um aditivo contratual. Com isso, o prazo total dos acordos, que j\u00e1 havia sido prorrogado em outras duas ocasi\u00f5es, poder\u00e1 chegar a at\u00e9 oito meses.<\/p>\n<p class=\"texto\" style=\"text-align: justify;\">&#8220;A empresa reduz o sal\u00e1rio e o governo suplementa o sal\u00e1rio para garantir que os empregos sejam preservados. Passado o prazo inicial, n\u00f3s estendemos. Ent\u00e3o, a empresa pode de novo manter o empregado por mais alguns meses que n\u00f3s suplementamos o sal\u00e1rio. S\u00e3o 11 milh\u00f5es de empregos salvos, com 18 milh\u00f5es de contratos, por isso renovamos&#8221;, concluiu Guedes.<\/p>\n<p class=\"texto\" style=\"text-align: justify;\">O secret\u00e1rio especial de Trabalho e Previd\u00eancia do Minist\u00e9rio da Economia, Bruno Bianco, acrescentou que essa decis\u00e3o foi tomada porque, apesar de o governo dizer que a retomada econ\u00f4mica j\u00e1 come\u00e7ou e ter apresentado dados positivos no Caged, alguns setores ainda sentem o impacto da pandemia de covid-19 e precisam de aux\u00edlio para manter os funcion\u00e1rios. &#8220;Existem setores que, em que pese a retomada, ainda est\u00e3o precisando. [&#8230;] Ainda que os setores estejam melhorando, ainda que estejamos em retomada, se h\u00e1 demanda, n\u00e3o h\u00e1 porque n\u00e3o fazer a prorroga\u00e7\u00e3o, traz renda para o trabalhador, preserva o emprego&#8221;, afirmou.<\/p>\n<p class=\"texto\" style=\"text-align: justify;\">Bianco destacou, por sua vez, que os acordos &#8220;n\u00e3o devem extrapolar o ano de 2020&#8221; e disse que os tr\u00e2mites burocr\u00e1ticos que v\u00e3o permitir a prorroga\u00e7\u00e3o anunciada por Guedes ainda est\u00e3o em andamento. &#8220;A decis\u00e3o tomada no \u00e2mbito da Economia vai ser estudada e passar\u00e1 pelo crivo de outros estudos&#8221;, avisou, sem dar prazo para a publica\u00e7\u00e3o do decreto que deve confirmar essa prorroga\u00e7\u00e3o. &#8220;Obviamente faremos toda a conversa interna para que isso se viabilize. H\u00e1 sim uma possibilidade grande de prorrogar \u00e9 uma vontade do ministro&#8221;, emendou.<\/p>\n<p style=\"text-align: justify;\">Fonte: <a href=\"https:\/\/www.correiobraziliense.com.br\/economia\/2020\/09\/4879018-guedes-decide-prorrogar-acordos-de-suspensao-e-reducao-salarial.html\" target=\"_blank\" rel=\"noopener noreferrer\">Correio Braziliense<\/a><\/p>\n","protected":false},"excerpt":{"rendered":"<p>Esta \u00e9 a terceira prorroga\u00e7\u00e3o dos acordos, que foram permitidos pela MP 936 no in\u00edcio da pandemia. Mais de 11 milh\u00f5es de brasileiros est\u00e3o trabalhando nesse regime especial, segundo o governo. Secret\u00e1rio afirma que modelo n\u00e3o deve ir al\u00e9m de 2020 O Minist\u00e9rio da Economia&nbsp;decidiu prorrogar novamente os acordos de suspens\u00e3o do contrato de trabalho<a class=\"moretag\" href=\"http:\/\/sindiquimicabr.com.br\/index.php\/2020\/10\/01\/governo-decide-prorrogar-acordos-de-suspensao-e-reducao-salarial\/\"> [&#8230;]<\/a><\/p>\n","protected":false},"author":2,"featured_media":6146,"comment_status":"closed","ping_status":"closed","sticky":false,"template":"","format":"standard","meta":[],"categories":[9],"tags":[],"_links":{"self":[{"href":"http:\/\/sindiquimicabr.com.br\/index.php\/wp-json\/wp\/v2\/posts\/6145"}],"collection":[{"href":"http:\/\/sindiquimicabr.com.br\/index.php\/wp-json\/wp\/v2\/posts"}],"about":[{"href":"http:\/\/sindiquimicabr.com.br\/index.php\/wp-json\/wp\/v2\/types\/post"}],"author":[{"embeddable":true,"href":"http:\/\/sindiquimicabr.com.br\/index.php\/wp-json\/wp\/v2\/users\/2"}],"replies":[{"embeddable":true,"href":"http:\/\/sindiquimicabr.com.br\/index.php\/wp-json\/wp\/v2\/comments?post=6145"}],"version-history":[{"count":1,"href":"http:\/\/sindiquimicabr.com.br\/index.php\/wp-json\/wp\/v2\/posts\/6145\/revisions"}],"predecessor-version":[{"id":6147,"href":"http:\/\/sindiquimicabr.com.br\/index.php\/wp-json\/wp\/v2\/posts\/6145\/revisions\/6147"}],"wp:featuredmedia":[{"embeddable":true,"href":"http:\/\/sindiquimicabr.com.br\/index.php\/wp-json\/wp\/v2\/media\/6146"}],"wp:attachment":[{"href":"http:\/\/sindiquimicabr.com.br\/index.php\/wp-json\/wp\/v2\/media?parent=6145"}],"wp:term":[{"taxonomy":"category","embeddable":true,"href":"http:\/\/sindiquimicabr.com.br\/index.php\/wp-json\/wp\/v2\/categories?post=6145"},{"taxonomy":"post_tag","embeddable":true,"href":"http:\/\/sindiquimicabr.com.br\/index.php\/wp-json\/wp\/v2\/tags?post=6145"}],"curies":[{"name":"wp","href":"https:\/\/api.w.org\/{rel}","templated":true}]}}