{"id":6211,"date":"2020-10-06T12:04:06","date_gmt":"2020-10-06T12:04:06","guid":{"rendered":"http:\/\/sindiquimicabr.com.br\/?p=6211"},"modified":"2020-10-06T12:05:36","modified_gmt":"2020-10-06T12:05:36","slug":"inflacao-para-familia-com-renda-mais-baixa-sobe-para-089-em-setembro","status":"publish","type":"post","link":"http:\/\/sindiquimicabr.com.br\/index.php\/2020\/10\/06\/inflacao-para-familia-com-renda-mais-baixa-sobe-para-089-em-setembro\/","title":{"rendered":"Infla\u00e7\u00e3o para fam\u00edlia com renda mais baixa sobe para 0,89% em setembro"},"content":{"rendered":"<h4 class=\"col-10 offset-1 animated fadeInDown dealy-900 display-8 display-md-8 alt-font font-italic my-1 text-center\" style=\"text-align: justify;\">Taxa \u00e9 superior a 0,55% observado em agosto, diz FGV<\/h4>\n<p><a href=\"http:\/\/sindiquimicabr.com.br\/wp\/wp-content\/uploads\/2020\/10\/Infla\u00e7\u00e3o-para-fam\u00edlia-com-renda-mais-baixa-sobe-para-089-em-setembro.jpg\"><img decoding=\"async\" loading=\"lazy\" class=\"wp-image-6212 size-full\" src=\"http:\/\/sindiquimicabr.com.br\/wp\/wp-content\/uploads\/2020\/10\/Infla\u00e7\u00e3o-para-fam\u00edlia-com-renda-mais-baixa-sobe-para-089-em-setembro.jpg\" alt=\"\" width=\"1170\" height=\"700\" srcset=\"http:\/\/sindiquimicabr.com.br\/wp\/wp-content\/uploads\/2020\/10\/Infla\u00e7\u00e3o-para-fam\u00edlia-com-renda-mais-baixa-sobe-para-089-em-setembro.jpg 1170w, http:\/\/sindiquimicabr.com.br\/wp\/wp-content\/uploads\/2020\/10\/Infla\u00e7\u00e3o-para-fam\u00edlia-com-renda-mais-baixa-sobe-para-089-em-setembro-300x179.jpg 300w, http:\/\/sindiquimicabr.com.br\/wp\/wp-content\/uploads\/2020\/10\/Infla\u00e7\u00e3o-para-fam\u00edlia-com-renda-mais-baixa-sobe-para-089-em-setembro-1024x613.jpg 1024w, http:\/\/sindiquimicabr.com.br\/wp\/wp-content\/uploads\/2020\/10\/Infla\u00e7\u00e3o-para-fam\u00edlia-com-renda-mais-baixa-sobe-para-089-em-setembro-768x459.jpg 768w\" sizes=\"(max-width: 1170px) 100vw, 1170px\" \/><\/a><\/p>\n<div class=\"post-item alt-font\">\n<div class=\"post-item-wrap\">\n<p style=\"text-align: justify;\">O \u00cdndice de Pre\u00e7os ao Consumidor \u2013 Classe 1 (IPC-C1), que mede a varia\u00e7\u00e3o da cesta de compras para fam\u00edlias brasileiras com renda at\u00e9 2,5 sal\u00e1rios m\u00ednimos, registrou infla\u00e7\u00e3o de 0,89% em setembro deste ano, taxa superior ao 0,55% observado em agosto. De acordo a Funda\u00e7\u00e3o Getulio Vargas (FGV), o IPC-C1 acumula taxas de infla\u00e7\u00e3o de 3,13% no ano e de 4,54% em 12 meses.<img decoding=\"async\" src=\"https:\/\/agenciabrasil.ebc.com.br\/ebc.png?id=1389879&amp;o=node\"><img decoding=\"async\" src=\"https:\/\/agenciabrasil.ebc.com.br\/ebc.gif?id=1389879&amp;o=node\"><\/p>\n<p style=\"text-align: justify;\">As taxas de infla\u00e7\u00e3o do IPC-C1 ficaram acima daquelas medidas pelo \u00cdndice de Pre\u00e7os ao Consumidor \u2013 Brasil (IPC-BR), que mede a varia\u00e7\u00e3o das cestas de compras de todas as faixas de renda. O IPC-BR teve taxas de 0,82% em setembro e de 3,62% em 12 meses.<\/p>\n<p style=\"text-align: justify;\">A alta da infla\u00e7\u00e3o de agosto para setembro do IPC-C1 foi puxada por tr\u00eas das oito classes de despesa, com destaque para alimenta\u00e7\u00e3o (que subiu de 0,76% em agosto para 2,23% em setembro). As outras altas foram observadas nos grupos, educa\u00e7\u00e3o, leitura e recrea\u00e7\u00e3o (de 0,09% para 2,44%) e vestu\u00e1rio (de -0,42% para 0,12%).<\/p>\n<p style=\"text-align: justify;\">Por outro lado, cinco grupos tiveram queda na taxa: sa\u00fade e cuidados pessoais (de 0,61% em agosto para 0,10% em setembro), despesas diversas (de 0,58% para 0,26%), habita\u00e7\u00e3o (de 0,61% para 0,54%), comunica\u00e7\u00e3o (de 0,12% para 0,04%) e transportes (de 0,68% para 0,61%).<\/p>\n<\/div>\n<p class=\"alt-font font-italic my-2 small text-info\" style=\"text-align: justify;\">Edi\u00e7\u00e3o: Val\u00e9ria Aguiar<\/p>\n<p style=\"text-align: justify;\">Fonte: <a href=\"https:\/\/agenciabrasil.ebc.com.br\/economia\/noticia\/2020-10\/inflacao-para-familia-com-renda-mais-baixa-sobe-para-089-em-setembro\" target=\"_blank\" rel=\"noopener noreferrer\">Ag\u00eancia Brasil<\/a><\/p>\n<\/div>\n","protected":false},"excerpt":{"rendered":"<p>Taxa \u00e9 superior a 0,55% observado em agosto, diz FGV O \u00cdndice de Pre\u00e7os ao Consumidor \u2013 Classe 1 (IPC-C1), que mede a varia\u00e7\u00e3o da cesta de compras para fam\u00edlias brasileiras com renda at\u00e9 2,5 sal\u00e1rios m\u00ednimos, registrou infla\u00e7\u00e3o de 0,89% em setembro deste ano, taxa superior ao 0,55% observado em agosto. De acordo a<a class=\"moretag\" href=\"http:\/\/sindiquimicabr.com.br\/index.php\/2020\/10\/06\/inflacao-para-familia-com-renda-mais-baixa-sobe-para-089-em-setembro\/\"> [&#8230;]<\/a><\/p>\n","protected":false},"author":2,"featured_media":6212,"comment_status":"closed","ping_status":"closed","sticky":false,"template":"","format":"standard","meta":[],"categories":[9],"tags":[],"_links":{"self":[{"href":"http:\/\/sindiquimicabr.com.br\/index.php\/wp-json\/wp\/v2\/posts\/6211"}],"collection":[{"href":"http:\/\/sindiquimicabr.com.br\/index.php\/wp-json\/wp\/v2\/posts"}],"about":[{"href":"http:\/\/sindiquimicabr.com.br\/index.php\/wp-json\/wp\/v2\/types\/post"}],"author":[{"embeddable":true,"href":"http:\/\/sindiquimicabr.com.br\/index.php\/wp-json\/wp\/v2\/users\/2"}],"replies":[{"embeddable":true,"href":"http:\/\/sindiquimicabr.com.br\/index.php\/wp-json\/wp\/v2\/comments?post=6211"}],"version-history":[{"count":1,"href":"http:\/\/sindiquimicabr.com.br\/index.php\/wp-json\/wp\/v2\/posts\/6211\/revisions"}],"predecessor-version":[{"id":6213,"href":"http:\/\/sindiquimicabr.com.br\/index.php\/wp-json\/wp\/v2\/posts\/6211\/revisions\/6213"}],"wp:featuredmedia":[{"embeddable":true,"href":"http:\/\/sindiquimicabr.com.br\/index.php\/wp-json\/wp\/v2\/media\/6212"}],"wp:attachment":[{"href":"http:\/\/sindiquimicabr.com.br\/index.php\/wp-json\/wp\/v2\/media?parent=6211"}],"wp:term":[{"taxonomy":"category","embeddable":true,"href":"http:\/\/sindiquimicabr.com.br\/index.php\/wp-json\/wp\/v2\/categories?post=6211"},{"taxonomy":"post_tag","embeddable":true,"href":"http:\/\/sindiquimicabr.com.br\/index.php\/wp-json\/wp\/v2\/tags?post=6211"}],"curies":[{"name":"wp","href":"https:\/\/api.w.org\/{rel}","templated":true}]}}