{"id":6219,"date":"2020-10-07T11:13:41","date_gmt":"2020-10-07T11:13:41","guid":{"rendered":"http:\/\/sindiquimicabr.com.br\/?p=6219"},"modified":"2020-10-07T11:36:33","modified_gmt":"2020-10-07T11:36:33","slug":"previdencia-e-inss-alegam-dificuldades-para-implementar-telepericia","status":"publish","type":"post","link":"http:\/\/sindiquimicabr.com.br\/index.php\/2020\/10\/07\/previdencia-e-inss-alegam-dificuldades-para-implementar-telepericia\/","title":{"rendered":"Previd\u00eancia e INSS alegam dificuldades para implementar teleper\u00edcia"},"content":{"rendered":"<p><img decoding=\"async\" loading=\"lazy\" class=\"alignleft\" src=\"https:\/\/extra.globo.com\/incoming\/24665514-7e3-17b\/w640h360-PROP\/xprevidencia.jpg.pagespeed.ic.EMAlSxsNf4.jpg\" alt=\"Per\u00edcias presenciais foram retomadas em setembro\" width=\"640\" height=\"360\"><\/p>\n<p style=\"text-align: justify;\">A<strong> Secretaria Especial de Previd\u00eancia e Trabalho<\/strong> e o <strong>Instituto Nacional do Seguro Social<\/strong> (INSS) alegaram ao <strong>Tribunal de Contas da Uni\u00e3o<\/strong> dificuldades para<strong> implementar a teleper\u00edcia<\/strong> durante a pandemia do novo <strong>coronav\u00edrus<\/strong>. Os entraves foram relatados em um protocolo entregue nesta segunda-feira (5), conforme era cobrado em documento emitido no \u00faltimo dia 25, pelo ministro e relator do processo Bruno Dantas. De acordo com ele, era preciso minimizar os transtornos da paralisa\u00e7\u00e3o das per\u00edcias presenciais para a popula\u00e7\u00e3o mais vulner\u00e1vel.<\/p>\n<p style=\"text-align: justify;\">As partes se reuniram para discutir o assunto tamb\u00e9m nesta segunda-feira. Segundo o INSS, na ocasi\u00e3o, foram apresentadas solu\u00e7\u00f5es alternativas para melhor atender a popula\u00e7\u00e3o. As estrat\u00e9gias, no entanto, n\u00e3o foram divulgadas.<\/p>\n<p style=\"text-align: justify;\">A decis\u00e3o tomada anteriormente pelo ministro Bruno Dantas levava em conta que &#8220;a\u00e7\u00f5es judiciais relativas aos benef\u00edcios previdenci\u00e1rios por incapacidade e de presta\u00e7\u00e3o continuada estavam paralisadas em virtude da n\u00e3o realiza\u00e7\u00e3o de per\u00edcias&#8221; por um longo per\u00edodo, por conta das medidas preventivas adotadas para a preven\u00e7\u00e3o do cont\u00e1gio pelo novo coronav\u00edrus, e que mesmo &#8220;ap\u00f3s o restabelecimento do atendimento presencial em alguns ju\u00edzos, dados mais recentes indicam a exist\u00eancia de cerca de 200 mil processos paralisados por conta da aus\u00eancia de per\u00edcias&#8221;.<\/p>\n<p style=\"text-align: justify;\">Lembrava ainda que uma resolu\u00e7\u00e3o autorizou a realiza\u00e7\u00e3o de per\u00edcia por meio eletr\u00f4nico, sem contato f\u00edsico entre perito e periciando, enquanto perdurarem os efeitos da crise ocasionada pela pandemia do novo Coronav\u00edrus. E considera tamb\u00e9m que &#8220;n\u00e3o \u00e9 poss\u00edvel o retorno de 100% das per\u00edcias presenciais&#8221;.<\/p>\n<p>&nbsp;<\/p>\n<p>Fonte: <a href=\"https:\/\/extra.globo.com\/noticias\/economia\/previdencia-inss-alegam-dificuldades-para-implementar-telepericia-24679935.html\">Extra<\/a><\/p>\n","protected":false},"excerpt":{"rendered":"<p>A Secretaria Especial de Previd\u00eancia e Trabalho e o Instituto Nacional do Seguro Social (INSS) alegaram ao Tribunal de Contas da Uni\u00e3o dificuldades para implementar a teleper\u00edcia durante a pandemia do novo coronav\u00edrus. Os entraves foram relatados em um protocolo entregue nesta segunda-feira (5), conforme era cobrado em documento emitido no \u00faltimo dia 25, pelo<a class=\"moretag\" href=\"http:\/\/sindiquimicabr.com.br\/index.php\/2020\/10\/07\/previdencia-e-inss-alegam-dificuldades-para-implementar-telepericia\/\"> [&#8230;]<\/a><\/p>\n","protected":false},"author":2,"featured_media":6221,"comment_status":"closed","ping_status":"closed","sticky":false,"template":"","format":"standard","meta":[],"categories":[10],"tags":[],"_links":{"self":[{"href":"http:\/\/sindiquimicabr.com.br\/index.php\/wp-json\/wp\/v2\/posts\/6219"}],"collection":[{"href":"http:\/\/sindiquimicabr.com.br\/index.php\/wp-json\/wp\/v2\/posts"}],"about":[{"href":"http:\/\/sindiquimicabr.com.br\/index.php\/wp-json\/wp\/v2\/types\/post"}],"author":[{"embeddable":true,"href":"http:\/\/sindiquimicabr.com.br\/index.php\/wp-json\/wp\/v2\/users\/2"}],"replies":[{"embeddable":true,"href":"http:\/\/sindiquimicabr.com.br\/index.php\/wp-json\/wp\/v2\/comments?post=6219"}],"version-history":[{"count":1,"href":"http:\/\/sindiquimicabr.com.br\/index.php\/wp-json\/wp\/v2\/posts\/6219\/revisions"}],"predecessor-version":[{"id":6222,"href":"http:\/\/sindiquimicabr.com.br\/index.php\/wp-json\/wp\/v2\/posts\/6219\/revisions\/6222"}],"wp:featuredmedia":[{"embeddable":true,"href":"http:\/\/sindiquimicabr.com.br\/index.php\/wp-json\/wp\/v2\/media\/6221"}],"wp:attachment":[{"href":"http:\/\/sindiquimicabr.com.br\/index.php\/wp-json\/wp\/v2\/media?parent=6219"}],"wp:term":[{"taxonomy":"category","embeddable":true,"href":"http:\/\/sindiquimicabr.com.br\/index.php\/wp-json\/wp\/v2\/categories?post=6219"},{"taxonomy":"post_tag","embeddable":true,"href":"http:\/\/sindiquimicabr.com.br\/index.php\/wp-json\/wp\/v2\/tags?post=6219"}],"curies":[{"name":"wp","href":"https:\/\/api.w.org\/{rel}","templated":true}]}}