{"id":6244,"date":"2020-10-08T11:17:12","date_gmt":"2020-10-08T11:17:12","guid":{"rendered":"http:\/\/sindiquimicabr.com.br\/?p=6244"},"modified":"2020-10-08T11:25:10","modified_gmt":"2020-10-08T11:25:10","slug":"guedes-nega-que-auxilio-emergencial-sera-prorrogado","status":"publish","type":"post","link":"http:\/\/sindiquimicabr.com.br\/index.php\/2020\/10\/08\/guedes-nega-que-auxilio-emergencial-sera-prorrogado\/","title":{"rendered":"Guedes nega que aux\u00edlio emergencial ser\u00e1 prorrogado"},"content":{"rendered":"<h4 class=\"news-subheadline\">&#8220;N\u00e3o haver\u00e1 prorroga\u00e7\u00e3o do aux\u00edlio at\u00e9 junho de 2021. N\u00e3o existe articula\u00e7\u00e3o para isso&#8221;, afirmou a jornalistas<\/h4>\n<p><img decoding=\"async\" class=\"img-responsive  alignleft\" src=\"https:\/\/media-manager.noticiasaominuto.com.br\/1920\/naom_5f7ee8dcc1d29.jpg\" alt=\"Guedes nega que aux\u00edlio emergencial ser\u00e1 prorrogado\"><\/p>\n<p style=\"text-align: justify;\"><span class=\"news_capital_letter\">O<\/span> ministro da Economia, Paulo Guedes, disse ontem que \u00e9 &#8220;zero&#8221; a possibilidade de prorroga\u00e7\u00e3o do aux\u00edlio emergencial para 2021. &#8220;N\u00e3o haver\u00e1 prorroga\u00e7\u00e3o do aux\u00edlio at\u00e9 junho de 2021. N\u00e3o existe articula\u00e7\u00e3o para isso&#8221;, afirmou a jornalistas.<\/p>\n<p style=\"text-align: justify;\">Segundo ele, o benef\u00edcio a 67,7 milh\u00f5es de desempregados, informais e benefici\u00e1rios do Bolsa Fam\u00edlia acaba em dezembro deste ano, sem possibilidade ser prorrogado. Guedes chamou de descabidas informa\u00e7\u00f5es sobre uma poss\u00edvel extens\u00e3o da ajuda.<\/p>\n<p style=\"text-align: justify;\">&#8220;A posi\u00e7\u00e3o da presid\u00eancia da C\u00e2mara \u00e9 a mesma&#8221;, escreveu o deputado Rodrigo Maia (DEM-RJ) na sua conta no Twitter ao compartilhar uma reportagem sobre a fala do ministro.<\/p>\n<p style=\"text-align: justify;\">Mais cedo, o Ibovespa, da B3, a Bolsa paulista, descolou de Bolsas internacionais e passou a cair por causa de informa\u00e7\u00f5es de que o governo estava pensando prorrogar o benef\u00edcio. Os juros futuros tamb\u00e9m bateram m\u00e1xima. Depois do desmentido de Guedes, o Ibovespa virou e passou a subir.<\/p>\n<p style=\"text-align: justify;\">O aux\u00edlio emergencial foi criado originalmente para durar tr\u00eas meses (tendo como base os meses de abril, maio e junho). Depois, o governo prorrogou por duas parcelas (julho e agosto) por meio de um decreto. Para essas presta\u00e7\u00f5es, cada parcela foi de R$ 600. Depois, em mais uma prorroga\u00e7\u00e3o, at\u00e9 dezembro, o benef\u00edcio foi reduzido para R$ 300. Ao todo, o pagamento de todas as parcelas do aux\u00edlio emergencial est\u00e1 estimado em R$ 321,8 bilh\u00f5es neste ano.<\/p>\n<p style=\"text-align: justify;\"><strong>Novo programa<\/strong><\/p>\n<p style=\"text-align: justify;\">Uma defini\u00e7\u00e3o sobre o financiamento do programa social do governo Jair Bolsonaro que poder\u00e1 substituir o Bolsa Fam\u00edlia dever\u00e1 a ocorrer uma semana ap\u00f3s a elei\u00e7\u00f5es municipais, segundo a previs\u00e3o da equipe econ\u00f4mica.<\/p>\n<p style=\"text-align: justify;\">Apesar das discuss\u00f5es t\u00e9cnicas seguirem em curso tanto no Congresso quanto no Minist\u00e9rio da Economia, \u00e9 consenso que a solu\u00e7\u00e3o para o impasse do Renda Cidad\u00e3, anteriormente chamado de Renda Brasil, \u00e9 um decis\u00e3o pol\u00edtica que n\u00e3o ser\u00e1 tomada agora sob o risco de afetar interesses pol\u00edticos dos parlamentares aliados do governo envolvidos no debate.<\/p>\n<p style=\"text-align: justify;\">Integrantes do governo garantem que, apesar de esperar o &#8220;timing pol\u00edtico&#8221;, est\u00e1 descartada qualquer solu\u00e7\u00e3o para o programa que fure o teto de gastos, regra que limita o avan\u00e7o das despesas \u00e0 infla\u00e7\u00e3o. Entretanto, o Executivo afirma que, neste momento, n\u00e3o h\u00e1 como indicar como abrir\u00e1 espa\u00e7o no or\u00e7amento para bancar o programa.<\/p>\n<p style=\"text-align: justify;\">A decis\u00e3o, segundo fontes, \u00e9 do pr\u00f3prio presidente Jair Bolsonaro, que j\u00e1 comunicou a equipe que sem encontrar uma solu\u00e7\u00e3o para o financiamento do Renda Cidad\u00e3 dentro do teto o programa n\u00e3o sair\u00e1. Sem indicar uma fonte de recursos, o governo dever\u00e1 iniciar o ano com o Bolsa Fam\u00edlia.<\/p>\n<p style=\"text-align: justify;\">Ainda segundo fontes do governo, Bolsonaro se irritou com a discuss\u00e3o sobre o futuro do Renda Cidad\u00e3 porque, a pouco dia das elei\u00e7\u00f5es, viu no debate o uso pol\u00edtico do programa e determinou adiar a apresenta\u00e7\u00e3o.<\/p>\n<p style=\"text-align: justify;\">Na defini\u00e7\u00e3o de um integrante do Executivo, &#8220;a onda da elei\u00e7\u00e3o est\u00e1 engolindo todo mundo&#8221; e parlamentares neste momento est\u00e3o focados em sua bases eleitorais e, portanto, longe de Bras\u00edlia para votar o programa social de Bolsonaro.<\/p>\n<p style=\"text-align: justify;\">De acordo com fontes, o Renda Cidad\u00e3 j\u00e1 existe tecnicamente, mas falta a decis\u00e3o pol\u00edtica. At\u00e9 a ala pol\u00edtica der o ok, a Economia segue buscando o modelo de financiamento.<\/p>\n<p style=\"text-align: justify;\">As informa\u00e7\u00f5es s\u00e3o do jornal <strong>O Estado de S. Paulo.<\/strong><\/p>\n<p>&nbsp;<\/p>\n<p>Fonte: <a href=\"https:\/\/www.noticiasaominuto.com.br\/economia\/1693928\/guedes-nega-que-auxilio-emergencial-sera-prorrogado\">Noticias ao Minuto<\/a><\/p>\n","protected":false},"excerpt":{"rendered":"<p>&#8220;N\u00e3o haver\u00e1 prorroga\u00e7\u00e3o do aux\u00edlio at\u00e9 junho de 2021. N\u00e3o existe articula\u00e7\u00e3o para isso&#8221;, afirmou a jornalistas O ministro da Economia, Paulo Guedes, disse ontem que \u00e9 &#8220;zero&#8221; a possibilidade de prorroga\u00e7\u00e3o do aux\u00edlio emergencial para 2021. &#8220;N\u00e3o haver\u00e1 prorroga\u00e7\u00e3o do aux\u00edlio at\u00e9 junho de 2021. N\u00e3o existe articula\u00e7\u00e3o para isso&#8221;, afirmou a jornalistas. Segundo<a class=\"moretag\" href=\"http:\/\/sindiquimicabr.com.br\/index.php\/2020\/10\/08\/guedes-nega-que-auxilio-emergencial-sera-prorrogado\/\"> [&#8230;]<\/a><\/p>\n","protected":false},"author":2,"featured_media":6247,"comment_status":"closed","ping_status":"closed","sticky":false,"template":"","format":"standard","meta":[],"categories":[10],"tags":[],"_links":{"self":[{"href":"http:\/\/sindiquimicabr.com.br\/index.php\/wp-json\/wp\/v2\/posts\/6244"}],"collection":[{"href":"http:\/\/sindiquimicabr.com.br\/index.php\/wp-json\/wp\/v2\/posts"}],"about":[{"href":"http:\/\/sindiquimicabr.com.br\/index.php\/wp-json\/wp\/v2\/types\/post"}],"author":[{"embeddable":true,"href":"http:\/\/sindiquimicabr.com.br\/index.php\/wp-json\/wp\/v2\/users\/2"}],"replies":[{"embeddable":true,"href":"http:\/\/sindiquimicabr.com.br\/index.php\/wp-json\/wp\/v2\/comments?post=6244"}],"version-history":[{"count":1,"href":"http:\/\/sindiquimicabr.com.br\/index.php\/wp-json\/wp\/v2\/posts\/6244\/revisions"}],"predecessor-version":[{"id":6248,"href":"http:\/\/sindiquimicabr.com.br\/index.php\/wp-json\/wp\/v2\/posts\/6244\/revisions\/6248"}],"wp:featuredmedia":[{"embeddable":true,"href":"http:\/\/sindiquimicabr.com.br\/index.php\/wp-json\/wp\/v2\/media\/6247"}],"wp:attachment":[{"href":"http:\/\/sindiquimicabr.com.br\/index.php\/wp-json\/wp\/v2\/media?parent=6244"}],"wp:term":[{"taxonomy":"category","embeddable":true,"href":"http:\/\/sindiquimicabr.com.br\/index.php\/wp-json\/wp\/v2\/categories?post=6244"},{"taxonomy":"post_tag","embeddable":true,"href":"http:\/\/sindiquimicabr.com.br\/index.php\/wp-json\/wp\/v2\/tags?post=6244"}],"curies":[{"name":"wp","href":"https:\/\/api.w.org\/{rel}","templated":true}]}}