{"id":6618,"date":"2020-11-03T11:25:59","date_gmt":"2020-11-03T11:25:59","guid":{"rendered":"http:\/\/sindiquimicabr.com.br\/?p=6618"},"modified":"2020-11-03T11:32:41","modified_gmt":"2020-11-03T11:32:41","slug":"em-tentativa-de-melhorar-imagem-do-pais-mourao-ira-a-amazonia-com-embaixadores","status":"publish","type":"post","link":"http:\/\/sindiquimicabr.com.br\/index.php\/2020\/11\/03\/em-tentativa-de-melhorar-imagem-do-pais-mourao-ira-a-amazonia-com-embaixadores\/","title":{"rendered":"Em tentativa de melhorar imagem do Pa\u00eds, Mour\u00e3o ir\u00e1 \u00e0 Amaz\u00f4nia com embaixadores"},"content":{"rendered":"<h4 class=\"news-subheadline\" style=\"text-align: justify;\">Em setembro, oito pa\u00edses europeus enviaram ao vice-presidente brasileiro uma carta em que diziam que a &#8220;tend\u00eancia crescente de deflorestamento no Brasil&#8221; estaria dificultando a compra de produtos brasileiros por consumidores daquele continente<\/h4>\n<p style=\"text-align: justify;\"><a href=\"http:\/\/sindiquimicabr.com.br\/wp\/wp-content\/uploads\/2020\/11\/Em-tentativa-de-melhorar-imagem-do-Pa\u00eds-Mour\u00e3o-ir\u00e1-\u00e0-Amaz\u00f4nia-com-embaixadores-1.jpg\"><img decoding=\"async\" loading=\"lazy\" class=\"alignleft size-full wp-image-6620\" src=\"http:\/\/sindiquimicabr.com.br\/wp\/wp-content\/uploads\/2020\/11\/Em-tentativa-de-melhorar-imagem-do-Pa\u00eds-Mour\u00e3o-ir\u00e1-\u00e0-Amaz\u00f4nia-com-embaixadores-1.jpg\" alt=\"\" width=\"1920\" height=\"1080\" srcset=\"http:\/\/sindiquimicabr.com.br\/wp\/wp-content\/uploads\/2020\/11\/Em-tentativa-de-melhorar-imagem-do-Pa\u00eds-Mour\u00e3o-ir\u00e1-\u00e0-Amaz\u00f4nia-com-embaixadores-1.jpg 1920w, http:\/\/sindiquimicabr.com.br\/wp\/wp-content\/uploads\/2020\/11\/Em-tentativa-de-melhorar-imagem-do-Pa\u00eds-Mour\u00e3o-ir\u00e1-\u00e0-Amaz\u00f4nia-com-embaixadores-1-300x169.jpg 300w, http:\/\/sindiquimicabr.com.br\/wp\/wp-content\/uploads\/2020\/11\/Em-tentativa-de-melhorar-imagem-do-Pa\u00eds-Mour\u00e3o-ir\u00e1-\u00e0-Amaz\u00f4nia-com-embaixadores-1-1024x576.jpg 1024w, http:\/\/sindiquimicabr.com.br\/wp\/wp-content\/uploads\/2020\/11\/Em-tentativa-de-melhorar-imagem-do-Pa\u00eds-Mour\u00e3o-ir\u00e1-\u00e0-Amaz\u00f4nia-com-embaixadores-1-768x432.jpg 768w, http:\/\/sindiquimicabr.com.br\/wp\/wp-content\/uploads\/2020\/11\/Em-tentativa-de-melhorar-imagem-do-Pa\u00eds-Mour\u00e3o-ir\u00e1-\u00e0-Amaz\u00f4nia-com-embaixadores-1-1536x864.jpg 1536w\" sizes=\"(max-width: 1920px) 100vw, 1920px\" \/><\/a><\/p>\n<p style=\"text-align: justify;\"><span class=\"news_capital_letter\">N<\/span>a tentativa de melhorar a imagem do Brasil no exterior, o vice-presidente da Rep\u00fablica, Hamilton Mour\u00e3o, levar\u00e1 nesta semana embaixadores para sobrevoar a Amaz\u00f4nia e visitar de zool\u00f3gico e laborat\u00f3rio ao Encontro das \u00c1guas, fen\u00f4meno natural que acontece quando a \u00e1gua escura do Rio Negro alcan\u00e7a as \u00e1guas barrentas do Solim\u00f5es.<\/p>\n<p style=\"text-align: justify;\">Depois da cobran\u00e7a de pa\u00edses europeus por a\u00e7\u00f5es para reduzir o desmatamento na regi\u00e3o, a viagem de tr\u00eas dias \u00e9 vista pelo governo brasileiro como uma oportunidade de &#8220;apresentar a Amaz\u00f4nia&#8221; aos representantes desses pa\u00edses. Apesar do aumento no n\u00famero de queimadas na floresta e no Pantanal, o governo do presidente Jair Bolsonaro atribui as cr\u00edticas estrangeiras ao desconhecimento da realidade brasileira.<\/p>\n<p style=\"text-align: justify;\">Os embaixadores s\u00e3o principalmente da Europa, que n\u00e3o t\u00eam o conhecimento pleno de como a vida na Amaz\u00f4nia prossegue, de como o ribeirinho ganha seu p\u00e3o di\u00e1rio, e agora ter\u00e3o oportunidade de ver isso com os seus pr\u00f3prios olhos e, a partir da\u00ed, tirar suas pr\u00f3prias conclus\u00f5es&#8221;, afirmou Mour\u00e3o, em entrevista a um programa de r\u00e1dio produzido pela vice-presid\u00eancia.<\/p>\n<p style=\"text-align: justify;\">&#8220;A iniciativa tem por objetivo mostrar n\u00e3o s\u00f3 \u00e0 comunidade internacional, mas tamb\u00e9m \u00e0 comunidade brasileira, que a nossa Amaz\u00f4nia continua pujante e preservada e que a sua complexidade ambiental e humana n\u00e3o permite entendimento equivocado e gen\u00e9rico da regi\u00e3o&#8221;, completou Mour\u00e3o.<\/p>\n<p style=\"text-align: justify;\">Em setembro, oito pa\u00edses europeus enviaram ao vice-presidente brasileiro uma carta em que diziam que a &#8220;tend\u00eancia crescente de deflorestamento no Brasil&#8221; estaria dificultando a compra de produtos brasileiros por consumidores daquele continente. Depois disso, Bolsonaro chegou a dizer que diplomatas estrangeiros n\u00e3o v\u00e3o encontrar &#8220;nada queimando ou sequer um hectare de selva devastada&#8221; na Amaz\u00f4nia, mas Mour\u00e3o admitiu que o governo brasileiro precisava apresentar &#8220;melhores resultados&#8221;.<\/p>\n<p style=\"text-align: justify;\"><strong>Visita<\/strong><\/p>\n<p style=\"text-align: justify;\">Devem participar da comitiva chefes de miss\u00f5es diplom\u00e1ticas da Uni\u00e3o Europeia, Reino Unido, Fran\u00e7a, Espanha, Portugal, Su\u00e9cia e Alemanha, al\u00e9m de embaixadores do Canad\u00e1, \u00c1frica do Sul, Peru e Col\u00f4mbia, e de representante da Organiza\u00e7\u00e3o do Tratado de Coopera\u00e7\u00e3o Amaz\u00f4nica (OTCA). Al\u00e9m de Mour\u00e3o, acompanham, pelo lado brasileiro, cinco ministros: do Meio Ambiente, Ricardo Salles; das Rela\u00e7\u00f5es Exteriores, Ernesto Ara\u00fajo; da Agricultura, Tereza Cristina; do Gabinete de Seguran\u00e7a Institucional, Augusto Heleno; e de um representante do Minist\u00e9rio da Sa\u00fade &#8211; o titular, Eduardo Pazuello, segue internado at\u00e9 esta segunda-feira, 2, em tratamento ap\u00f3s contrair covid-19.<\/p>\n<p style=\"text-align: justify;\">Mesmo depois de Bolsonaro ter minimizado em v\u00e1rias ocasi\u00f5es a pandemia do coronav\u00edrus, a possibilidade de contamina\u00e7\u00e3o durante a visita \u00e9 uma das preocupa\u00e7\u00f5es, principalmente depois de os casos no Amazonas terem apresentado alta nas \u00faltimas semanas. Todos os integrantes da comitiva far\u00e3o teste de covid-19 antes de embarcar e, de acordo com a vice-presid\u00eancia, seguir\u00e3o protocolos como uso de m\u00e1scara e \u00e1lcool em gel.<\/p>\n<p style=\"text-align: justify;\">Ser\u00e1 feito um sobrevoo na regi\u00e3o sul do Par\u00e1, sobre munic\u00edpios como Novo Progresso e Castelo dos Sonhos. As atividades em solo ser\u00e3o em Manaus e S\u00e3o Gabriel da Cachoeira (AM), e haver\u00e1 ainda uma visita ao 5\u00ba Pelot\u00e3o Especial de Fronteira na comunidade de Maturac\u00e1 (AM), junto ao Pico da Neblina, na fronteira com a Venezuela.<\/p>\n<p style=\"text-align: justify;\">Na quarta-feira, os embaixadores visitar\u00e3o o zool\u00f3gico do Centro de Instru\u00e7\u00e3o de Guerra na Selva (CIGS) do Ex\u00e9rcito e o Centro Gestor e Operacional do Sistema de Prote\u00e7\u00e3o da Amaz\u00f4nia (CENSIPAM), em Manaus.<\/p>\n<p style=\"text-align: justify;\">Na quinta, ainda na capital amazonense, a comitiva conhecer\u00e1 o laborat\u00f3rio modelo de investiga\u00e7\u00e3o de crime ambiental da Pol\u00edcia Federal e um Projeto Integrado de Coloniza\u00e7\u00e3o do Incra, al\u00e9m do famoso Encontro das \u00c1guas.<\/p>\n<p style=\"text-align: justify;\">Na sexta-feira, os representantes estrangeiros visitam o pelot\u00e3o de fronteira em Maturac\u00e1 e participam de uma formatura na 2\u00aa Brigada de Infantaria de Selva, em S\u00e3o Gabriel da Cachoeira, onde tamb\u00e9m conhecer\u00e3o uma Casa de Apoio \u00e0 Sa\u00fade Ind\u00edgena.<\/p>\n<p style=\"text-align: justify;\">Fonte: <a href=\"https:\/\/www.noticiasaominuto.com.br\/ultima-hora\/1733005\/em-tentativa-de-melhorar-imagem-do-pais-mourao-ira-a-amazonia-com-embaixadores\" target=\"_blank\" rel=\"noopener noreferrer\">Not\u00edcias ao Minuto<\/a><\/p>\n","protected":false},"excerpt":{"rendered":"<p>Em setembro, oito pa\u00edses europeus enviaram ao vice-presidente brasileiro uma carta em que diziam que a &#8220;tend\u00eancia crescente de deflorestamento no Brasil&#8221; estaria dificultando a compra de produtos brasileiros por consumidores daquele continente Na tentativa de melhorar a imagem do Brasil no exterior, o vice-presidente da Rep\u00fablica, Hamilton Mour\u00e3o, levar\u00e1 nesta semana embaixadores para sobrevoar<a class=\"moretag\" href=\"http:\/\/sindiquimicabr.com.br\/index.php\/2020\/11\/03\/em-tentativa-de-melhorar-imagem-do-pais-mourao-ira-a-amazonia-com-embaixadores\/\"> [&#8230;]<\/a><\/p>\n","protected":false},"author":2,"featured_media":6620,"comment_status":"closed","ping_status":"closed","sticky":false,"template":"","format":"standard","meta":[],"categories":[9],"tags":[],"_links":{"self":[{"href":"http:\/\/sindiquimicabr.com.br\/index.php\/wp-json\/wp\/v2\/posts\/6618"}],"collection":[{"href":"http:\/\/sindiquimicabr.com.br\/index.php\/wp-json\/wp\/v2\/posts"}],"about":[{"href":"http:\/\/sindiquimicabr.com.br\/index.php\/wp-json\/wp\/v2\/types\/post"}],"author":[{"embeddable":true,"href":"http:\/\/sindiquimicabr.com.br\/index.php\/wp-json\/wp\/v2\/users\/2"}],"replies":[{"embeddable":true,"href":"http:\/\/sindiquimicabr.com.br\/index.php\/wp-json\/wp\/v2\/comments?post=6618"}],"version-history":[{"count":1,"href":"http:\/\/sindiquimicabr.com.br\/index.php\/wp-json\/wp\/v2\/posts\/6618\/revisions"}],"predecessor-version":[{"id":6621,"href":"http:\/\/sindiquimicabr.com.br\/index.php\/wp-json\/wp\/v2\/posts\/6618\/revisions\/6621"}],"wp:featuredmedia":[{"embeddable":true,"href":"http:\/\/sindiquimicabr.com.br\/index.php\/wp-json\/wp\/v2\/media\/6620"}],"wp:attachment":[{"href":"http:\/\/sindiquimicabr.com.br\/index.php\/wp-json\/wp\/v2\/media?parent=6618"}],"wp:term":[{"taxonomy":"category","embeddable":true,"href":"http:\/\/sindiquimicabr.com.br\/index.php\/wp-json\/wp\/v2\/categories?post=6618"},{"taxonomy":"post_tag","embeddable":true,"href":"http:\/\/sindiquimicabr.com.br\/index.php\/wp-json\/wp\/v2\/tags?post=6618"}],"curies":[{"name":"wp","href":"https:\/\/api.w.org\/{rel}","templated":true}]}}